{"id":364944,"date":"2025-09-04T05:32:14","date_gmt":"2025-09-04T05:32:14","guid":{"rendered":"https:\/\/www.europesays.com\/fr\/364944\/"},"modified":"2025-09-04T05:32:14","modified_gmt":"2025-09-04T05:32:14","slug":"nice-rentree-scolaire-amelioration-de-la-ventilation-des-classes","status":"publish","type":"post","link":"https:\/\/www.europesays.com\/fr\/364944\/","title":{"rendered":"NICE : Rentr\u00e9e scolaire, am\u00e9lioration de la ventilation des classes"},"content":{"rendered":"<p style=\"text-align: left;\"><strong>Christian Estrosi,\u00a0Maire de Nice, Pr\u00e9sident de la M\u00e9tropole Nice C\u00f4te d\u2019Azur,\u00a0est all\u00e9 \u00e0 la rencontre des \u00e9l\u00e8ves et des personnels municipaux et de l\u2019Education Nationale de l\u2019\u00e9cole\u00a0primaire Rancher pour leur souhaiter une bonne rentr\u00e9e. Il s\u2019est ensuite rendu \u00e0 l\u2019\u00e9cole priv\u00e9e sous contrat Regina Coeli.<\/strong><\/p>\n<p style=\"text-align: left;\">En amont de ces visites, le Maire a tenu un point presse au CSU, dans la salle d\u00e9di\u00e9e \u00e0 la surveillance des \u00e9coles. Il a annonc\u00e9 la pr\u00e9sentation et le lancement dans les prochains jours d\u2019une application, WARY ME, visant \u00e0 renforcer la transmission d\u2019informations au sein des \u00e9coles. Celle-ci vient juste d\u2019\u00eatre valid\u00e9e par la CNIL.<\/p>\n<p style=\"text-align: left;\">Travaux, verdissement des cours, culture, sant\u00e9, sport, inclusion\u2026 dans tous les domaines, la Ville agit pour que les \u00e9l\u00e8ves et les personnels municipaux et de l\u2019Education Nationale travaillent et s\u2019\u00e9panouissent dans les meilleures conditions dans les \u00e9coles de Nice.<\/p>\n<p style=\"text-align: left;\"><strong>A un environnement respectueux de leur sant\u00e9<\/strong><\/p>\n<p style=\"text-align: left;\">La ville de Nice \u0153uvre au quotidien pour la sant\u00e9 des Ni\u00e7oises et des Ni\u00e7ois et particuli\u00e8rement des plus jeunes. Par le biais de nombreuses mesures, la municipalit\u00e9 am\u00e9liore le cadre de vie des \u00e9coliers.<\/p>\n<p style=\"text-align: left;\"><strong>Am\u00e9lioration de la ventilation des classes<\/strong><\/p>\n<p style=\"text-align: left;\">Cet \u00e9t\u00e9, des ventilateurs de plafond ont \u00e9t\u00e9 install\u00e9s dans 20 classes pour un co\u00fbt global de 68 000 \u20ac : maternelles Digue des Fran\u00e7ais 2, St Charles et St Sylvestre et \u00e9l\u00e9mentaire Jean Moulin.<\/p>\n<p style=\"text-align: left;\">A noter que :<\/p>\n<p style=\"text-align: left;\">\u2013 Chacune des 149 \u00e9coles dispose d\u2019au moins d\u2019une salle climatis\u00e9e permettant aux \u00e9l\u00e8ves de se rafra\u00eechir.<\/p>\n<p style=\"text-align: left;\">\u2013 Les dortoirs des \u00e9coles maternelles sont climatis\u00e9s.<\/p>\n<p style=\"text-align: left;\">\u2013 Toutes les \u00e9coles poss\u00e8dent des brumisateurs dans les cours.<\/p>\n<p style=\"text-align: left;\">\u2013 Des ventilateurs de plafond ont \u00e9t\u00e9 install\u00e9s dans de nombreuses classes. La Ville poursuit ce plan.<\/p>\n<p style=\"text-align: left;\">\u2013 La plupart des \u00e9coles dont les classes sont les plus expos\u00e9es aux rayons de soleil sont dot\u00e9es de climatisations.<\/p>\n<p style=\"text-align: left;\">\u2013 Des ventilateurs d\u2019appoint ont \u00e9t\u00e9\/sont livr\u00e9s \u00e0 la demande des directeurs d\u2019\u00e9cole. 525 ont \u00e9t\u00e9 distribu\u00e9s en juin dernier, 500 suppl\u00e9mentaires sont livr\u00e9s pour cette rentr\u00e9e.<\/p>\n<p style=\"text-align: left;\"><strong>SOURCE : Rentr\u00e9e scolaire dans les \u00e9coles de la Ville de Nice. <\/strong><\/p>\n","protected":false},"excerpt":{"rendered":"Christian Estrosi,\u00a0Maire de Nice, Pr\u00e9sident de la M\u00e9tropole Nice C\u00f4te d\u2019Azur,\u00a0est all\u00e9 \u00e0 la rencontre des \u00e9l\u00e8ves et&hellip;\n","protected":false},"author":2,"featured_media":362189,"comment_status":"","ping_status":"","sticky":false,"template":"","format":"standard","meta":{"footnotes":""},"categories":[2819],"tags":[1111,11,1777,674,1011,27,12,2401,882,25],"class_list":{"0":"post-364944","1":"post","2":"type-post","3":"status-publish","4":"format-standard","5":"has-post-thumbnail","7":"category-nice","8":"tag-actu","9":"tag-actualites","10":"tag-eu","11":"tag-europe","12":"tag-fr","13":"tag-france","14":"tag-news","15":"tag-nice","16":"tag-provence-alpes-cote-dazur","17":"tag-republique-francaise"},"share_on_mastodon":{"url":"https:\/\/pubeurope.com\/@fr\/115144395634824835","error":""},"_links":{"self":[{"href":"https:\/\/www.europesays.com\/fr\/wp-json\/wp\/v2\/posts\/364944","targetHints":{"allow":["GET"]}}],"collection":[{"href":"https:\/\/www.europesays.com\/fr\/wp-json\/wp\/v2\/posts"}],"about":[{"href":"https:\/\/www.europesays.com\/fr\/wp-json\/wp\/v2\/types\/post"}],"author":[{"embeddable":true,"href":"https:\/\/www.europesays.com\/fr\/wp-json\/wp\/v2\/users\/2"}],"replies":[{"embeddable":true,"href":"https:\/\/www.europesays.com\/fr\/wp-json\/wp\/v2\/comments?post=364944"}],"version-history":[{"count":0,"href":"https:\/\/www.europesays.com\/fr\/wp-json\/wp\/v2\/posts\/364944\/revisions"}],"wp:featuredmedia":[{"embeddable":true,"href":"https:\/\/www.europesays.com\/fr\/wp-json\/wp\/v2\/media\/362189"}],"wp:attachment":[{"href":"https:\/\/www.europesays.com\/fr\/wp-json\/wp\/v2\/media?parent=364944"}],"wp:term":[{"taxonomy":"category","embeddable":true,"href":"https:\/\/www.europesays.com\/fr\/wp-json\/wp\/v2\/categories?post=364944"},{"taxonomy":"post_tag","embeddable":true,"href":"https:\/\/www.europesays.com\/fr\/wp-json\/wp\/v2\/tags?post=364944"}],"curies":[{"name":"wp","href":"https:\/\/api.w.org\/{rel}","templated":true}]}}