{"id":364945,"date":"2025-09-04T05:33:10","date_gmt":"2025-09-04T05:33:10","guid":{"rendered":"https:\/\/www.europesays.com\/fr\/364945\/"},"modified":"2025-09-04T05:33:10","modified_gmt":"2025-09-04T05:33:10","slug":"leur-film-etudiant-est-recompense-lors-dun-prestigieux-festival-international","status":"publish","type":"post","link":"https:\/\/www.europesays.com\/fr\/364945\/","title":{"rendered":"leur film \u00e9tudiant est r\u00e9compens\u00e9 lors d&rsquo;un prestigieux festival international"},"content":{"rendered":"<p>            Par<br \/>\n        <strong><br \/>\n            <a href=\"https:\/\/actu.fr\/auteur\/thomas-bernard\" title=\"Consulter tous les articles de Thomas Bernard\" target=\"_blank\" rel=\"noopener\">Thomas Bernard<\/a><br \/>\n        <\/strong><\/p>\n<p>        Publi\u00e9 le<\/p>\n<p>            4 sept. 2025 \u00e0 7h16        <\/p>\n<p>En juillet dernier, le festival du <a href=\"https:\/\/www.cartoonclubrimini.com\/en\/home-2024-3\/\" target=\"_blank\" rel=\"noopener\">Cartoon Club Rimini 2025<\/a> a eu lieu en Italie. Ce concours international est une r\u00e9f\u00e9rence de l\u2019animation, de la bande dessin\u00e9e et de la pop culture en Italie.<\/p>\n<p class=\" wall-content\">Des \u00e9tudiants de l\u2019\u00c9cole sup\u00e9rieure des m\u00e9tiers artistiques (ESMA) de Nantes ont \u00e9t\u00e9 r\u00e9compens\u00e9s lors de ce festival pour leur court-m\u00e9trage intitul\u00e9 \u00ab<strong>\u2009REVEN\u2009\u00bb<\/strong>. Le film a d\u00e9croch\u00e9 <strong>le Prix Signor Rossi Audience Award<\/strong> ainsi qu\u2019une Mention Honorable pour le Signor Rossi Award.<\/p>\n<p class=\" wall-content\">Un travail r\u00e9alis\u00e9 par huit \u00e9tudiants\u2009: <strong>Hugo Babey<\/strong>, <strong>Victor Barreau<\/strong>, <strong>Line Bossard<\/strong>, <strong>Chlo\u00e9 Hurard<\/strong>, <strong>Coralie Monnier<\/strong>, <strong>Mathilde Morin<\/strong>, <strong>L\u00e8na Ripoche<\/strong> et <strong>Tanguy Salaun<\/strong>.<\/p>\n<p>L\u2019histoire d\u2019une petite fille de 10\u00a0ans<\/p>\n<p class=\" wall-content\">\u00c0 travers l\u2019histoire d\u2019une fillette de 10\u00a0ans <strong>n\u00e9e la t\u00eate pench\u00e9e<\/strong>, le film REVEN \u00e9voque les th\u00e8mes du handicap, du regard des autres et de la qu\u00eate de reconnaissance. \u00ab\u00a0Lorsque son professeur doute de ses capacit\u00e9s, l\u2019enfant se fixe un d\u00e9fi\u2009: appara\u00eetre droite sur la<br \/>photo de classe\u00a0\u00bb, d\u00e9taille l\u2019ESMA Nantes dans un communiqu\u00e9 de presse transmis \u00e0 la r\u00e9daction.<\/p>\n<p class=\" wall-content\">\n<p>Un travail r\u00e9compens\u00e9 \u00e0 plusieurs reprises<\/p>\n<p class=\" wall-content\">Outre cette r\u00e9compense italienne, le film Reven a obtenu plusieurs distinctions\u2009:<\/p>\n<ul class=\" wall-content\">\n<li>le 1er prix cat\u00e9gorie Enfant au Festival Cin\u00e9ma for Change (France),<\/li>\n<li>le Prix de la Ville du Puy et de l\u2019Agglo au festival Court mais bon (France),<\/li>\n<li>le Best Animated Short Sub12 (Espagne),<\/li>\n<li>un prix au KidFestival (France).<\/li>\n<\/ul>\n<p class=\" wall-content\">De plus, le court-m\u00e9trage des \u00e9tudiants nantais est aussi en course pour d\u2019autres festivals internationaux, dont <strong>certains sont qualificatifs pour les Oscars<\/strong>.<\/p>\n<p class=\" wall-content\">Personnalisez votre actualit\u00e9 en ajoutant vos villes et m\u00e9dias en favori avec <a href=\"https:\/\/moncompte.actu.fr\" title=\"D\u00e9couvez Mon Actu\" rel=\"nofollow noopener\" data-trk=\"{&quot;cta&quot;:{&quot;action&quot;:&quot;https:\\\/\\\/moncompte.actu.fr&quot;,&quot;category&quot;:&quot;mon compte&quot;,&quot;from&quot;:&quot;article footer&quot;,&quot;name&quot;:&quot;Mon actu&quot;,&quot;type&quot;:&quot;cta&quot;}}\" target=\"_blank\">Mon Actu<\/a>.<\/p>\n","protected":false},"excerpt":{"rendered":"Par Thomas Bernard Publi\u00e9 le 4 sept. 2025 \u00e0 7h16 En juillet dernier, le festival du Cartoon Club&hellip;\n","protected":false},"author":2,"featured_media":364946,"comment_status":"","ping_status":"","sticky":false,"template":"","format":"standard","meta":{"footnotes":""},"categories":[2818],"tags":[1111,11,13153,650,1777,674,1011,27,766,12,2636,25,104],"class_list":{"0":"post-364945","1":"post","2":"type-post","3":"status-publish","4":"format-standard","5":"has-post-thumbnail","7":"category-nantes","8":"tag-actu","9":"tag-actualites","10":"tag-bande-dessinee","11":"tag-cinema","12":"tag-eu","13":"tag-europe","14":"tag-fr","15":"tag-france","16":"tag-nantes","17":"tag-news","18":"tag-pays-de-la-loire","19":"tag-republique-francaise","20":"tag-societe"},"share_on_mastodon":{"url":"https:\/\/pubeurope.com\/@fr\/115144399507831797","error":""},"_links":{"self":[{"href":"https:\/\/www.europesays.com\/fr\/wp-json\/wp\/v2\/posts\/364945","targetHints":{"allow":["GET"]}}],"collection":[{"href":"https:\/\/www.europesays.com\/fr\/wp-json\/wp\/v2\/posts"}],"about":[{"href":"https:\/\/www.europesays.com\/fr\/wp-json\/wp\/v2\/types\/post"}],"author":[{"embeddable":true,"href":"https:\/\/www.europesays.com\/fr\/wp-json\/wp\/v2\/users\/2"}],"replies":[{"embeddable":true,"href":"https:\/\/www.europesays.com\/fr\/wp-json\/wp\/v2\/comments?post=364945"}],"version-history":[{"count":0,"href":"https:\/\/www.europesays.com\/fr\/wp-json\/wp\/v2\/posts\/364945\/revisions"}],"wp:featuredmedia":[{"embeddable":true,"href":"https:\/\/www.europesays.com\/fr\/wp-json\/wp\/v2\/media\/364946"}],"wp:attachment":[{"href":"https:\/\/www.europesays.com\/fr\/wp-json\/wp\/v2\/media?parent=364945"}],"wp:term":[{"taxonomy":"category","embeddable":true,"href":"https:\/\/www.europesays.com\/fr\/wp-json\/wp\/v2\/categories?post=364945"},{"taxonomy":"post_tag","embeddable":true,"href":"https:\/\/www.europesays.com\/fr\/wp-json\/wp\/v2\/tags?post=364945"}],"curies":[{"name":"wp","href":"https:\/\/api.w.org\/{rel}","templated":true}]}}