{"id":364947,"date":"2025-09-04T05:34:11","date_gmt":"2025-09-04T05:34:11","guid":{"rendered":"https:\/\/www.europesays.com\/fr\/364947\/"},"modified":"2025-09-04T05:34:11","modified_gmt":"2025-09-04T05:34:11","slug":"la-ville-de-nantes-accueille-390-nouveaux-visages-du-commerce","status":"publish","type":"post","link":"https:\/\/www.europesays.com\/fr\/364947\/","title":{"rendered":"La ville de Nantes accueille 390 nouveaux visages du commerce"},"content":{"rendered":"<p>Cent quarante-cinq des trois cent quatre-vingt-dix\u00a0nouveaux commer\u00e7ants install\u00e9s \u00e0 Nantes ces douze derniers mois ont \u00e9t\u00e9 re\u00e7us lundi 25\u00a0ao\u00fbt \u00e0 l\u2019H\u00f4tel de ville.<\/p>\n<p>                                                <img decoding=\"async\" loading=\"lazy\" src=\"https:\/\/www.europesays.com\/fr\/wp-content\/uploads\/2025\/09\/CommercantsNantesIJweb-760x396-c-default.jpg\"   width=\"760\" height=\"396\" alt=\"145 commer\u00e7ants nouvellement install\u00e9s \u00e0 Nantes ont \u00e9t\u00e9 accueillis \u00e0 l'H\u00f4tel de Ville\" aria-describedby=\"caption-post-160836\"\/><\/p>\n<p id=\"caption-attachment-160836\" class=\"wp-caption-text\">145 commer\u00e7ants nouvellement install\u00e9s \u00e0 Nantes ont \u00e9t\u00e9 accueillis \u00e0 l&rsquo;H\u00f4tel de Ville ERIC CABANAS &#8211; IJ<\/p>\n<p>Pour la quatri\u00e8me ann\u00e9e cons\u00e9cutive, la Ville de Nantes a organis\u00e9 une r\u00e9ception en l\u2019honneur des nouveaux commer\u00e7ants de la commune. Cent quarante-cinq d\u2019entre eux ont r\u00e9pondu \u00e0 l\u2019invitation de Johanna Rolland, maire et pr\u00e9sidente de la M\u00e9tropole. Au total, 390 commerces ont \u00e9t\u00e9 officiellement recens\u00e9s sur un an par la Chambre de commerce et d\u2019industrie. Des installations un peu plus nombreuses qu\u2019en 2024, mais en retrait par rapport \u00e0 2023, dans un contexte o\u00f9 le taux de vacance des pas-de-porte \u2014 l\u2019un des plus bas des grandes villes fran\u00e7aises \u2014 est pass\u00e9 de 6,1\u00a0% \u00e0 6,3\u00a0% au dernier trimestre.<\/p>\n<p>La Ville de Nantes a r\u00e9cemment lanc\u00e9 un programme de soutien \u00e0 l\u2019installation dans les locaux vacants, proposant notamment une aide aux loyers. \u00ab\u00a0Les premiers dossiers aboutissent et, parall\u00e8lement, nous avons men\u00e9 tout l\u2019\u00e9t\u00e9 des op\u00e9rations rues propres\u00a0\u00bb, souligne Gildas Sala\u00fcn, adjoint au maire en charge du commerce et du centre-ville. L\u2019\u00e9lu observe la lente progression du secteur de la restauration et rappelle que Nantes se distingue par la forte pr\u00e9sence de commerces ind\u00e9pendants, qui repr\u00e9sentent environ deux tiers des boutiques. Il met aussi en avant l\u2019installation de nouveaux concepts, comme la premi\u00e8re boutique en France de l\u2019enseigne n\u00e9erlandaise \u00ab\u00a0Dille &amp; Kamille\u00a0\u00bb, sp\u00e9cialis\u00e9e dans les produits pour la maison et le jardin (2, rue Boileau), ou encore l\u2019ouverture en septembre rue Contrescarpe du \u00ab\u00a0Mus\u00e9e de l\u2019Illusion\u00a0\u00bb, concept de loisirs d\u00e9j\u00e0 pr\u00e9sent dans vingt-huit pays.<\/p>\n<p>\u00ab\u00a0Le commerce de proximit\u00e9, \u00e9l\u00e9ment de fiert\u00e9 et d\u2019identit\u00e9\u00a0\u00bb<\/p>\n<p>\u00ab\u00a0Nous avons la chance de conserver une des villes les plus dynamiques de notre pays avec 3\u00a0000 nouveaux habitants chaque ann\u00e9e. Le rapport au commerce de proximit\u00e9 est l\u2019un des \u00e9l\u00e9ments de fiert\u00e9 et d\u2019identit\u00e9 partag\u00e9e pour notre ville, nous y sommes donc tr\u00e8s attach\u00e9s\u00a0\u00bb, assure Johanna Rolland. Et d\u2019ajouter\u00a0: \u00ab\u00a0Notre travail, \u00e9lu et \u00e9quipe municipale, est de proposer, imaginer, construire une ville favorable \u00e0 cet enjeu strat\u00e9gique qu\u2019est le commerce. Ce sont aussi les questions de propret\u00e9. Et quand des sujets sont mis sur la table, comme celui du march\u00e9 de Talensac, nous cherchons des r\u00e9ponses avec celles et ceux qui se pr\u00e9occupent de l\u2019int\u00e9r\u00eat g\u00e9n\u00e9ral.\u00a0\u00bb<\/p>\n<p>Sur la question des mobilit\u00e9s, la maire a \u00e9voqu\u00e9 les investissements dans les transports en commun et les impacts des travaux, qui peuvent apporter \u00ab\u00a0une complexit\u00e9\u00a0\u00bb pour certains commer\u00e7ants. \u00ab\u00a0Si l\u2019on veut que notre ville continue d\u2019\u00eatre dynamique et qualitative, il faut en prendre soin et ne pas avoir de position d\u00e9fensive ou de repli.\u00a0\u00bb<\/p>\n<p>Elle a enfin pr\u00e9sent\u00e9 les grandes lignes du nouveau plan commerce, qui comprend plusieurs dispositifs\u00a0: \u00e9largissement de la p\u00e9riode des terrasses estivales, mise \u00e0 disposition d\u2019un nouvel outil pour les commer\u00e7ants avec la charte devanture et enseigne. Celle-ci propose une synth\u00e8se illustr\u00e9e des r\u00e8glements en vigueur, assortie de pr\u00e9conisations en mati\u00e8re d\u2019agencement, de mat\u00e9riaux et de couleurs, afin de \u00ab\u00a0valoriser, moderniser et renforcer l\u2019attractivit\u00e9 des rez-de-chauss\u00e9e commerciaux, tout en affirmant l\u2019identit\u00e9 et le patrimoine du centre-ville\u00a0\u00bb.<\/p>\n<p>Lire aussi :\u00a0<a style=\"color: #0000ff;\" href=\"https:\/\/www.informateurjudiciaire.fr\/actualites\/un-nouveau-site-internet-pour-les-commercants-nantais\/\" target=\"_blank\" rel=\"noopener nofollow\"><strong>Un nouveau site internet pour les commer\u00e7ants nantais<\/strong><\/a><\/p>\n<p>\u00a0<\/p>\n","protected":false},"excerpt":{"rendered":"Cent quarante-cinq des trois cent quatre-vingt-dix\u00a0nouveaux commer\u00e7ants install\u00e9s \u00e0 Nantes ces douze derniers mois ont \u00e9t\u00e9 re\u00e7us lundi&hellip;\n","protected":false},"author":2,"featured_media":364948,"comment_status":"","ping_status":"","sticky":false,"template":"","format":"standard","meta":{"footnotes":""},"categories":[2818],"tags":[1111,11,1777,674,1011,27,766,12,2636,25],"class_list":{"0":"post-364947","1":"post","2":"type-post","3":"status-publish","4":"format-standard","5":"has-post-thumbnail","7":"category-nantes","8":"tag-actu","9":"tag-actualites","10":"tag-eu","11":"tag-europe","12":"tag-fr","13":"tag-france","14":"tag-nantes","15":"tag-news","16":"tag-pays-de-la-loire","17":"tag-republique-francaise"},"share_on_mastodon":{"url":"https:\/\/pubeurope.com\/@fr\/115144403911020526","error":""},"_links":{"self":[{"href":"https:\/\/www.europesays.com\/fr\/wp-json\/wp\/v2\/posts\/364947","targetHints":{"allow":["GET"]}}],"collection":[{"href":"https:\/\/www.europesays.com\/fr\/wp-json\/wp\/v2\/posts"}],"about":[{"href":"https:\/\/www.europesays.com\/fr\/wp-json\/wp\/v2\/types\/post"}],"author":[{"embeddable":true,"href":"https:\/\/www.europesays.com\/fr\/wp-json\/wp\/v2\/users\/2"}],"replies":[{"embeddable":true,"href":"https:\/\/www.europesays.com\/fr\/wp-json\/wp\/v2\/comments?post=364947"}],"version-history":[{"count":0,"href":"https:\/\/www.europesays.com\/fr\/wp-json\/wp\/v2\/posts\/364947\/revisions"}],"wp:featuredmedia":[{"embeddable":true,"href":"https:\/\/www.europesays.com\/fr\/wp-json\/wp\/v2\/media\/364948"}],"wp:attachment":[{"href":"https:\/\/www.europesays.com\/fr\/wp-json\/wp\/v2\/media?parent=364947"}],"wp:term":[{"taxonomy":"category","embeddable":true,"href":"https:\/\/www.europesays.com\/fr\/wp-json\/wp\/v2\/categories?post=364947"},{"taxonomy":"post_tag","embeddable":true,"href":"https:\/\/www.europesays.com\/fr\/wp-json\/wp\/v2\/tags?post=364947"}],"curies":[{"name":"wp","href":"https:\/\/api.w.org\/{rel}","templated":true}]}}