{"id":364949,"date":"2025-09-04T05:35:10","date_gmt":"2025-09-04T05:35:10","guid":{"rendered":"https:\/\/www.europesays.com\/fr\/364949\/"},"modified":"2025-09-04T05:35:10","modified_gmt":"2025-09-04T05:35:10","slug":"les-medecins-refusent-de-servir-de-boucs-emissaires","status":"publish","type":"post","link":"https:\/\/www.europesays.com\/fr\/364949\/","title":{"rendered":"les m\u00e9decins refusent de servir de boucs \u00e9missaires"},"content":{"rendered":"<p>Quand le docteur Olivier Decroix a re\u00e7u mi-juin, comme vingt autres m\u00e9decins en Gironde, un coup de t\u00e9l\u00e9phone puis un courrier recommand\u00e9 de la CPAM (Caisse primaire d&rsquo;assurance maladie) le \u00ab\u00a0ciblant\u00a0\u00bb pour avoir prescrit trop d&rsquo;arr\u00eats maladie par rapport \u00e0 ses confr\u00e8res du secteur, le praticien est tomb\u00e9 des nues. Lui qui exerce dans le quartier d\u00e9favoris\u00e9 de la Ch\u00e2taigneraie \u00e0 Pessac, pr\u00e8s de Bordeaux, a tent\u00e9 de se justifier aupr\u00e8s de l&rsquo;Assurance maladie :<\/p>\n<blockquote>\n<p>\u00ab\u00a0La plupart de mes patients sont jeunes, ils travaillent dans des m\u00e9tiers physiques et souffrent souvent de troubles musculo-squelettiques n\u00e9cessitant des arr\u00eats longs. Depuis le Covid, il y a aussi beaucoup de burn-out.\u00a0\u00bb<\/p>\n<\/blockquote>\n<p><a href=\"https:\/\/www.latribune.fr\/economie\/france\/arrets-maladie-et-mal-etre-au-travail-les-signaux-d-alerte-se-multiplient-chez-les-salaries-1026647.html\" rel=\"nofollow noopener\" target=\"_blank\">Arr\u00eats maladie et mal-\u00eatre au travail : les signaux d&rsquo;alerte se multiplient chez les salari\u00e9s<\/a><\/p>\n<p>Mais ses arguments n&rsquo;ont pas vraiment convaincu. Pendant quatre mois, il devra donc envoyer et faire valider par la CPAM tous ses arr\u00eats maladie, avec consigne d&rsquo;en prescrire moins. Concr\u00e8tement, pour chaque prescription, le m\u00e9decin doit fournir un argumentaire compl\u00e9mentaire au Service m\u00e9dical qui donnera son avis avant que les indemnit\u00e9s journali\u00e8res de l&rsquo;assur\u00e9 puissent \u00eatre vers\u00e9es.<\/p>\n<p> <strong>Des chiffres opaques et absurdes<\/strong> <\/p>\n<p>Install\u00e9e \u00e0 Bordeaux, la docteure Colette Charrier est sp\u00e9cialiste juridique au sein de la F\u00e9d\u00e9ration des m\u00e9decins de France, un syndicat de praticiens. \u00ab\u00a0Les chiffres sont opaques et absurdes, s&#8217;emporte-t-elle, les m\u00e9decins-conseils de la CPAM comparent les prescriptions du g\u00e9n\u00e9raliste incrimin\u00e9 \u00e0 celles de quelques autres cabinets install\u00e9s dans le m\u00eame quartier, ce n&rsquo;est pas du tout repr\u00e9sentatif. Ils comptabilisent aussi les arr\u00eats de travail prescrits par les rempla\u00e7ants ou \u00e0 l&rsquo;h\u00f4pital. Deux m\u00e9decins en cong\u00e9 maternit\u00e9 ont ainsi \u00e9t\u00e9 rappel\u00e9es \u00e0 l&rsquo;ordre alors qu&rsquo;elles n&rsquo;avaient pas vu un seul patient depuis des mois\u00a0!\u00a0\u00bb<\/p>\n<p>Elle affirme par ailleurs que les arr\u00eats de complaisance, s&rsquo;ils ont exist\u00e9 jadis, n&rsquo;ont plus cours aujourd&rsquo;hui\u00a0: \u00ab\u00a0Il fut un temps o\u00f9 certes, les m\u00e9decins couraient apr\u00e8s leur client\u00e8le et ne voulaient pas \u00eatre vus d\u00e9favorablement, mais aujourd&rsquo;hui, c&rsquo;est l&rsquo;inverse, on refuse des patients. \u00bb<\/p>\n<p><a href=\"https:\/\/objectifaquitaine.latribune.fr\/innovation\/2024-04-26\/deserts-medicaux-on-accueille-des-gens-qui-n-avaient-pas-vu-de-medecin-depuis-trois-ans-995582.html\" rel=\"nofollow noopener\" target=\"_blank\">D\u00e9serts m\u00e9dicaux : \u00ab On accueille des gens qui n&rsquo;avaient pas vu de m\u00e9decin depuis trois ans \u00bb<\/a><\/p>\n<p>De son c\u00f4t\u00e9, l&rsquo;Assurance maladie rappelle qu&rsquo;elle a d\u00e9pens\u00e9 l&rsquo;an dernier pr\u00e8s d&rsquo;un milliard d&rsquo;euros de plus compar\u00e9 \u00e0 2023 pour indemniser des arr\u00eats de travail. \u00ab\u00a0Si 60 % de la croissance de ces d\u00e9penses peuvent s&rsquo;expliquer par l&rsquo;augmentation des salaires, le vieillissement de la population active ou la situation \u00e9pid\u00e9miologique, observe la CNAM, 40 % de l&rsquo;augmentation sont li\u00e9s au fait que les assur\u00e9s s&rsquo;arr\u00eatent en moyenne plus longtemps et sont globalement plus nombreux \u00e0 \u00eatre concern\u00e9s par un arr\u00eat de travail \u00e0 \u00e2ge identique. On constate qu&rsquo;il y a de nombreux arr\u00eats de tr\u00e8s longue dur\u00e9e sans suivi m\u00e9dical qui se traduisent par une forte d\u00e9sinsertion professionnelle.\u00a0\u00bb<\/p>\n<p> <strong>Un harc\u00e8lement administratif<\/strong> <\/p>\n<p>La CNAM pr\u00e9cise encore que seuls les m\u00e9decins prescrivant au minimum le double d&rsquo;arr\u00eats de travail par rapport \u00e0 leurs confr\u00e8res \u00e0 caract\u00e9ristiques identiques ont fait l&rsquo;objet de l&rsquo;ouverture d&rsquo;une proc\u00e9dure. \u00ab\u00a0Il y a un jeu politique derri\u00e8re tout cela \u00bb, r\u00e9agit\u00a0ce g\u00e9n\u00e9raliste install\u00e9 en Dordogne et qui souhaite rester anonyme. C&rsquo;est une chasse aux sorci\u00e8res, un peu comme si vous reprochiez \u00e0 un professeur d&rsquo;\u00eatre seul responsable du taux de r\u00e9ussite au baccalaur\u00e9at dans son lyc\u00e9e. \u00bb<\/p>\n<p>G\u00e9n\u00e9raliste \u00e0 Floirac, pr\u00e8s de Bordeaux, le docteur Jean-Dominique Fayard d\u00e9nonce, lui, un harc\u00e8lement administratif. \u00ab\u00a0Il y a vingt ans, la S\u00e9curit\u00e9 sociale affirmait que 2 % des arr\u00eats de travail \u00e9taient litigieux et aujourd&rsquo;hui, ce serait la moiti\u00e9. C&rsquo;est injurieux et dystopique. On sait qu&rsquo;en r\u00e9alit\u00e9, ces abus concernent une toute petite frange de m\u00e9decins, autour de 5 %, mais il faut un bouc \u00e9missaire et c&rsquo;est le g\u00e9n\u00e9raliste alors que c&rsquo;est tout le syst\u00e8me de sant\u00e9\u00a0en France qui est en faillite totale. \u00bb<\/p>\n<p>\u00ab\u00a0Le vrai probl\u00e8me, rench\u00e9rit pour sa part le g\u00e9n\u00e9raliste p\u00e9rigordin, ce sont les actifs de plus de 50 ans qui sont en arr\u00eat de travail long. Les maladies professionnelles explosent et ces personnes se retrouvent sans aucune possibilit\u00e9 de reconversion ou de rebond. Mais \u00e7a, la S\u00e9cu n&rsquo;en parle pas\u00a0!\u00a0\u00bb<\/p>\n<p><a href=\"https:\/\/objectifaquitaine.latribune.fr\/business\/2025-07-11\/pharmacies-de-proximite-la-desertification-silencieuse-1028239.html\" rel=\"nofollow noopener\" target=\"_blank\">Pharmacies de proximit\u00e9 : la d\u00e9sertification silencieuse<\/a><\/p>\n","protected":false},"excerpt":{"rendered":"Quand le docteur Olivier Decroix a re\u00e7u mi-juin, comme vingt autres m\u00e9decins en Gironde, un coup de t\u00e9l\u00e9phone&hellip;\n","protected":false},"author":2,"featured_media":364950,"comment_status":"","ping_status":"","sticky":false,"template":"","format":"standard","meta":{"footnotes":""},"categories":[2817],"tags":[1111,11,1997,1777,674,1011,27,12,2219,25],"class_list":{"0":"post-364949","1":"post","2":"type-post","3":"status-publish","4":"format-standard","5":"has-post-thumbnail","7":"category-bordeaux","8":"tag-actu","9":"tag-actualites","10":"tag-bordeaux","11":"tag-eu","12":"tag-europe","13":"tag-fr","14":"tag-france","15":"tag-news","16":"tag-nouvelle-aquitaine","17":"tag-republique-francaise"},"share_on_mastodon":{"url":"https:\/\/pubeurope.com\/@fr\/115144407340377887","error":""},"_links":{"self":[{"href":"https:\/\/www.europesays.com\/fr\/wp-json\/wp\/v2\/posts\/364949","targetHints":{"allow":["GET"]}}],"collection":[{"href":"https:\/\/www.europesays.com\/fr\/wp-json\/wp\/v2\/posts"}],"about":[{"href":"https:\/\/www.europesays.com\/fr\/wp-json\/wp\/v2\/types\/post"}],"author":[{"embeddable":true,"href":"https:\/\/www.europesays.com\/fr\/wp-json\/wp\/v2\/users\/2"}],"replies":[{"embeddable":true,"href":"https:\/\/www.europesays.com\/fr\/wp-json\/wp\/v2\/comments?post=364949"}],"version-history":[{"count":0,"href":"https:\/\/www.europesays.com\/fr\/wp-json\/wp\/v2\/posts\/364949\/revisions"}],"wp:featuredmedia":[{"embeddable":true,"href":"https:\/\/www.europesays.com\/fr\/wp-json\/wp\/v2\/media\/364950"}],"wp:attachment":[{"href":"https:\/\/www.europesays.com\/fr\/wp-json\/wp\/v2\/media?parent=364949"}],"wp:term":[{"taxonomy":"category","embeddable":true,"href":"https:\/\/www.europesays.com\/fr\/wp-json\/wp\/v2\/categories?post=364949"},{"taxonomy":"post_tag","embeddable":true,"href":"https:\/\/www.europesays.com\/fr\/wp-json\/wp\/v2\/tags?post=364949"}],"curies":[{"name":"wp","href":"https:\/\/api.w.org\/{rel}","templated":true}]}}