{"id":364951,"date":"2025-09-04T05:36:13","date_gmt":"2025-09-04T05:36:13","guid":{"rendered":"https:\/\/www.europesays.com\/fr\/364951\/"},"modified":"2025-09-04T05:36:13","modified_gmt":"2025-09-04T05:36:13","slug":"189-euros-la-bouteille-de-bordeaux-chez-lidl-a-ce-prix-la-on-tue-les-viticulteurs","status":"publish","type":"post","link":"https:\/\/www.europesays.com\/fr\/364951\/","title":{"rendered":"1,89 euros la bouteille de Bordeaux chez LIDL\u00a0: \u00ab\u00a0\u00e0 ce prix l\u00e0 on tue les viticulteurs\u00a0\u00bb"},"content":{"rendered":"<p>Alors que les viticulteurs de Gironde sont en pleines vendanges, ils viennent de recevoir un nouveau coup de poignard dans le dos\u00a0: une bouteille de vin de Bordeaux vendue moins de 2 euros dans les supermarch\u00e9s Lidl. <\/p>\n<p>C&rsquo;est le d\u00e9but des foires aux vins dans les supermarch\u00e9s et voici un nouveau motif de col\u00e8re des viticulteurs. Cette semaine, la cha\u00eene LIDL propose <strong>une bouteille de Bordeaux \u00e0 1,89 euro.<\/strong><\/p>\n<p><strong>\u00c0 ce prix-l\u00e0 le vigneron vend son vin \u00e0 perte<\/strong>, estime la profession.<\/p>\n<p>Depuis des ann\u00e9es, les viticulteurs manifestent r\u00e9guli\u00e8rement contre ces prix cass\u00e9s. Ils estiment qu&rsquo;\u00e0 moins de 3 euros le viticulteur se tue au travail pour rien. Mais c&rsquo;est la loi du march\u00e9 et ces pratiques commerciales perdurent.<\/p>\n<p>Qu&rsquo;en pensent les consommateurs\u00a0? <strong>ICI Gironde s&rsquo;est rendu devant un supermarch\u00e9 LIDL du Bassin d&rsquo;Arcachon.<\/strong><\/p>\n<p>1,89 euro la bouteille de bordeaux \u00e0 LIDL, ce n&rsquo;est pas un record. Au mois de juillet, la m\u00eame cha\u00eene de supermarch\u00e9 proposait une bouteille similaire \u00e0 1,39 euro.<\/p>\n","protected":false},"excerpt":{"rendered":"Alors que les viticulteurs de Gironde sont en pleines vendanges, ils viennent de recevoir un nouveau coup de&hellip;\n","protected":false},"author":2,"featured_media":364952,"comment_status":"","ping_status":"","sticky":false,"template":"","format":"standard","meta":{"footnotes":""},"categories":[2817],"tags":[1111,11,1997,1777,674,1011,27,12,2219,25],"class_list":{"0":"post-364951","1":"post","2":"type-post","3":"status-publish","4":"format-standard","5":"has-post-thumbnail","7":"category-bordeaux","8":"tag-actu","9":"tag-actualites","10":"tag-bordeaux","11":"tag-eu","12":"tag-europe","13":"tag-fr","14":"tag-france","15":"tag-news","16":"tag-nouvelle-aquitaine","17":"tag-republique-francaise"},"share_on_mastodon":{"url":"https:\/\/pubeurope.com\/@fr\/115144411268788529","error":""},"_links":{"self":[{"href":"https:\/\/www.europesays.com\/fr\/wp-json\/wp\/v2\/posts\/364951","targetHints":{"allow":["GET"]}}],"collection":[{"href":"https:\/\/www.europesays.com\/fr\/wp-json\/wp\/v2\/posts"}],"about":[{"href":"https:\/\/www.europesays.com\/fr\/wp-json\/wp\/v2\/types\/post"}],"author":[{"embeddable":true,"href":"https:\/\/www.europesays.com\/fr\/wp-json\/wp\/v2\/users\/2"}],"replies":[{"embeddable":true,"href":"https:\/\/www.europesays.com\/fr\/wp-json\/wp\/v2\/comments?post=364951"}],"version-history":[{"count":0,"href":"https:\/\/www.europesays.com\/fr\/wp-json\/wp\/v2\/posts\/364951\/revisions"}],"wp:featuredmedia":[{"embeddable":true,"href":"https:\/\/www.europesays.com\/fr\/wp-json\/wp\/v2\/media\/364952"}],"wp:attachment":[{"href":"https:\/\/www.europesays.com\/fr\/wp-json\/wp\/v2\/media?parent=364951"}],"wp:term":[{"taxonomy":"category","embeddable":true,"href":"https:\/\/www.europesays.com\/fr\/wp-json\/wp\/v2\/categories?post=364951"},{"taxonomy":"post_tag","embeddable":true,"href":"https:\/\/www.europesays.com\/fr\/wp-json\/wp\/v2\/tags?post=364951"}],"curies":[{"name":"wp","href":"https:\/\/api.w.org\/{rel}","templated":true}]}}