{"id":364953,"date":"2025-09-04T05:37:10","date_gmt":"2025-09-04T05:37:10","guid":{"rendered":"https:\/\/www.europesays.com\/fr\/364953\/"},"modified":"2025-09-04T05:37:10","modified_gmt":"2025-09-04T05:37:10","slug":"luniversite-toulouse-capitole-prefere-reprimer-les-syndicalistes-de-luet-plutot-que-les-fascistes-revendiques-de-luni-polemique-entre-syndicats-etudiants-sur-fond-de-salu","status":"publish","type":"post","link":"https:\/\/www.europesays.com\/fr\/364953\/","title":{"rendered":"\u00ab\u00a0L\u2019universit\u00e9 Toulouse Capitole pr\u00e9f\u00e8re r\u00e9primer les syndicalistes de l\u2019UET plut\u00f4t que les fascistes revendiqu\u00e9s de l\u2019UNI\u00a0\u00bb, pol\u00e9mique entre syndicats \u00e9tudiants sur fond de salut nazi"},"content":{"rendered":"<p>\n                                                                    l&rsquo;essentiel<br \/>\n                                                                Post\u00e9e il y a cinq jours sur un compte Instagram, une vid\u00e9o des \u00e9tudiants de l\u2019UET, association de l\u2019universit\u00e9 Jean Jaur\u00e8s, d\u00e9nonce \u00e0 nouveau l\u2019affaire du salut nazi commis, en f\u00e9vrier dernier, par un \u00e9tudiant membre de l\u2019UNI, association \u00e9tudiante de l\u2019Universit\u00e9 Toulouse Capitole dans un local mis \u00e0 disposition.\n                            <\/p>\n<p>Sur fond politique, c\u2019est un nouveau bras de fer engag\u00e9 par les \u00e9tudiants de l\u2019Union des \u00e9tudiants de Toulouse (UET), bas\u00e9e dans les trois universit\u00e9s toulousaines (Jean-Jaur\u00e8s, Capitole et Paul Sabatier), contre leurs homologues de l\u2019Union nationale inter-universitaire (UNI). Les \u00e9tudiants de l\u2019UET remettent le couvert, dans une vid\u00e9o post\u00e9e il y a cinq jours sur leur compte Instagram, \u00e9voquant \u00e0 nouveau l\u2019affaire\u00a0du salut nazi commis, en f\u00e9vrier dernier par un \u00e9tudiant, Alexandre O., membre de l\u2019UNI, photographi\u00e9 dans un local pr\u00eat\u00e9 par l\u2019Universit\u00e9 Toulouse Capitole. Un geste largement relay\u00e9 sur les r\u00e9seaux sociaux et par un article de M\u00e9diapart, document\u00e9 d\u2019apr\u00e8s une enq\u00fb\u00eate approfondie de l\u2019UET sur les d\u00e9rives assum\u00e9es de certains membres de l\u2019UNI.<\/p>\n<p>\u00ab\u00a0Nous ne d\u00e9non\u00e7ons pas un acte individuel, mais syst\u00e9matique\u00a0\u00bb<\/p>\n<p>\u00ab\u00a0Globalement, nous ne d\u00e9non\u00e7ons pas seulement un acte individuel au sein de l\u2019UNI mais des actes syst\u00e9matiques. L\u2019UNI est une plateforme qui fait le lien entre une droite r\u00e9publicaine et une droite extr\u00eame, violente\u00a0\u00bb, a confi\u00e9, mercredi 3\u00a0septembre, le secr\u00e9taire g\u00e9n\u00e9ral de l\u2019UET qui souhaite rester anonyme.\u00a0Apr\u00e8s le salut nazi de f\u00e9vrier, d\u2019autres \u00e9tudiants auraient \u00e9galement agi de la sorte, \u00ab\u00a0trois commissions disciplinaires\u00a0\u00bb doivent se r\u00e9unir prochainement en vue de sanctions, a-t-on confi\u00e9 \u00e0 l\u2019Universit\u00e9 Capitole. Ce qui a \u00e9t\u00e9 le cas pour le premier \u00e9tudiant de l\u2019UNI photographi\u00e9.<\/p>\n<p>Un \u00ab\u00a0jeu de cartes \u00e0 l\u2019imagerie antis\u00e9mite\u00a0\u00bb<\/p>\n<p>L\u2019UNI est semble-t-il coutumier du fait, rappelle M\u00e9diapart dans un article du 26\u00a0ao\u00fbt consacr\u00e9 au ministre de l\u2019Int\u00e9rieur Bruno Retailleau faisant \u00e9tat de \u00ab\u00a0saluts nazis et n\u00e9onazis effectu\u00e9s \u00e0 maintes reprises par des membres de l\u2019Union nationale inter-universitaire (UNI)\u00a0\u00bb. Pas seulement \u00e0 Toulouse, \u00e0 Caen et Strasbourg ou la section locale de l\u2019UNI a diffus\u00e9, en f\u00e9vrier dernier, un jeu de cartes \u00e0 l\u2019imagerie antis\u00e9mite, dont se fait \u00e9cho la vid\u00e9o de l\u2019UET. M\u00e9diapart \u00e9voque aussi le cas de Mathis Gachon, d\u00e9l\u00e9gu\u00e9 national de l\u2019UNI, qui \u00ab\u00a0s\u2019\u00e9tait plusieurs fois photographi\u00e9 en effectuant un salut de \u00ab\u00a0K\u00fchnen\u00a0\u00bb, alternative au salut hitl\u00e9rien\u00a0\u00bb.<\/p>\n<p>Le salut de K\u00fchnen\u2026<\/p>\n<p>En Haute-Garonne, en 2024, au sein du local syndical du campus de Toulouse Capitole, un \u00e9tudiant de l\u2019UNI avait fait un salut nazi \u00e9galement remarqu\u00e9. Manifestement, il ne cachait pas ses accointances avec l\u2019extr\u00eame droite sur le r\u00e9seau social BeReal o\u00f9 il se prenait en photo avec le salut hitl\u00e9rien. Une autre fois, il se met en sc\u00e8ne avec un ami Chez Tonton, une institution des bars de nuit \u00e0 Toulouse, avec le salut de K\u00fchnen.<\/p>\n<p>L\u2019UET r\u00e9clame le retrait de l\u2019UNI \u00e0 l\u2019universit\u00e9<\/p>\n<p>L\u2019UET \u00ab\u00a0r\u00e9clame le retrait du local de l\u2019UNI \u00e0 l\u2019UT-Capitole et la fin de leurs agr\u00e9ments dans les facs toulousaines\u00a0\u00bb. Le syndicat enseignant\u00a0s\u2019en prend\u00a0aussi au pr\u00e9sident d\u2019UT Capitole Hugues Kenfack soup\u00e7onn\u00e9 de pr\u00e9f\u00e9rer \u00ab\u00a0r\u00e9primer les syndicalistes de l\u2019UET plut\u00f4t que des fascistes revendiqu\u00e9s\u00a0\u00bb fustigeant un \u00ab\u00a0groupe d\u2019\u00e9tudiants d\u2019extr\u00eame droite prot\u00e9g\u00e9 par l\u2019administration\u00a0\u00bb. Contact\u00e9e, ce mercredi, la pr\u00e9sidence d\u2019UT Capitole n\u2019a pas pour l\u2019heure donn\u00e9 suite, de m\u00eame que l\u2019UNI n\u2019a pas r\u00e9pondu \u00e0 nos sollicitations.<\/p>\n","protected":false},"excerpt":{"rendered":"l&rsquo;essentiel Post\u00e9e il y a cinq jours sur un compte Instagram, une vid\u00e9o des \u00e9tudiants de l\u2019UET, association&hellip;\n","protected":false},"author":2,"featured_media":364954,"comment_status":"","ping_status":"","sticky":false,"template":"","format":"standard","meta":{"footnotes":""},"categories":[2816],"tags":[1111,11,1777,674,1011,27,12,2680,25,2312],"class_list":{"0":"post-364953","1":"post","2":"type-post","3":"status-publish","4":"format-standard","5":"has-post-thumbnail","7":"category-toulouse","8":"tag-actu","9":"tag-actualites","10":"tag-eu","11":"tag-europe","12":"tag-fr","13":"tag-france","14":"tag-news","15":"tag-occitanie","16":"tag-republique-francaise","17":"tag-toulouse"},"share_on_mastodon":{"url":"https:\/\/pubeurope.com\/@fr\/115144415349222264","error":""},"_links":{"self":[{"href":"https:\/\/www.europesays.com\/fr\/wp-json\/wp\/v2\/posts\/364953","targetHints":{"allow":["GET"]}}],"collection":[{"href":"https:\/\/www.europesays.com\/fr\/wp-json\/wp\/v2\/posts"}],"about":[{"href":"https:\/\/www.europesays.com\/fr\/wp-json\/wp\/v2\/types\/post"}],"author":[{"embeddable":true,"href":"https:\/\/www.europesays.com\/fr\/wp-json\/wp\/v2\/users\/2"}],"replies":[{"embeddable":true,"href":"https:\/\/www.europesays.com\/fr\/wp-json\/wp\/v2\/comments?post=364953"}],"version-history":[{"count":0,"href":"https:\/\/www.europesays.com\/fr\/wp-json\/wp\/v2\/posts\/364953\/revisions"}],"wp:featuredmedia":[{"embeddable":true,"href":"https:\/\/www.europesays.com\/fr\/wp-json\/wp\/v2\/media\/364954"}],"wp:attachment":[{"href":"https:\/\/www.europesays.com\/fr\/wp-json\/wp\/v2\/media?parent=364953"}],"wp:term":[{"taxonomy":"category","embeddable":true,"href":"https:\/\/www.europesays.com\/fr\/wp-json\/wp\/v2\/categories?post=364953"},{"taxonomy":"post_tag","embeddable":true,"href":"https:\/\/www.europesays.com\/fr\/wp-json\/wp\/v2\/tags?post=364953"}],"curies":[{"name":"wp","href":"https:\/\/api.w.org\/{rel}","templated":true}]}}