{"id":364955,"date":"2025-09-04T05:38:10","date_gmt":"2025-09-04T05:38:10","guid":{"rendered":"https:\/\/www.europesays.com\/fr\/364955\/"},"modified":"2025-09-04T05:38:10","modified_gmt":"2025-09-04T05:38:10","slug":"a-toulouse-un-homme-arbore-un-t-shirt-antisemite","status":"publish","type":"post","link":"https:\/\/www.europesays.com\/fr\/364955\/","title":{"rendered":"\u00e0 Toulouse, un homme arbore un t-shirt antis\u00e9mite"},"content":{"rendered":"<p>\u00ab\u00a0C&rsquo;est une insulte, c&rsquo;est une offense\u00a0\u00bb: \u00e0 Toulouse, un homme arbore un t-shirt antis\u00e9miteSur le m\u00eame sujet<a href=\"https:\/\/www.bfmtv.com\/police-justice\/video-c-est-une-insulte-c-est-une-offense-a-toulouse-un-homme-arbore-un-t-shirt-antisemite_VN-202509040159.html\" title=\"&quot;C&#039;est une insulte, c&#039;est une offense&quot;: \u00e0 Toulouse, un homme arbore un t-shirt antis\u00e9mite\" rel=\"nofollow noopener\" target=\"_blank\"><img width=\"16\" height=\"9\" class=\"lozad\"  alt=\"&quot;C'est une insulte, c'est une offense&quot;: \u00e0 Toulouse, un homme arbore un t-shirt antis\u00e9mite\"\/>en lecture\u00a0\u00bbC&rsquo;est une insulte, c&rsquo;est une offense\u00a0\u00bb: \u00e0 Toulouse, un homme arbore un t-shirt antis\u00e9mite<\/a><a href=\"https:\/\/www.bfmtv.com\/lyon\/videos\/video-caluire-l-adolescent-soupconne-du-meurtre-d-un-autre-jeune-a-ete-place-en-detention-provisoire_VN-202509040161.html\" title=\"Caluire : l&#039;adolescent soup\u00e7onn\u00e9 du meurtre d&#039;un autre jeune a \u00e9t\u00e9 plac\u00e9 en d\u00e9tention provisoire\" rel=\"nofollow noopener\" target=\"_blank\"><img width=\"16\" height=\"9\" class=\"lozad\"  alt=\"Caluire : l'adolescent soup\u00e7onn\u00e9 du meurtre d'un autre jeune a \u00e9t\u00e9 plac\u00e9 en d\u00e9tention provisoire\"\/>1:50Caluire : l&rsquo;adolescent soup\u00e7onn\u00e9 du meurtre d&rsquo;un autre jeune a \u00e9t\u00e9 plac\u00e9 en d\u00e9tention provisoire<\/a><a href=\"https:\/\/www.bfmtv.com\/police-justice\/video-arracheur-2-kippa-un-homme-arbore-un-t-shirt-antisemite-a-toulouse_VN-202509040153.html\" title=\"&quot;Arracheur 2 Kippa&quot;: un homme arbore un t-shirt antis\u00e9mite \u00e0 Toulouse\" rel=\"nofollow noopener\" target=\"_blank\"><img width=\"16\" height=\"9\" class=\"lozad\"  alt=\"&quot;Arracheur 2 Kippa&quot;: un homme arbore un t-shirt antis\u00e9mite \u00e0 Toulouse\"\/>1:15&Prime;Arracheur 2 Kippa\u00a0\u00bb: un homme arbore un t-shirt antis\u00e9mite \u00e0 Toulouse<\/a><a href=\"https:\/\/www.bfmtv.com\/police-justice\/video-plus-de-20-ans-apres-la-disparition-d-estelle-mouzin-l-etat-condamne-pour-faute-lourde_VN-202509040114.html\" title=\"Plus de 20 ans apr\u00e8s la disparition d&#039;Estelle Mouzin, l&#039;\u00c9tat condamn\u00e9 pour &quot;faute lourde&quot;\" rel=\"nofollow noopener\" target=\"_blank\"><img width=\"16\" height=\"9\" class=\"lozad\"  alt=\"Plus de 20 ans apr\u00e8s la disparition d'Estelle Mouzin, l'\u00c9tat condamn\u00e9 pour &quot;faute lourde&quot;\"\/>0:27Plus de 20 ans apr\u00e8s la disparition d&rsquo;Estelle Mouzin, l&rsquo;\u00c9tat condamn\u00e9 pour \u00ab\u00a0faute lourde\u00a0\u00bb<\/a><a href=\"https:\/\/www.bfmtv.com\/police-justice\/video-assaillant-tue-a-marseille-la-tunisie-denonce-un-meurtre-injustifie_VN-202509040064.html\" title=\"Assaillant tu\u00e9 \u00e0 Marseille: la Tunisie d\u00e9nonce un &quot;meurtre injustifi\u00e9&quot;\" rel=\"nofollow noopener\" target=\"_blank\"><img width=\"16\" height=\"9\" class=\"lozad\"  alt=\"Assaillant tu\u00e9 \u00e0 Marseille: la Tunisie d\u00e9nonce un &quot;meurtre injustifi\u00e9&quot;\"\/>1:55Assaillant tu\u00e9 \u00e0 Marseille: la Tunisie d\u00e9nonce un \u00ab\u00a0meurtre injustifi\u00e9\u00a0\u00bb<\/a><a href=\"https:\/\/www.bfmtv.com\/police-justice\/video-l-etat-condamne-pour-faute-lourde-suite-au-meurtre-d-estelle-mouzin-en-2003-c-est-un-soulagement-avoue-eric-mouzin-le-pere-de-la-jeune-fille_VN-202509030916.html\" title=\"L\u2019\u00c9tat condamn\u00e9 pour &quot;faute lourde&quot; suite au meurtre d&#039;Estelle Mouzin en 2003: &quot;C&#039;est un soulagement&quot;, avoue \u00c9ric Mouzin, le p\u00e8re de la jeune fille\" rel=\"nofollow noopener\" target=\"_blank\"><img width=\"16\" height=\"9\" class=\"lozad\"  alt=\"L\u2019\u00c9tat condamn\u00e9 pour &quot;faute lourde&quot; suite au meurtre d'Estelle Mouzin en 2003: &quot;C'est un soulagement&quot;, avoue \u00c9ric Mouzin, le p\u00e8re de la jeune fille\"\/>1:09L\u2019\u00c9tat condamn\u00e9 pour \u00ab\u00a0faute lourde\u00a0\u00bb suite au meurtre d&rsquo;Estelle Mouzin en 2003: \u00ab\u00a0C&rsquo;est un soulagement\u00a0\u00bb, avoue \u00c9ric Mouzin, le p\u00e8re de la jeune fille<\/a><a href=\"https:\/\/www.bfmtv.com\/police-justice\/video-attaque-au-couteau-a-marseille-ce-n-etait-pas-une-chance-mais-une-menace-pour-la-france-lance-franck-allisio-depute-rn-des-bouches-du-rhone_VN-202509030899.html\" title=\"Attaque au couteau \u00e0 Marseille: &quot;Ce n&#039;\u00e9tait pas une chance mais une menace pour la France&quot;, lance Franck Allisio, d\u00e9put\u00e9 RN des Bouches-du-Rh\u00f4ne\" rel=\"nofollow noopener\" target=\"_blank\"><img width=\"16\" height=\"9\" class=\"lozad\"  alt=\"Attaque au couteau \u00e0 Marseille: &quot;Ce n'\u00e9tait pas une chance mais une menace pour la France&quot;, lance Franck Allisio, d\u00e9put\u00e9 RN des Bouches-du-Rh\u00f4ne\"\/>1:31Attaque au couteau \u00e0 Marseille: \u00ab\u00a0Ce n&rsquo;\u00e9tait pas une chance mais une menace pour la France\u00a0\u00bb, lance Franck Allisio, d\u00e9put\u00e9 RN des Bouches-du-Rh\u00f4ne<\/a><a href=\"https:\/\/www.bfmtv.com\/police-justice\/video-meurtre-d-estelle-mouzin-en-2003-l-etat-condamne-pour-faute-lourde_VN-202509030895.html\" title=\"Meurtre d\u2019Estelle Mouzin en 2003: l&#039;\u00c9tat condamn\u00e9 pour faute lourde\" rel=\"nofollow noopener\" target=\"_blank\"><img width=\"16\" height=\"9\" class=\"lozad\"  alt=\"Meurtre d\u2019Estelle Mouzin en 2003: l'\u00c9tat condamn\u00e9 pour faute lourde\"\/>1:35Meurtre d\u2019Estelle Mouzin en 2003: l&rsquo;\u00c9tat condamn\u00e9 pour faute lourde<\/a><a href=\"https:\/\/www.bfmtv.com\/police-justice\/video-attaque-au-couteau-a-marseille-l-inquietant-profil-de-l-assaillant_VN-202509030877.html\" title=\"Attaque au couteau \u00e0 Marseille: l&#039;inqui\u00e9tant profil de l&#039;assaillant\" rel=\"nofollow noopener\" target=\"_blank\"><img width=\"16\" height=\"9\" class=\"lozad\"  alt=\"Attaque au couteau \u00e0 Marseille: l'inqui\u00e9tant profil de l'assaillant\"\/>1:40Attaque au couteau \u00e0 Marseille: l&rsquo;inqui\u00e9tant profil de l&rsquo;assaillant<\/a><a href=\"https:\/\/www.bfmtv.com\/police-justice\/video-attaque-au-couteau-a-marseille-cette-personne-n-aurait-jamais-du-etre-en-france-estime-jean-philippe-tanguy-depute-rn-de-la-somme_VN-202509030840.html\" title=\"Attaque au couteau \u00e0 Marseille: &quot;Cette personne n&#039;aurait jamais d\u00fb \u00eatre en France&quot;, estime Jean-Philippe Tanguy, d\u00e9put\u00e9 RN de la Somme\" rel=\"nofollow noopener\" target=\"_blank\"><img width=\"16\" height=\"9\" class=\"lozad\"  alt=\"Attaque au couteau \u00e0 Marseille: &quot;Cette personne n'aurait jamais d\u00fb \u00eatre en France&quot;, estime Jean-Philippe Tanguy, d\u00e9put\u00e9 RN de la Somme\"\/>1:54Attaque au couteau \u00e0 Marseille: \u00ab\u00a0Cette personne n&rsquo;aurait jamais d\u00fb \u00eatre en France\u00a0\u00bb, estime Jean-Philippe Tanguy, d\u00e9put\u00e9 RN de la Somme<\/a><a href=\"https:\/\/www.bfmtv.com\/police-justice\/video-attaque-au-couteau-a-marseille-pierre-jouvet-secretaire-general-du-ps-s-interroge-comment-un-homme-violent-et-dangereux-peut-etre-en-liberte_VN-202509030835.html\" title=\"Attaque au couteau \u00e0 Marseille: Pierre Jouvet, secr\u00e9taire g\u00e9n\u00e9ral du PS, s&#039;interroge &quot;comment un homme violent et dangereux peut \u00eatre en libert\u00e9?&quot;\" rel=\"nofollow noopener\" target=\"_blank\"><img width=\"16\" height=\"9\" class=\"lozad\"  alt=\"Attaque au couteau \u00e0 Marseille: Pierre Jouvet, secr\u00e9taire g\u00e9n\u00e9ral du PS, s'interroge &quot;comment un homme violent et dangereux peut \u00eatre en libert\u00e9?&quot;\"\/>1:36Attaque au couteau \u00e0 Marseille: Pierre Jouvet, secr\u00e9taire g\u00e9n\u00e9ral du PS, s&rsquo;interroge \u00ab\u00a0comment un homme violent et dangereux peut \u00eatre en libert\u00e9?\u00a0\u00bb<\/a><a href=\"https:\/\/www.bfmtv.com\/police-justice\/video-mobilisation-du-10-septembre-l-inquietude-c-est-la-derive-avec-la-violence-indique-frederic-aureal-ancien-haut-fonctionnaire-de-police-au-ministere-de-l-interieur_VN-202509030795.html\" title=\"Mobilisation du 10 septembre: &quot;L&#039;inqui\u00e9tude, c&#039;est la d\u00e9rive avec la violence&quot;, indique Fr\u00e9d\u00e9ric Aur\u00e9al, ancien Haut fonctionnaire de police au minist\u00e8re de l&#039;Int\u00e9rieur\" rel=\"nofollow noopener\" target=\"_blank\"><img width=\"16\" height=\"9\" class=\"lozad\"  alt=\"Mobilisation du 10 septembre: &quot;L'inqui\u00e9tude, c'est la d\u00e9rive avec la violence&quot;, indique Fr\u00e9d\u00e9ric Aur\u00e9al, ancien Haut fonctionnaire de police au minist\u00e8re de l'Int\u00e9rieur\"\/>1:00Mobilisation du 10 septembre: \u00ab\u00a0L&rsquo;inqui\u00e9tude, c&rsquo;est la d\u00e9rive avec la violence\u00a0\u00bb, indique Fr\u00e9d\u00e9ric Aur\u00e9al, ancien Haut fonctionnaire de police au minist\u00e8re de l&rsquo;Int\u00e9rieur<\/a><a href=\"https:\/\/www.bfmtv.com\/police-justice\/video-info-bfmtv-meurtre-d-estelle-mouzin-en-2003-l-etat-condamne-pour-faute-lourde_VN-202509030793.html\" title=\"INFO BFMTV - Meurtre d\u2019Estelle Mouzin en 2003: l\u2019\u00c9tat condamn\u00e9 pour &quot;faute lourde&quot;\" rel=\"nofollow noopener\" target=\"_blank\"><img width=\"16\" height=\"9\" class=\"lozad\"  alt=\"INFO BFMTV - Meurtre d\u2019Estelle Mouzin en 2003: l\u2019\u00c9tat condamn\u00e9 pour &quot;faute lourde&quot;\"\/>1:19INFO BFMTV &#8211; Meurtre d\u2019Estelle Mouzin en 2003: l\u2019\u00c9tat condamn\u00e9 pour \u00ab\u00a0faute lourde\u00a0\u00bb<\/a><a href=\"https:\/\/www.bfmtv.com\/replay-emissions\/bfm-story\/video-marschall-truchot-l-etat-condamne-pour-faute-lourde-dans-l-affaire-estelle-mouzin-03-09_VN-202509030790.html\" title=\"Marschall Truchot : L&#039;\u00c9tat condamn\u00e9 pour faute lourde dans l&#039;affaire Estelle Mouzin - 03\/09\" rel=\"nofollow noopener\" target=\"_blank\"><img width=\"16\" height=\"9\" class=\"lozad\"  alt=\"Marschall Truchot : L'\u00c9tat condamn\u00e9 pour faute lourde dans l'affaire Estelle Mouzin - 03\/09\"\/>1:27Marschall Truchot : L&rsquo;\u00c9tat condamn\u00e9 pour faute lourde dans l&rsquo;affaire Estelle Mouzin &#8211; 03\/09<\/a><a class=\"jumpToVideo\" target=\"_blank\"><img class=\"thumbnailPreview\"\/><\/a><\/p>\n","protected":false},"excerpt":{"rendered":"\u00ab\u00a0C&rsquo;est une insulte, c&rsquo;est une offense\u00a0\u00bb: \u00e0 Toulouse, un homme arbore un t-shirt antis\u00e9miteSur le m\u00eame sujeten lecture\u00a0\u00bbC&rsquo;est&hellip;\n","protected":false},"author":2,"featured_media":364956,"comment_status":"","ping_status":"","sticky":false,"template":"","format":"standard","meta":{"footnotes":""},"categories":[2816],"tags":[1111,11,1777,674,1011,27,12,2680,25,2312],"class_list":{"0":"post-364955","1":"post","2":"type-post","3":"status-publish","4":"format-standard","5":"has-post-thumbnail","7":"category-toulouse","8":"tag-actu","9":"tag-actualites","10":"tag-eu","11":"tag-europe","12":"tag-fr","13":"tag-france","14":"tag-news","15":"tag-occitanie","16":"tag-republique-francaise","17":"tag-toulouse"},"share_on_mastodon":{"url":"https:\/\/pubeurope.com\/@fr\/115144419180831150","error":""},"_links":{"self":[{"href":"https:\/\/www.europesays.com\/fr\/wp-json\/wp\/v2\/posts\/364955","targetHints":{"allow":["GET"]}}],"collection":[{"href":"https:\/\/www.europesays.com\/fr\/wp-json\/wp\/v2\/posts"}],"about":[{"href":"https:\/\/www.europesays.com\/fr\/wp-json\/wp\/v2\/types\/post"}],"author":[{"embeddable":true,"href":"https:\/\/www.europesays.com\/fr\/wp-json\/wp\/v2\/users\/2"}],"replies":[{"embeddable":true,"href":"https:\/\/www.europesays.com\/fr\/wp-json\/wp\/v2\/comments?post=364955"}],"version-history":[{"count":0,"href":"https:\/\/www.europesays.com\/fr\/wp-json\/wp\/v2\/posts\/364955\/revisions"}],"wp:featuredmedia":[{"embeddable":true,"href":"https:\/\/www.europesays.com\/fr\/wp-json\/wp\/v2\/media\/364956"}],"wp:attachment":[{"href":"https:\/\/www.europesays.com\/fr\/wp-json\/wp\/v2\/media?parent=364955"}],"wp:term":[{"taxonomy":"category","embeddable":true,"href":"https:\/\/www.europesays.com\/fr\/wp-json\/wp\/v2\/categories?post=364955"},{"taxonomy":"post_tag","embeddable":true,"href":"https:\/\/www.europesays.com\/fr\/wp-json\/wp\/v2\/tags?post=364955"}],"curies":[{"name":"wp","href":"https:\/\/api.w.org\/{rel}","templated":true}]}}