{"id":364957,"date":"2025-09-04T05:39:09","date_gmt":"2025-09-04T05:39:09","guid":{"rendered":"https:\/\/www.europesays.com\/fr\/364957\/"},"modified":"2025-09-04T05:39:09","modified_gmt":"2025-09-04T05:39:09","slug":"quels-prix-pour-les-moules-frites-de-la-braderie-de-lille-les-restaurants-devoilent-leurs-tarifs","status":"publish","type":"post","link":"https:\/\/www.europesays.com\/fr\/364957\/","title":{"rendered":"Quels prix pour les moules-frites de la Braderie de Lille ? Les restaurants d\u00e9voilent leurs tarifs"},"content":{"rendered":"<p>            Par<br \/>\n        <strong><br \/>\n            <a href=\"https:\/\/actu.fr\/auteur\/hervine-mahaud\" title=\"Consulter tous les articles de Hervine Mahaud\" target=\"_blank\" rel=\"noopener\">Hervine Mahaud<\/a><br \/>\n        <\/strong><\/p>\n<p>        Publi\u00e9 le<\/p>\n<p>            4 sept. 2025 \u00e0 6h34        <\/p>\n<p>C\u2019est l\u2019un des temps forts de la <a href=\"https:\/\/actu.fr\/tag\/braderie-de-lille\" target=\"_blank\" rel=\"noopener\">Braderie de Lille<\/a> \u00e0 l\u2019heure du d\u00e9jeuner : t\u00e2cher de trouver un petit coin de table pour d\u00e9guster des <a href=\"https:\/\/actu.fr\/tag\/moules\" target=\"_blank\" rel=\"noopener\">moules<\/a>-frites. Comme chaque ann\u00e9e, la grande majorit\u00e9 des <b>restaurants lillois<\/b> mettront le fameux plat en avant. <b>Plusieurs recettes<\/b> seront propos\u00e9es, de la plus simple et<b> la moins ch\u00e8re <\/b>\u00e0 la plus sophistiqu\u00e9e. Mais \u00e0 <b>quels prix<\/b> faut-il s\u2019attendre pour l\u2019\u00e9dition 2025 de la <b>Braderie<\/b> ? Nous avons sollicit\u00e9 les restaurateurs <a href=\"https:\/\/www.instagram.com\/lilleactu\/?hl=fr\" target=\"_blank\" rel=\"noopener\">via notre compte Instagram<\/a> et nombre d\u2019entre eux nous ont r\u00e9pondu.<\/p>\n<p>Les prix des moules-frites d\u00e9j\u00e0 annonc\u00e9s pour l\u2019\u00e9dition 2025 de la Braderie de Lille<\/p>\n<p class=\" wall-content\"><b>Centre et Vieux-Lille :\u00a0<\/b><\/p>\n<ul class=\" wall-content\">\n<li><b>Bibi\u2019s Caf\u00e9<\/b>, Grand Place : moules marini\u00e8res 16,50 \u20ac, cr\u00e8me 18 \u20ac, chorizo ou maroilles 19 \u20ac.<\/li>\n<li><b>Coucou<\/b>, Grand Place : moules marini\u00e8res 15,90 \u20ac, cr\u00e8me, maroilles ou catalane 16,90 \u20ac.<\/li>\n<li><b>Paloma<\/b>, 9 Place Rihour : moules marini\u00e8res 15,90 \u20ac, cr\u00e8me, maroilles ou catalane 16,90 \u20ac.<\/li>\n<li><b>Peacock<\/b>, 14 Place Rihour : moules marini\u00e8res 15,90 \u20ac, cr\u00e8me, maroilles ou catalane 16,90 \u20ac.<\/li>\n<li><b>Caf\u00e9 Lovster<\/b>, 3\/3bis Boulevard Carnot : moules marini\u00e8res 16 \u20ac, proven\u00e7ales 17 \u20ac, maroilles 18 \u20ac.<\/li>\n<li><b>Le Culot<\/b>, 2 Square Morisson : moules marini\u00e8res ou maroilles 15 \u20ac.<\/li>\n<li><b>Square Caf\u00e9<\/b>, \u00a08 Square Morisson : moules marini\u00e8res 15 \u20ac, \u00e0 la cr\u00e8me 16 \u20ac, au maroilles 18 \u20ac.<\/li>\n<li><b>Fada<\/b>, 10 Rue de Pas : moules marini\u00e8res 15 \u20ac, maroilles 16 \u20ac et safran 17 \u20ac.<\/li>\n<li><b>Babe<\/b>, 48 Rue de l\u2019H\u00f4pital Militaire : moules marini\u00e8res 16,50 \u20ac, chorizo 17 \u20ac, maroilles 18 \u20ac.<\/li>\n<li><b>Smokey Banh Mi<\/b>, 8 Avenue du Peuple Belge : moules marini\u00e8res, cr\u00e8me ou curry 16 \u20ac.<\/li>\n<\/ul>\n<p class=\" wall-content\"><b>Wazemmes :<\/b><\/p>\n<ul class=\" wall-content\">\n<li><b>Boudabar Bu<\/b>, 212 Bis Rue Colbert : moules au basilic tha\u00ef 18 \u20ac, au curry rouge ou au gingembre 19 \u20ac.<\/li>\n<li><b>La Crini\u00e8re<\/b>, 14 Place Philippe de Girard : moules de Bouchot du Mont-Saint-Michel marini\u00e8res 18 \u20ac, \u00e0 la cr\u00e8me 19 \u20ac, maroilles ou chorizo 20 \u20ac.<\/li>\n<\/ul>\n<p class=\" wall-content\"><b>JB Lebas :<\/b><\/p>\n<ul class=\" wall-content\">\n<li><b>Britney<\/b>, 21 Boulevard Jean-Baptiste Lebas : moules marini\u00e8res 16,50 \u20ac, curry 17 \u20ac, gorgonzola 18 \u20ac.<\/li>\n<li><b>Mother<\/b>, 29 Boulevard Jean-Baptiste Lebas : marini\u00e8res 16,50 \u20ac, curry 17 \u20ac, maroilles 18 \u20ac.<\/li>\n<li><b>Tummy<\/b>, 27 Boulevard Jean-Baptiste Lebas : moules marini\u00e8res 16 \u20ac, cr\u00e8me \u00e0 l\u2019ail 16,50 \u20ac, maroilles 17 \u20ac.<\/li>\n<li><b>Caf\u00e9 Bazaar<\/b>, 292 Rue Camille Gu\u00e9rin : moules marini\u00e8res 15\u20ac, cr\u00e8me \u00e0 l\u2019ail 15,50 \u20ac, maroilles 16,50 \u20ac.<\/li>\n<\/ul>\n<p class=\" wall-content\"><b>Rue de Gand :<\/b><\/p>\n<ul class=\" wall-content\">\n<li><b>Brasserie Dufour<\/b>, 2 Place de Gand : moules AOP du Mont-Saint-Michel \u00e0 la marini\u00e8re et frites au gras de b\u0153uf 16,50 \u20ac.<\/li>\n<li><b>Chez Ronny<\/b>, 80 Rue de Gand : moules marini\u00e8res \u00e0 partir de 14 \u20ac.<\/li>\n<li><b>Chez Raoul<\/b>, 56 Rue de Gand : moules marini\u00e8res \u00e0 partir de 14 \u20ac.<\/li>\n<li><b>Yaya<\/b>, 92 Rue de Gand : mouclade et frites \u00e0 15 \u20ac.<\/li>\n<\/ul>\n<p class=\" wall-content\"><b>Ailleurs \u00e0 Lille :\u00a0<\/b><\/p>\n<ul class=\" wall-content\">\n<li><b>Mama Shelter<\/b>, 97 Place Saint-Hubert : moules marini\u00e8res 16 \u20ac, chorizo ou maroilles 18 \u20ac.<\/li>\n<li><b>La Ducasse<\/b>, 95 Rue Solf\u00e9rino : moules marini\u00e8res 15 \u20ac.<\/li>\n<li><b>Au 1er Mai<\/b>, 82 Quai de l\u2019Ouest : moules marini\u00e8res \u00e0 16 \u20ac, ail, maroilles ou chorizo \u00e0 17 \u20ac.<\/li>\n<\/ul>\n<p class=\" wall-content\"><b>Ailleurs dans la m\u00e9tropole de Lille :<\/b><\/p>\n<ul class=\" wall-content\">\n<li><b>Bouillon Pignol<\/b>, 25 Rue Paul Dubrule \u00e0 Lesquin : moules marini\u00e8res 12,90 \u20ac, maroilles ou cr\u00e8me 13,90 \u20ac.<\/li>\n<li><b>Estaminet de la Ferme aux Oies<\/b>, 101 Rue Pav\u00e9 Strat\u00e9gique \u00e0 Marcq-en-Bar\u0153ul : moules marini\u00e8res 16 \u20ac, au maroilles \u00e0 17 \u20ac.<\/li>\n<li><b>Bistrot 235<\/b>, 235 Avenue de l\u2019Hippodrome \u00e0 Lambersart : moules de Bouchot du Mont-Saint-Michel 17,90 \u20ac. Moules marini\u00e8res et frites \u00e0 emporter 13,90 \u20ac. Suppl\u00e9ment maroilles ou persillade : 2 \u20ac.<\/li>\n<li><b>Bistrot Two D<\/b>, 1 Rue de Wambrechies \u00e0 Marquette-lez-Lille : moules de Bouchot du Mont-Saint-Michel 17,90 \u20ac.<\/li>\n<\/ul>\n<p class=\" wall-content\">Personnalisez votre actualit\u00e9 en ajoutant vos villes et m\u00e9dias en favori avec <a href=\"https:\/\/moncompte.actu.fr\" title=\"D\u00e9couvez Mon Actu\" rel=\"nofollow noopener\" data-trk=\"{&quot;cta&quot;:{&quot;action&quot;:&quot;https:\\\/\\\/moncompte.actu.fr&quot;,&quot;category&quot;:&quot;mon compte&quot;,&quot;from&quot;:&quot;article footer&quot;,&quot;name&quot;:&quot;Mon actu&quot;,&quot;type&quot;:&quot;cta&quot;}}\" target=\"_blank\">Mon Actu<\/a>.<\/p>\n<p>                    <script async src=\"\/\/www.instagram.com\/embed.js\"><\/script><\/p>\n","protected":false},"excerpt":{"rendered":"Par Hervine Mahaud Publi\u00e9 le 4 sept. 2025 \u00e0 6h34 C\u2019est l\u2019un des temps forts de la Braderie&hellip;\n","protected":false},"author":2,"featured_media":364958,"comment_status":"","ping_status":"","sticky":false,"template":"","format":"standard","meta":{"footnotes":""},"categories":[2815],"tags":[1111,11,18703,33,1777,674,1011,27,811,1307,35594,12,25,1340],"class_list":{"0":"post-364957","1":"post","2":"type-post","3":"status-publish","4":"format-standard","5":"has-post-thumbnail","7":"category-lille","8":"tag-actu","9":"tag-actualites","10":"tag-braderie-de-lille","11":"tag-economie","12":"tag-eu","13":"tag-europe","14":"tag-fr","15":"tag-france","16":"tag-hauts-de-france","17":"tag-lille","18":"tag-moules","19":"tag-news","20":"tag-republique-francaise","21":"tag-restaurant"},"share_on_mastodon":{"url":"https:\/\/pubeurope.com\/@fr\/115144423141474963","error":""},"_links":{"self":[{"href":"https:\/\/www.europesays.com\/fr\/wp-json\/wp\/v2\/posts\/364957","targetHints":{"allow":["GET"]}}],"collection":[{"href":"https:\/\/www.europesays.com\/fr\/wp-json\/wp\/v2\/posts"}],"about":[{"href":"https:\/\/www.europesays.com\/fr\/wp-json\/wp\/v2\/types\/post"}],"author":[{"embeddable":true,"href":"https:\/\/www.europesays.com\/fr\/wp-json\/wp\/v2\/users\/2"}],"replies":[{"embeddable":true,"href":"https:\/\/www.europesays.com\/fr\/wp-json\/wp\/v2\/comments?post=364957"}],"version-history":[{"count":0,"href":"https:\/\/www.europesays.com\/fr\/wp-json\/wp\/v2\/posts\/364957\/revisions"}],"wp:featuredmedia":[{"embeddable":true,"href":"https:\/\/www.europesays.com\/fr\/wp-json\/wp\/v2\/media\/364958"}],"wp:attachment":[{"href":"https:\/\/www.europesays.com\/fr\/wp-json\/wp\/v2\/media?parent=364957"}],"wp:term":[{"taxonomy":"category","embeddable":true,"href":"https:\/\/www.europesays.com\/fr\/wp-json\/wp\/v2\/categories?post=364957"},{"taxonomy":"post_tag","embeddable":true,"href":"https:\/\/www.europesays.com\/fr\/wp-json\/wp\/v2\/tags?post=364957"}],"curies":[{"name":"wp","href":"https:\/\/api.w.org\/{rel}","templated":true}]}}