{"id":364959,"date":"2025-09-04T05:40:10","date_gmt":"2025-09-04T05:40:10","guid":{"rendered":"https:\/\/www.europesays.com\/fr\/364959\/"},"modified":"2025-09-04T05:40:10","modified_gmt":"2025-09-04T05:40:10","slug":"batilin-au-11e-congres-de-la-construction-durable-a-lille-grand-palais","status":"publish","type":"post","link":"https:\/\/www.europesays.com\/fr\/364959\/","title":{"rendered":"Batilin au 11e congr\u00e8s de la construction durable \u00e0 Lille Grand Palais"},"content":{"rendered":"<p>   <img decoding=\"async\" src=\"https:\/\/www.europesays.com\/fr\/wp-content\/uploads\/2025\/09\/1756964410_79_1200x680\" alt=\"illustration agrandir l'image\" style=\"--_image-preview:url('data:image\/jpeg;base64,\/9j\/2wBDACgcHiMeGSgjISMtKygwPGRBPDc3PHtYXUlkkYCZlo+AjIqgtObDoKrarYqMyP\/L2u71\/\/\/\/m8H\/\/\/\/6\/+b9\/\/j\/2wBDASstLTw1PHZBQXb4pYyl+Pj4+Pj4+Pj4+Pj4+Pj4+Pj4+Pj4+Pj4+Pj4+Pj4+Pj4+Pj4+Pj4+Pj4+Pj4+Pj4+Pj\/wAARCAAqACoDASIAAhEBAxEB\/8QAGAABAQEBAQAAAAAAAAAAAAAAAQACAwT\/xAAYEAEBAQEBAAAAAAAAAAAAAAAAARECEv\/EABYBAQEBAAAAAAAAAAAAAAAAAAECAP\/EABURAQEAAAAAAAAAAAAAAAAAAAAB\/9oADAMBAAIRAxEAPwDzyNSKRuQEcx15ZkahTW5T6Y1aQ5yNSGQ4lYxNAhlHFhBIKVJJEIFFn\/\/Z');\" loading=\"eager\" fetchpriority=\"high\" aria-hidden=\"true\" class=\"svelte-1pnmlwx rounded\" onload=\"this.__e=event\" onerror=\"this.__e=event\"\/> La mairie de Maisoncelle, pr\u00e8s de Fruges, a utilis\u00e9 ces blocs pour sa r\u00e9cente extension &#8211; \u00a9Batilin    <\/p>\n<p class=\"g-ici-body-regular-3 info svelte-1a514ib\">Diffus\u00e9 le jeudi 4 septembre 2025 \u00e0 7:20 <\/p>\n<p class=\"g-ici-body-regular-3 info svelte-1a514ib\">Publi\u00e9 le jeudi 4 septembre 2025 \u00e0 7:20 <\/p>\n<p class=\"g-ici-body-bold-1 standFirst svelte-g22axr\">Cette petite soci\u00e9t\u00e9 de Bourbourg, dans le Dunkerquois,  pr\u00e9sente expose au congr\u00e8s national du b\u00e2timent durable qui commence ce matin \u00e0 Lille Grand Palais et pour deux jours, ses blocs fabriqu\u00e9s \u00e0 base de lin.<\/p>\n<p>Batilin les fabrique \u00e0 partir des anas de lin, ces d\u00e9chets qui subsistent apr\u00e8s la r\u00e9cup\u00e9ration de la fibre. En m\u00e9langeant ce qui ressemble \u00e0 de la paille avec de la chaux, elle produit des blocs qui, tels des parpaings, peuvent remplacer le placopl\u00e2tre ou la brique dans le doublage d&rsquo;un mur. C&rsquo;est une ressource locale au fort pouvoir d&rsquo;isolation thermique.<\/p>\n<ul class=\"SocialNetworks svelte-bt5901\">\n<li class=\"svelte-bt5901\"><\/li>\n<li class=\"svelte-bt5901\"><\/li>\n<li class=\"svelte-bt5901\"><\/li>\n<li class=\"svelte-bt5901\"><\/li>\n<li class=\"svelte-bt5901\"><\/li>\n<\/ul>\n<p role=\"heading\" aria-level=\"2\" class=\"sr-only\">Grande consultation \u00ab\u00a0Ma commune, mon maire et moi\u00a0\u00bb<\/p>\n<p class=\"description g-ici-body-regular-2 svelte-ascr5k\">En vue des \u00e9lections municipales de mars 2026, ICI lance un grand cycle de<br \/>\n      consultations et propose tous les mois un questionnaire th\u00e9matique afin de<br \/>\n      comprendre les attentes et les rapports des citoyens avec leurs maires,<br \/>\n      leurs communes.<\/p>\n<p>Les \u00e9pisodes de l\u2019\u00e9mission\u00a0: L&rsquo;\u00e9co d&rsquo;ici, ici Nord<\/p>\n<p>Sur le m\u00eame th\u00e8me<\/p>\n<ul slot=\"container\" class=\"content svelte-bu824\">\n<li class=\"IciCard  standard svelte-19qbux1\">\n<p class=\"standfirst g-ici-body-regular-2 svelte-19qbux1\">Des peines de 2 \u00e0 8 ans de prison ferme et des amendes de 10.000 \u00e0 100.000 euros ont \u00e9t\u00e9 requises ce vendredi 17 septembre \u00e0 Lille \u00e0 l&rsquo;encontre de 21 pr\u00e9venus, soup\u00e7onn\u00e9s de faire partie d&rsquo;un r\u00e9seau de passeurs entre la France et l&rsquo;Angleterre.<\/p>\n<\/li>\n<li class=\"IciCard  standard svelte-19qbux1\">\n<p class=\"standfirst g-ici-body-regular-2 svelte-19qbux1\">Dans le cadre de leur partenariat \u00ab\u00a0les rem\u00e8des de l&rsquo;\u00e2me\u00a0\u00bb l&rsquo;h\u00f4pital et le Ph\u00e9nix, la sc\u00e8ne nationale de Valenciennes ont propos\u00e9 une f\u00eate de la musique dans le hall de l&rsquo;h\u00f4pital de quoi redonner le sourire aux patients, leurs familles et les soignants.<\/p>\n<\/li>\n<li class=\"IciCard  standard svelte-19qbux1\">\n<p class=\"standfirst g-ici-body-regular-2 svelte-19qbux1\">Deux personnes comparaissent ce jeudi apr\u00e8s avoir \u00e9t\u00e9 interpell\u00e9es le 31 mai \u00e0 Villeneuve d&rsquo;Ascq avec plus de 113 kilos d&rsquo;herbe et de r\u00e9sine de cannabis. Deux autres saisies importantes ont \u00e9t\u00e9 effectu\u00e9es ces derni\u00e8res semaines dans la m\u00e9tropole lilloise.<\/p>\n<\/li>\n<li class=\"IciCard  standard svelte-19qbux1\">\n<p class=\"standfirst g-ici-body-regular-2 svelte-19qbux1\">Le taux de r\u00e9ussite au brevet des coll\u00e8ges un peu plus faible par rapport \u00e0 l&rsquo;ann\u00e9e derni\u00e8re dans l&rsquo;acad\u00e9mie de Lille. 87,4% des \u00e9l\u00e8ves l&rsquo;ont obtenu (89,7% en s\u00e9rie g\u00e9n\u00e9rale et 66,1% en s\u00e9rie professionnelle) contre 93,7% en 2020.<\/p>\n<\/li>\n<\/ul>\n<p class=\"g-ici-body-regular-3 description svelte-1vha4t1\">Tous les vendredis, recevez le meilleur de la semaine d\u2019ici Nord\u00a0: certifi\u00e9 100% local\u00a0!<\/p>\n<p>En cliquant sur \u00ab\u00a0S\u2019abonner\u00a0\u00bb, j&rsquo;accepte que les donn\u00e9es recueillies par<br \/>\n        Radio France soient destin\u00e9es \u00e0 l&rsquo;envoi par courrier \u00e9lectronique de<br \/>\n        contenus et d&rsquo;informations relatifs aux programmes. Plus d&rsquo;informations.<\/p>\n","protected":false},"excerpt":{"rendered":"La mairie de Maisoncelle, pr\u00e8s de Fruges, a utilis\u00e9 ces blocs pour sa r\u00e9cente extension &#8211; \u00a9Batilin Diffus\u00e9&hellip;\n","protected":false},"author":2,"featured_media":364960,"comment_status":"","ping_status":"","sticky":false,"template":"","format":"standard","meta":{"footnotes":""},"categories":[2815],"tags":[1111,11,1777,674,1011,27,811,1307,12,25],"class_list":{"0":"post-364959","1":"post","2":"type-post","3":"status-publish","4":"format-standard","5":"has-post-thumbnail","7":"category-lille","8":"tag-actu","9":"tag-actualites","10":"tag-eu","11":"tag-europe","12":"tag-fr","13":"tag-france","14":"tag-hauts-de-france","15":"tag-lille","16":"tag-news","17":"tag-republique-francaise"},"share_on_mastodon":{"url":"https:\/\/pubeurope.com\/@fr\/115144427356689727","error":""},"_links":{"self":[{"href":"https:\/\/www.europesays.com\/fr\/wp-json\/wp\/v2\/posts\/364959","targetHints":{"allow":["GET"]}}],"collection":[{"href":"https:\/\/www.europesays.com\/fr\/wp-json\/wp\/v2\/posts"}],"about":[{"href":"https:\/\/www.europesays.com\/fr\/wp-json\/wp\/v2\/types\/post"}],"author":[{"embeddable":true,"href":"https:\/\/www.europesays.com\/fr\/wp-json\/wp\/v2\/users\/2"}],"replies":[{"embeddable":true,"href":"https:\/\/www.europesays.com\/fr\/wp-json\/wp\/v2\/comments?post=364959"}],"version-history":[{"count":0,"href":"https:\/\/www.europesays.com\/fr\/wp-json\/wp\/v2\/posts\/364959\/revisions"}],"wp:featuredmedia":[{"embeddable":true,"href":"https:\/\/www.europesays.com\/fr\/wp-json\/wp\/v2\/media\/364960"}],"wp:attachment":[{"href":"https:\/\/www.europesays.com\/fr\/wp-json\/wp\/v2\/media?parent=364959"}],"wp:term":[{"taxonomy":"category","embeddable":true,"href":"https:\/\/www.europesays.com\/fr\/wp-json\/wp\/v2\/categories?post=364959"},{"taxonomy":"post_tag","embeddable":true,"href":"https:\/\/www.europesays.com\/fr\/wp-json\/wp\/v2\/tags?post=364959"}],"curies":[{"name":"wp","href":"https:\/\/api.w.org\/{rel}","templated":true}]}}