{"id":364963,"date":"2025-09-04T05:42:09","date_gmt":"2025-09-04T05:42:09","guid":{"rendered":"https:\/\/www.europesays.com\/fr\/364963\/"},"modified":"2025-09-04T05:42:09","modified_gmt":"2025-09-04T05:42:09","slug":"chaque-seconde-jy-pense-apres-lattaque-au-couteau-le-quartier-belsunce-toujours-sous-le-choc-a-marseille","status":"publish","type":"post","link":"https:\/\/www.europesays.com\/fr\/364963\/","title":{"rendered":"\u00ab\u00a0Chaque seconde, j&rsquo;y pense\u00a0\u00bb : Apr\u00e8s l&rsquo;attaque au couteau, le quartier Belsunce toujours sous le choc \u00e0 Marseille"},"content":{"rendered":"<p>Deux jours apr\u00e8s l&rsquo;attaque au couteau d&rsquo;un d\u00e9s\u00e9quilibr\u00e9 cours Belsunce \u00e0 Marseille, le quartier est toujours sous le choc. <\/p>\n<p>C&rsquo;est le sujet au coeur de toutes les discussions dans le quartier Belsunce (1er), \u00e0 Marseille. Depuis\u00a0<a class=\"IciLink ici-link IciArticleLink g-ici-body-regular-1 underline brand svelte-lu7k6w\" href=\"https:\/\/www.francebleu.fr\/infos\/faits-divers-justice\/attaque-au-couteau-a-marseille-cinq-blesses-l-assaillant-tue-6654800\" rel=\"nofollow noopener\" target=\"_blank\">l&rsquo;attaque au couteau d&rsquo;un homme mardi 2 septembre, qui a bless\u00e9 cinq personnes<\/a>, les habitants \u00e9changent sur ce que les uns ont vu, ce que les autres en pensent.<\/p>\n<p>Buran, g\u00e9rant d&rsquo;Istanbul City, le snack o\u00f9 a \u00e9t\u00e9 abattu l&rsquo;assaillant, a encore la sc\u00e8ne bien en t\u00eate. \u00ab\u00a0Je l&rsquo;ai vu, avec des grands couteaux dans chaque main, se rem\u00e9more-t-il \u00e0 ICI Provence. \u00ab\u00a0La police lui a demand\u00e9 de les jeter. Puis il a cri\u00e9 et a march\u00e9 vers les policiers. Et ils ont tir\u00e9, l\u00e0, entre les deux tables\u00a0\u00bb d\u00e9taille le commer\u00e7ant, qui a rouvert son enseigne d\u00e8s ce mercredi matin.<\/p>\n<p>Son fils Emircan, 18 ans, est encore sous le choc. \u00ab\u00a0Je n&rsquo;oublierais jamais \u00e7a de ma vie\u00a0\u00bb confie-t-il. \u00ab\u00a0Chaque seconde, j&rsquo;y pense. Je revois le moment o\u00f9 je l&rsquo;ai vu par terre. Ses habits en sang&#8230;C&rsquo;est la premi\u00e8re fois que je vois une chose aussi grave \u00e0 Belsunce.\u00a0\u00bb<\/p>\n<p>\u00ab\u00a0Je vais partir\u00a0\u00bb<\/p>\n<p>Les habitants du quartier r\u00e9clament plus de s\u00e9curit\u00e9. \u00ab\u00a0On a peur, souffle Murielle. Moi, j&rsquo;ai fait une demande d&rsquo;appartement ailleurs, j&rsquo;attends qu&rsquo;on m&rsquo;en donne un,\u00a0 je vais partir. Il faut plus de policiers\u00a0! C&rsquo;est ce que je demande au Maire. M\u00eame s&rsquo;il y a des cam\u00e9ras, qu&rsquo;il rajoute des policiers\u00a0!\u00a0\u00bb<\/p>\n<p>L&rsquo;h\u00f4tel Amira, o\u00f9 a eu lieu la premi\u00e8re attaque de l&rsquo;assaillant, se trouve un peu plus loin, rue des Petites Maries. Cette rue est \u00ab\u00a0assez sp\u00e9ciale\u00a0\u00bb juge Isabelle, qui y vit. \u00ab\u00a0On en a marre. Il y a trop de violences\u00a0\u00bb se d\u00e9sole-t-elle, avant de pointer la Gare-Saint-Charles, situ\u00e9e \u00e0 deux pas\u00a0: \u00ab\u00a0Vous vous rendez compte, vous arrivez d&rsquo;une gare et vous voyez \u00e7a\u00a0?\u00a0\u00bb<\/p>\n<p>Les avanc\u00e9es de l&rsquo;enqu\u00eate, l&rsquo;assaillant souffrait \u00ab\u00a0de troubles psychiatriques\u00a0\u00bb<\/p>\n<p>Parall\u00e8lement, le procureur de la R\u00e9publique Nicolas Bessone a \u00e9voqu\u00e9 les avan\u00e7\u00e9es de l&rsquo;enqu\u00eate ce mercredi. Elle s&rsquo;oriente sur\u00a0<a class=\"IciLink ici-link IciArticleLink g-ici-body-regular-1 underline brand svelte-lu7k6w\" href=\"https:\/\/www.francebleu.fr\/infos\/faits-divers-justice\/attaque-au-couteau-a-marseille-l-agresseur-souffrait-de-troubles-psychiatriques-et-avait-deja-ete-condamne-6138862\" rel=\"nofollow noopener\" target=\"_blank\">un litige priv\u00e9 avec l&rsquo;h\u00f4tel o\u00f9 il r\u00e9sidait.<\/a><\/p>\n<p>L&rsquo;assaillant \u00ab\u00a0n&rsquo;apparaissait pas radicalis\u00e9 mais souffrant de troubles psychiatriques\u00a0\u00bb a-t-il d\u00e9taill\u00e9. Abdelkader Dibi, Tunisien de 35 ans, s\u00e9journait <strong>de mani\u00e8re r\u00e9guli\u00e8re en France.<\/strong><\/p>\n<p>Il \u00e9tait connu \u00ab\u00a0pour sa violence et ses probl\u00e8mes d&rsquo;addiction \u00e0 la fois \u00e0 la coca\u00efne et \u00e0 l&rsquo;alcool\u00a0\u00bb. Il avait notamment \u00e9t\u00e9 jug\u00e9 \u00e0 La Rochelle pour des violences avec arme commises en 2023 sur un neveu, et condamn\u00e9 \u00e0 quatre ans de prison dont trois ans assortis d&rsquo;un sursis probatoire d&rsquo;une dur\u00e9e de deux ans. Il avait fait appel de la d\u00e9cision. \u00ab\u00a0Dans l&rsquo;attente de cet appel, la peine n&rsquo;avait pas encore \u00e9t\u00e9 ex\u00e9cut\u00e9e\u00a0\u00bb a indiqu\u00e9 le magistrat.<\/p>\n<p>Nicolas Bessone a rappel\u00e9 que le parquet national anti-terrroriste \u00ab\u00a0ne souhaite pas retenir sa comp\u00e9tence\u00a0\u00bb sur cette affaire pour le moment, m\u00eame si l&rsquo;agresseur a bien cri\u00e9 \u00ab\u00a0Allah Akbar\u00a0\u00bb \u00e0 plusieurs reprises.<\/p>\n<p><strong>Les trois victimes touch\u00e9es au couteau lors de l&rsquo;attaque sont d\u00e9sormais hors de danger,<\/strong> y compris le \u00ab\u00a0colocataire\u00a0\u00bb de l&rsquo;assaillant dans un h\u00f4tel dont il avait \u00e9t\u00e9 expuls\u00e9 pour non paiement. Ce dernier \u00e9tait le plus gri\u00e8vement touch\u00e9, bless\u00e9 au coeur.<\/p>\n","protected":false},"excerpt":{"rendered":"Deux jours apr\u00e8s l&rsquo;attaque au couteau d&rsquo;un d\u00e9s\u00e9quilibr\u00e9 cours Belsunce \u00e0 Marseille, le quartier est toujours sous le&hellip;\n","protected":false},"author":2,"featured_media":364964,"comment_status":"","ping_status":"","sticky":false,"template":"","format":"standard","meta":{"footnotes":""},"categories":[2814],"tags":[1111,11,1777,674,1011,27,884,12,882,25],"class_list":{"0":"post-364963","1":"post","2":"type-post","3":"status-publish","4":"format-standard","5":"has-post-thumbnail","7":"category-marseille","8":"tag-actu","9":"tag-actualites","10":"tag-eu","11":"tag-europe","12":"tag-fr","13":"tag-france","14":"tag-marseille","15":"tag-news","16":"tag-provence-alpes-cote-dazur","17":"tag-republique-francaise"},"share_on_mastodon":{"url":"https:\/\/pubeurope.com\/@fr\/115144434840279311","error":""},"_links":{"self":[{"href":"https:\/\/www.europesays.com\/fr\/wp-json\/wp\/v2\/posts\/364963","targetHints":{"allow":["GET"]}}],"collection":[{"href":"https:\/\/www.europesays.com\/fr\/wp-json\/wp\/v2\/posts"}],"about":[{"href":"https:\/\/www.europesays.com\/fr\/wp-json\/wp\/v2\/types\/post"}],"author":[{"embeddable":true,"href":"https:\/\/www.europesays.com\/fr\/wp-json\/wp\/v2\/users\/2"}],"replies":[{"embeddable":true,"href":"https:\/\/www.europesays.com\/fr\/wp-json\/wp\/v2\/comments?post=364963"}],"version-history":[{"count":0,"href":"https:\/\/www.europesays.com\/fr\/wp-json\/wp\/v2\/posts\/364963\/revisions"}],"wp:featuredmedia":[{"embeddable":true,"href":"https:\/\/www.europesays.com\/fr\/wp-json\/wp\/v2\/media\/364964"}],"wp:attachment":[{"href":"https:\/\/www.europesays.com\/fr\/wp-json\/wp\/v2\/media?parent=364963"}],"wp:term":[{"taxonomy":"category","embeddable":true,"href":"https:\/\/www.europesays.com\/fr\/wp-json\/wp\/v2\/categories?post=364963"},{"taxonomy":"post_tag","embeddable":true,"href":"https:\/\/www.europesays.com\/fr\/wp-json\/wp\/v2\/tags?post=364963"}],"curies":[{"name":"wp","href":"https:\/\/api.w.org\/{rel}","templated":true}]}}