{"id":364965,"date":"2025-09-04T05:43:12","date_gmt":"2025-09-04T05:43:12","guid":{"rendered":"https:\/\/www.europesays.com\/fr\/364965\/"},"modified":"2025-09-04T05:43:12","modified_gmt":"2025-09-04T05:43:12","slug":"un-nouvel-hotel-hilton-va-voir-le-jour-a-lyon-sur-les-bords-de-la-saone","status":"publish","type":"post","link":"https:\/\/www.europesays.com\/fr\/364965\/","title":{"rendered":"Un nouvel h\u00f4tel Hilton va voir le jour \u00e0 Lyon : sur les bords de la Sa\u00f4ne"},"content":{"rendered":"<p><strong>Un nouvel h\u00f4tel 3 \u00e9toiles va voir le jour \u00e0 Lyon \u00e0 la fin de l\u2019ann\u00e9e 2025 dans une ville qui en compte d\u00e9j\u00e0 beaucoup : il est \u00e0 l\u2019enseigne Spark by Hilton Lyon Ouest et est situ\u00e9 50 rue Paul S\u00e9daillan dans le 9\u00e8me arrondissement. Il est d\u00e9tenu et g\u00e9r\u00e9 par le groupe lyonnais Arteloge.\u2028\u2028D\u00e9clinaison de la marque am\u00e9ricaine en 3 \u00e9toiles, le nouvel h\u00f4tel Spark by Hilton Lyon Ouest est situ\u00e9 sur les berges de la Sa\u00f4ne, dans le quartier d\u2019affaires de Vaise du 9e arrondissement de Lyon.<\/strong><\/p>\n<p><img loading=\"lazy\" decoding=\"async\" class=\"aligncenter size-full wp-image-38805\" src=\"https:\/\/www.europesays.com\/fr\/wp-content\/uploads\/2025\/09\/Capture-de\u0301cran-2025-09-04-a\u0300-07.18.32.png\" alt=\"\" width=\"996\" height=\"642\"  \/><\/p>\n<p>On y trouve un restaurant sur place, le restaurant italien Quai 50. IL\u2019h\u00f4tel dispose d\u2019une salle int\u00e9rieure ainsi qu\u2019une terrasse aux beaux jours, c\u00f4t\u00e9 Sa\u00f4ne. Le restaurant est ouvert du lundi au vendredi pour le d\u00e9jeuner.<\/p>\n<p>L\u2019h\u00f4tel b\u00e9n\u00e9ficie aussi d\u2019une salle de fitness.<\/p>\n<p>\u00ab Nous collaborons avec Hilton par le biais de la franchise d\u2019une partie de nos \u00e9tablissements lyonnais. Ce partenariat nous permet de b\u00e9n\u00e9ficier de la force d\u2019une marque internationale tout en restant gestionnaires et propri\u00e9taires de nos h\u00f4tels. Nous sommes fiers de jouer un r\u00f4le dans l\u2019introduction de Spark by Hilton en France \u00bb se f\u00e9licite Eric Giorgi, le Pdg du groupe lyonnais Arteloge H\u00f4tels &amp; Restaurants qui d\u00e9tient et g\u00e8re le nouvel Hilton.<\/p>\n<p>Les tarifs des chambres au nombre de 102, commencent \u00e0 partir de 101 \u20ac TTC pour deux personnes, petit-d\u00e9jeuner inclus.<\/p>\n<p>D\u2019autres h\u00f4tels Hilton sign\u00e9s Arteloge vont \u00e9galement voir le jour \u00e0 Lyon.<\/p>\n","protected":false},"excerpt":{"rendered":"Un nouvel h\u00f4tel 3 \u00e9toiles va voir le jour \u00e0 Lyon \u00e0 la fin de l\u2019ann\u00e9e 2025 dans&hellip;\n","protected":false},"author":2,"featured_media":364966,"comment_status":"","ping_status":"","sticky":false,"template":"","format":"standard","meta":{"footnotes":""},"categories":[1889],"tags":[1111,11,2430,1777,674,1011,27,2428,12,25],"class_list":{"0":"post-364965","1":"post","2":"type-post","3":"status-publish","4":"format-standard","5":"has-post-thumbnail","7":"category-lyon","8":"tag-actu","9":"tag-actualites","10":"tag-auvergne-rhone-alpes","11":"tag-eu","12":"tag-europe","13":"tag-fr","14":"tag-france","15":"tag-lyon","16":"tag-news","17":"tag-republique-francaise"},"share_on_mastodon":{"url":"https:\/\/pubeurope.com\/@fr\/115144438871312734","error":""},"_links":{"self":[{"href":"https:\/\/www.europesays.com\/fr\/wp-json\/wp\/v2\/posts\/364965","targetHints":{"allow":["GET"]}}],"collection":[{"href":"https:\/\/www.europesays.com\/fr\/wp-json\/wp\/v2\/posts"}],"about":[{"href":"https:\/\/www.europesays.com\/fr\/wp-json\/wp\/v2\/types\/post"}],"author":[{"embeddable":true,"href":"https:\/\/www.europesays.com\/fr\/wp-json\/wp\/v2\/users\/2"}],"replies":[{"embeddable":true,"href":"https:\/\/www.europesays.com\/fr\/wp-json\/wp\/v2\/comments?post=364965"}],"version-history":[{"count":0,"href":"https:\/\/www.europesays.com\/fr\/wp-json\/wp\/v2\/posts\/364965\/revisions"}],"wp:featuredmedia":[{"embeddable":true,"href":"https:\/\/www.europesays.com\/fr\/wp-json\/wp\/v2\/media\/364966"}],"wp:attachment":[{"href":"https:\/\/www.europesays.com\/fr\/wp-json\/wp\/v2\/media?parent=364965"}],"wp:term":[{"taxonomy":"category","embeddable":true,"href":"https:\/\/www.europesays.com\/fr\/wp-json\/wp\/v2\/categories?post=364965"},{"taxonomy":"post_tag","embeddable":true,"href":"https:\/\/www.europesays.com\/fr\/wp-json\/wp\/v2\/tags?post=364965"}],"curies":[{"name":"wp","href":"https:\/\/api.w.org\/{rel}","templated":true}]}}