{"id":364967,"date":"2025-09-04T05:44:10","date_gmt":"2025-09-04T05:44:10","guid":{"rendered":"https:\/\/www.europesays.com\/fr\/364967\/"},"modified":"2025-09-04T05:44:10","modified_gmt":"2025-09-04T05:44:10","slug":"la-mairie-fait-installer-une-plaque-avec-une-mauvaise-date","status":"publish","type":"post","link":"https:\/\/www.europesays.com\/fr\/364967\/","title":{"rendered":"la mairie fait installer une plaque avec une mauvaise date&#8230;"},"content":{"rendered":"<p>Si la d\u00e9put\u00e9e LFI \u00e9voquait \u00ab\u00a0la guerre de 39-46\u00a0\u00bb, ses alli\u00e9s \u00e9cologistes lyonnais ont \u00e9galement des probl\u00e8mes avec les dates li\u00e9es \u00e0 ce conflit.<\/p>\n<p>Ce mercredi, une c\u00e9r\u00e9monie avait lieu devant le Veilleur de Pierre place Bellecour pour la comm\u00e9moration de la Lib\u00e9ration de Lyon. Et des plaques ont \u00e9t\u00e9 install\u00e9es tout autour du site officiel, o\u00f9 l&rsquo;on pouvait lire : \u00ab\u00a0Ici nous comm\u00e9morons la Lib\u00e9ration de Lyon. Le 3 septembre 1945, la 1\u00e8re Division Fran\u00e7aise Libre franchit le pont de l&rsquo;Homme de la Roche et rejoint la place des Terreaux. Apr\u00e8s de longs mois d&rsquo;occupation, de r\u00e9pression, de rationnement, Lyon est lib\u00e9r\u00e9e\u00a0\u00bb.<\/p>\n<p>Or, le 3 septembre 1945, le g\u00e9n\u00e9ral Diego Brosset ne risquait pas de lib\u00e9rer Lyon, puisqu&rsquo;il \u00e9tait d\u00e9j\u00e0 mort.<\/p>\n<p>C&rsquo;est plut\u00f4t le 3 septembre 1944 qu&rsquo;il entrait triomphalement dans Lyon.<\/p>\n<p>Une erreur qui n&rsquo;aura \u00e9t\u00e9 d\u00e9cel\u00e9e par la municipalit\u00e9 qu&rsquo;une fois les plaques install\u00e9es. Ou plut\u00f4t lorsque des Lyonnais avis\u00e9s leur auront fait remarquer. Les plaques avec la coquille ont ensuite \u00e9t\u00e9 rapidement enlev\u00e9es.<\/p>\n<p>La Ville de Lyon a rejet\u00e9 la faute sur son service de la direction de la communication externe, o\u00f9 travaillent plus d&rsquo;une cinquantaine d&rsquo;agents.<\/p>\n","protected":false},"excerpt":{"rendered":"Si la d\u00e9put\u00e9e LFI \u00e9voquait \u00ab\u00a0la guerre de 39-46\u00a0\u00bb, ses alli\u00e9s \u00e9cologistes lyonnais ont \u00e9galement des probl\u00e8mes avec&hellip;\n","protected":false},"author":2,"featured_media":364968,"comment_status":"","ping_status":"","sticky":false,"template":"","format":"standard","meta":{"footnotes":""},"categories":[1889],"tags":[1111,11,2813,2190,2430,1109,251,1112,2811,1777,674,118,1011,27,1922,1110,1114,2428,2810,12,241,316,25,2812,517,800],"class_list":{"0":"post-364967","1":"post","2":"type-post","3":"status-publish","4":"format-standard","5":"has-post-thumbnail","7":"category-lyon","8":"tag-actu","9":"tag-actualites","10":"tag-article","11":"tag-asvel","12":"tag-auvergne-rhone-alpes","13":"tag-breves","14":"tag-culture","15":"tag-depeches","16":"tag-economique","17":"tag-eu","18":"tag-europe","19":"tag-faits-divers","20":"tag-fr","21":"tag-france","22":"tag-info","23":"tag-informations","24":"tag-infos","25":"tag-lyon","26":"tag-lyonmag","27":"tag-news","28":"tag-ol","29":"tag-politique","30":"tag-republique-francaise","31":"tag-sociale","32":"tag-sport","33":"tag-transports"},"share_on_mastodon":{"url":"https:\/\/pubeurope.com\/@fr\/115144442658768247","error":""},"_links":{"self":[{"href":"https:\/\/www.europesays.com\/fr\/wp-json\/wp\/v2\/posts\/364967","targetHints":{"allow":["GET"]}}],"collection":[{"href":"https:\/\/www.europesays.com\/fr\/wp-json\/wp\/v2\/posts"}],"about":[{"href":"https:\/\/www.europesays.com\/fr\/wp-json\/wp\/v2\/types\/post"}],"author":[{"embeddable":true,"href":"https:\/\/www.europesays.com\/fr\/wp-json\/wp\/v2\/users\/2"}],"replies":[{"embeddable":true,"href":"https:\/\/www.europesays.com\/fr\/wp-json\/wp\/v2\/comments?post=364967"}],"version-history":[{"count":0,"href":"https:\/\/www.europesays.com\/fr\/wp-json\/wp\/v2\/posts\/364967\/revisions"}],"wp:featuredmedia":[{"embeddable":true,"href":"https:\/\/www.europesays.com\/fr\/wp-json\/wp\/v2\/media\/364968"}],"wp:attachment":[{"href":"https:\/\/www.europesays.com\/fr\/wp-json\/wp\/v2\/media?parent=364967"}],"wp:term":[{"taxonomy":"category","embeddable":true,"href":"https:\/\/www.europesays.com\/fr\/wp-json\/wp\/v2\/categories?post=364967"},{"taxonomy":"post_tag","embeddable":true,"href":"https:\/\/www.europesays.com\/fr\/wp-json\/wp\/v2\/tags?post=364967"}],"curies":[{"name":"wp","href":"https:\/\/api.w.org\/{rel}","templated":true}]}}