{"id":364977,"date":"2025-09-04T05:50:23","date_gmt":"2025-09-04T05:50:23","guid":{"rendered":"https:\/\/www.europesays.com\/fr\/364977\/"},"modified":"2025-09-04T05:50:23","modified_gmt":"2025-09-04T05:50:23","slug":"5-expositions-gratuites-a-voir-en-septembre-a-paris-nantes-saint-paul-de-vence","status":"publish","type":"post","link":"https:\/\/www.europesays.com\/fr\/364977\/","title":{"rendered":"5 expositions gratuites \u00e0 voir en septembre \u00e0 Paris, Nantes, Saint-Paul-de-Vence\u2026"},"content":{"rendered":"<p class=\"editor-content__paragraph\">Le grand rendez-vous culturel et gratuit de ce mois de septembre, ce sont bien s\u00fbr les <strong>Journ\u00e9es du patrimoine<\/strong>, qui ouvriront les portes de milliers de monuments et de mus\u00e9es au grand public <strong>les 19, 20\u00a0et 21\u00a0septembre<\/strong> prochains. De leurs c\u00f4t\u00e9s, les centres d\u2019art, galeries et autres institutions poursuivent <strong>leurs expositions gratuites<\/strong>, conjuguant au quotidien l\u2019ambition de <strong>la d\u00e9mocratisation culturelle<\/strong>.<\/p>\n<p class=\"editor-content__paragraph\">Dans cette s\u00e9lection, se croisent ainsi <strong>un \u00e9crivain allemand<\/strong> et une danseuse, <strong>un plasticien d\u2019origine iranienne<\/strong> et une galerie cinquantenaire, une odyss\u00e9e photographique et <strong>quelques \u0153uvres embl\u00e9matiques de <a href=\"https:\/\/www.beauxarts.com\/grand-format\/marcel-duchamp-en-trois-minutes\/\" target=\"_blank\" rel=\"noopener\">Marcel Duchamp<\/a><\/strong><a href=\"https:\/\/www.beauxarts.com\/grand-format\/marcel-duchamp-en-trois-minutes\/\" target=\"_blank\" rel=\"noopener\">.<\/a> Alors, on sort\u00a0?<\/p>\n<p>\u00c0 Paris, les multiples exp\u00e9rimentations de Pooya Abbasian<\/p>\n<p>    <img loading=\"lazy\" decoding=\"async\" class=\"image__img\" src=\"https:\/\/www.europesays.com\/fr\/wp-content\/uploads\/2025\/09\/web1.pooya-abbasian-cine8-2017-tapisserie-en-jacquart-964x681.jpg\" alt=\"Pooya Abbasian, Cin\u00e9 8\" width=\"964\" height=\"681\"\/><\/p>\n<p>Pooya Abbasian, Cin\u00e9 8, 2017<\/p>\n<p>    i<\/p>\n<p class=\"legende__cartel\">Tapisserie en jacquart \u2022 \u00a9 Pooya Abbasian<\/p>\n<p class=\"editor-content__paragraph\"><strong>La rue de M\u00e9nilmontant<\/strong> m\u00e9rite en cette rentr\u00e9e deux arr\u00eats\u00a0: le premier, c\u2019est au num\u00e9ro 35, o\u00f9 <strong>une toute nouvelle librairie de bande-dessin\u00e9e et d\u2019albums pour enfants<\/strong> a ouvert cet \u00e9t\u00e9 (Les Merveilles). Le second, c\u2019est en haut de la rue, au <strong>Pavillon Carr\u00e9 de Baudouin<\/strong>, qui met en lumi\u00e8re une figure importante de la cr\u00e9ation iranienne\u00a0: <strong>Pooya Abbasian<\/strong>, collaborateur du c\u00e9l\u00e8bre r\u00e9alisateur <strong>Jafar Panahi<\/strong> install\u00e9 depuis une quinzaine d\u2019ann\u00e9es \u00e0 Paris. En dialogue avec quelques-uns des artistes qui ont inspir\u00e9 sa pratique, <strong>Chris Marker, <a href=\"https:\/\/www.beauxarts.com\/expos\/au-centre-pompidou-la-carte-blanche-hors-norme-de-wolfgang-tillmans\/\" target=\"_blank\" rel=\"noopener\">Wolfgang Tillmans<\/a> ou Katinka Bock<\/strong>, ses \u0153uvres r\u00e9v\u00e8lent un go\u00fbt prononc\u00e9 pour l\u2019exp\u00e9rimentation, de l\u2019image en mouvement jusqu\u2019au travail du volume. Avec des cyanotypes, des tapisseries, <strong>des impressions sur des pellicules photo p\u00e9rim\u00e9es<\/strong>, des c\u00e9ramiques anim\u00e9es de vid\u00e9oprojections, un court-m\u00e9trage\u2026 Et un projet r\u00e9alis\u00e9 <strong>in situ \u00e0 partir d\u2019une collecte de r\u00e9cits.<\/strong><\/p>\n<p>Du 18 septembre 2025 au 13 d\u00e9cembre 2025<\/p>\n<p class=\"url-expo\"><a href=\"https:\/\/www.pavilloncarredebaudouin.fr\/expositions\/in-dubio-pro-reo-pooya-abbasian\/\" target=\"_blank\" rel=\"noopener\">www.pavilloncarredebaudouin.fr<\/a><\/p>\n<p class=\"annexe-content__infos\">Pavillon Carr\u00e9 de Baudouin \u2022 121 Rue de M\u00e9nilmontant \u2022 75020 Paris<br \/><a href=\"https:\/\/www.mairie20.paris.fr\/mes-demarches\/culture\/le-pavillon-carre-de-baudouin\/le-pavillon-carre-de-baudouin-197\" target=\"_blank\" rel=\"noopener\">www.mairie20.paris.fr<\/a><\/p>\n<p>        \u00c0 lire aussi :<br \/>\n        <a class=\"renvoi-explicite__link\" href=\"https:\/\/www.beauxarts.com\/expos\/au-centre-pompidou-la-carte-blanche-hors-norme-de-wolfgang-tillmans\/\" target=\"_blank\" rel=\"noopener\">\u00c0 la Bpi du Centre Pompidou, la carte blanche hors norme de Wolfgang Tillmans<\/a><\/p>\n<p>\u00c0 Nantes, une \u00e9l\u00e9gante odyss\u00e9e agricole<\/p>\n<p>    <img loading=\"lazy\" decoding=\"async\" class=\"image__img\" src=\"https:\/\/www.europesays.com\/fr\/wp-content\/uploads\/2025\/09\/webdamien.mousseau-13-964x543.jpg\" alt=\"Damien Mousseau, Une odyss\u00e9e en terre agricole\" width=\"964\" height=\"543\"\/><\/p>\n<p>Damien Mousseau, Une odyss\u00e9e en terre agricole, 2018\u00a0\u2013 2024<\/p>\n<p>    i<\/p>\n<p class=\"editor-content__paragraph\">Tout l\u2019\u00e9t\u00e9, la loi Duplomb a divis\u00e9 les Fran\u00e7ais, <strong> opposant les sensibilit\u00e9s \u00e9cologistes aux imp\u00e9ratifs des fili\u00e8res agricoles.<\/strong> Ces tensions r\u00e9v\u00e8lent le contraste entre des mondes qui, le plus souvent, ne se c\u00f4toient pas, ne se connaissent pas. C\u2019est pourquoi l\u2019exposition de rentr\u00e9e du <strong>Centre Claude Cahun \u00e0 Nantes<\/strong> semble importante \u00e0 signaler\u00a0: elle met en avant le travail de <strong>Damien Mousseau, photographe et jardinier<\/strong>, qui r\u00e9alise depuis 2018\u00a0des images de l\u2019agriculture sur ses terres, dans les Pays de la Loire. Et documente \u00ab\u00a0la mani\u00e8re, dont les agricultrices, agriculteurs travaillent le sol et \u00e9l\u00e8vent les animaux pour fabriquer notre alimentation en ce d\u00e9but de XXIe si\u00e8cle\u00a0\u00bb, explique-t-il. Un regard singulier, \u00e9l\u00e9gant, qui <strong>enrichit la r\u00e9flexion autour de l\u2019agriculture d\u2019aujourd\u2019hui.<\/strong> \u00c0 voir.<\/p>\n<p>  Arrow<\/p>\n<p>Une odyss\u00e9e en terre agricole<\/p>\n<p>Du 12 septembre 2025 au 4 octobre 2025<\/p>\n<p class=\"url-expo\"><a href=\"https:\/\/www.centreclaudecahun.fr\/fr\/programmation\/une-odyssee-en-terre-agricole\" target=\"_blank\" rel=\"noopener\">www.centreclaudecahun.fr<\/a><\/p>\n<p class=\"annexe-content__infos\">Centre Claude Cahun  \u2022 44 Rue de Richebourg \u2022 44000 Nantes<br \/><a href=\"https:\/\/www.centreclaudecahun.fr\/fr\" target=\"_blank\" rel=\"noopener\">www.centreclaudecahun.fr<\/a><\/p>\n<p>\u00c0 Paris, l\u2019\u00e9mulation d\u2019un couple allemand<\/p>\n<p>    <img loading=\"lazy\" decoding=\"async\" class=\"image__img\" src=\"https:\/\/www.europesays.com\/fr\/wp-content\/uploads\/2025\/09\/webanna-gunter-grass--munchner-stadtmuseum-sammlung.-photographie-archives-barbara-niggl-radloff-964.jpeg\" alt=\"Anna &amp; Gu\u0308nter Grass\" width=\"964\" height=\"964\"\/><\/p>\n<p class=\"legende__cartel\">Photographie noir et blanc \u2022 \u00a9 Mu\u0308nchner Stadtmuseum Sammlung \/ \u00a9 Archives Barbara Niggl Radloff<\/p>\n<p class=\"editor-content__paragraph\">G\u00fcnter Grass est <strong>l\u2019un des \u00e9crivains allemands les plus c\u00e9l\u00e8bres du XXe si\u00e8cle.<\/strong> Laur\u00e9at du prix Nobel de litt\u00e9rature en 1999, il a fait entendre une puissante voix de gauche, s\u2019est engag\u00e9 <strong>pour les droits des femmes, contre la guerre et le commerce des armes<\/strong>, a d\u00e9nonc\u00e9 les entraves \u00e0 la libert\u00e9 d\u2019\u00e9crivains comme Salman Rushdie et Orhan Pamuk\u2026 Extr\u00eamement m\u00e9diatique, son imposante figure a occult\u00e9 celle de <strong>son \u00e9pouse, la danseuse Anna Grass.<\/strong> Cet automne, le<strong> Goethe Institut<\/strong> propose de revenir sur<strong> leur s\u00e9jour \u00e0 Paris, de 1956 \u00e0 1960<\/strong>, et d\u2019\u00e9clairer tout \u00e0 la fois le contexte de cr\u00e9ation du chef-d\u2019\u0153uvre de G\u00fcnter Grass, <strong>Le Tambour<\/strong>, \u00e9crit durant ses ann\u00e9es fran\u00e7aises, mais aussi les recherches d\u2019Anna Grass, <strong>sa formation de ballerine et ses peintures.<\/strong> Une prometteuse mise en lumi\u00e8re.<\/p>\n<p>  Arrow<\/p>\n<p>Anna &amp; G\u00fcnter Grass<\/p>\n<p>Du 15 septembre 2025 au 28 octobre 2025<\/p>\n<p class=\"url-expo\"><a href=\"https:\/\/www.goethe.de\/ins\/fr\/fr\/sta\/par\/ver.cfm?event_id=26811767\" target=\"_blank\" rel=\"noopener\">www.goethe.de<\/a><\/p>\n<p class=\"annexe-content__infos\">Goethe-Institut Paris \u2022 17 Avenue d&rsquo;I\u00e9na \u2022 75116 Paris<br \/><a href=\"https:\/\/www.goethe.de\/ins\/fr\/fr\/sta\/par.html\" target=\"_blank\" rel=\"noopener\">www.goethe.de<\/a><\/p>\n<p>\u00c0 Saint-Paul-de-Vence, la galerie Catherine Issert f\u00eate son anniversaire en beaut\u00e9<\/p>\n<p>    <img loading=\"lazy\" decoding=\"async\" class=\"image__img\" src=\"https:\/\/www.europesays.com\/fr\/wp-content\/uploads\/2025\/09\/webvue-exposition-50-ans-de-la-galerie-catherine-issert--francois-fernandez--964x487.jpg\" alt=\"Exposition pour les 50 ans de la Galerie Catherine Issert\" width=\"964\" height=\"487\"\/><\/p>\n<p>Exposition pour les 50\u00a0ans de la Galerie Catherine Issert<\/p>\n<p>    i<\/p>\n<p class=\"editor-content__paragraph\">Elle a \u00e9t\u00e9 inaugur\u00e9e une dizaine d\u2019ann\u00e9es apr\u00e8s la <a href=\"https:\/\/www.beauxarts.com\/expos\/la-fondation-maeght-ou-lindemodable-moderne\/\" target=\"_blank\" rel=\"noopener\"><strong>fondation Maeght<\/strong><\/a>\u00a0: \u00e0 Saint-Paul-de-Vence, <strong>la galerie Catherine Issert<\/strong> est l\u2019autre incontournable du petit village d\u2019artistes, et se visite \u00e0 quelques minutes \u00e0 pied de la fondation. Car <strong>elle f\u00eate ses cinquante ans cette ann\u00e9e<\/strong>, la v\u00e9n\u00e9rable galerie en profite pour publier un beau livre autour de cette grande aventure, et revient avec <strong>une belle exposition sur les artistes qui ont marqu\u00e9 son histoire.<\/strong> On y verra quelques sublimes peintures de <a href=\"https:\/\/www.beauxarts.com\/grand-format\/simon-hantai-en-3-minutes\/\" target=\"_blank\" rel=\"noopener\">Simon Hanta\u00ef, <\/a> <a href=\"https:\/\/www.beauxarts.com\/videos\/focus-john-m-armleder-a-la-galerie-catherine-issert\/\" target=\"_blank\" rel=\"noopener\">John Armleder<\/a> et Minjung Kim, des dessins hypnotisants de Thomas M\u00fcller, <strong>des sculptures de Bernard Pag\u00e8s et Daphn\u00e9 Corregan<\/strong> (dont un tr\u00e8s beau Sunday Picnic (2023) de porcelaine et de gr\u00e8s), parmi des \u0153uvres de Fran\u00e7ois Morellet ou <strong>de <a href=\"https:\/\/www.beauxarts.com\/grand-format\/ben-benjamin-vautier-en-2-minutes\/\" target=\"_blank\" rel=\"noopener\">Ben<\/a>, embl\u00e9matique figure de l\u2019art ni\u00e7ois.<\/strong><\/p>\n<p>  Arrow<\/p>\n<p>Catherine Issert. 50 ans de la galerie<\/p>\n<p>Du 28 juin 2025 au 20 septembre 2025<\/p>\n<p class=\"url-expo\"><a href=\"https:\/\/www.galerie-issert.com\/exhibitions\/\" target=\"_blank\" rel=\"noopener\">www.galerie-issert.com<\/a><\/p>\n<p class=\"annexe-content__infos\">Galerie Catherine Issert \u2022 2 Route des Serres \u2022 06570 Saint-Paul-de-Vence<br \/><a href=\"https:\/\/www.galerie-issert.com\" target=\"_blank\" rel=\"noopener\">www.galerie-issert.com<\/a><\/p>\n<p>        \u00c0 lire aussi :<br \/>\n        <a class=\"renvoi-explicite__link\" href=\"https:\/\/www.beauxarts.com\/videos\/focus-john-m-armleder-a-la-galerie-catherine-issert\/\" target=\"_blank\" rel=\"noopener\">Focus : John M. Armleder \u00e0 la galerie Catherine Issert<\/a><\/p>\n<p>\u00c0 Paris, Marcel Duchamp en majest\u00e9<\/p>\n<p>    <img loading=\"lazy\" decoding=\"async\" class=\"image__img\" src=\"https:\/\/www.europesays.com\/fr\/wp-content\/uploads\/2025\/09\/mod6-964x1657.jpg\" alt=\"Marcel Duchamp, Ni homme, ni femme, pas m\u00eame Auvergnat\" width=\"964\" height=\"1657\"\/><\/p>\n<p>Marcel Duchamp, Ni homme, ni femme, pas m\u00eame Auvergnat, 1909<\/p>\n<p>    i<\/p>\n<p class=\"legende__cartel\">Encre de Chine sur papier \u2022 50 \u00d7 29\u00a0cm \u2022 Coll. Galerie Dina Vierny \u2022 \u00a9 Courtesy Galerie Dina Vierny \u00a9 Lean-Louis Losi<\/p>\n<p class=\"editor-content__paragraph\">Voici une exposition \u00e0 conseiller <strong>aux jeunes \u00e9tudiants en histoire de l\u2019art<\/strong>\u00a0: alors que le Centre Pompidou a ferm\u00e9 depuis plusieurs mois les deux \u00e9tages de ses collections permanentes, <strong>la galerie Dina Vierny<\/strong> propose une <strong>\u00ab\u00a0r\u00e9trospective en r\u00e9duction\u00a0\u00bb de l\u2019\u0153uvre de Marcel Duchamp<\/strong>, fondamentale dans la compr\u00e9hension de l\u2019art du XXe si\u00e8cle. Pas moins d\u2019une trentaine d\u2019\u0153uvres sont r\u00e9unies, tout de m\u00eame, dont plusieurs pi\u00e8ces capitales, comme<strong> la fameuse capsule Air de Paris<\/strong> ou trois versions diff\u00e9rentes de<strong> L.H.O.O.Q. <\/strong>On observera aussi une caricature de jeunesse, Ni homme, ni femme, pas m\u00eame Auvergnat, et <strong>des \u0153uvres de ses fr\u00e8res Raymond Duchamp-Villon et de Jacques Villon<\/strong>, investis comme lui dans l\u2019avant-gardiste Groupe de Puteaux.<\/p>\n<p>  Arrow<\/p>\n<p>Marcel Duchamp. L\u2019art d\u2019\u00eatre \u00e0 l\u2019\u00e9troit<\/p>\n<p>Du 17 septembre 2025 au 8 novembre 2025<\/p>\n<p class=\"url-expo\"><a href=\"https:\/\/galeriedinavierny.fr\/expositions\/marcel-duchamp-lart-detre-a-letroit\/\" target=\"_blank\" rel=\"noopener\">galeriedinavierny.fr<\/a><\/p>\n<p class=\"annexe-content__infos\">Galerie Dina Vierny \u2022 36 Rue Jacob \u2022 75006 Paris<br \/><a href=\"https:\/\/galeriedinavierny.fr\/\" target=\"_blank\" rel=\"noopener\">galeriedinavierny.fr<\/a><\/p>\n<p>        \u00c0 lire aussi :<br \/>\n        <a class=\"renvoi-explicite__link\" href=\"https:\/\/www.beauxarts.com\/lifestyle\/quels-musees-sont-gratuits-le-1er-dimanche-du-mois-a-paris-et-en-ile-de-france\/\" target=\"_blank\" rel=\"noopener\">Quels mus\u00e9es sont gratuits ce 1er dimanche du mois \u00e0 Paris et en \u00cele-de-France ?<\/a><\/p>\n","protected":false},"excerpt":{"rendered":"Le grand rendez-vous culturel et gratuit de ce mois de septembre, ce sont bien s\u00fbr les Journ\u00e9es du&hellip;\n","protected":false},"author":2,"featured_media":364978,"comment_status":"","ping_status":"","sticky":false,"template":"","format":"standard","meta":{"footnotes":""},"categories":[1888],"tags":[11,49937,1777,674,1011,27,27333,49938,12,626,49936,25],"class_list":{"0":"post-364977","1":"post","2":"type-post","3":"status-publish","4":"format-standard","5":"has-post-thumbnail","7":"category-paris","8":"tag-actualites","9":"tag-centre-claude-cahun","10":"tag-eu","11":"tag-europe","12":"tag-fr","13":"tag-france","14":"tag-galerie-catherine-issert","15":"tag-goethe-institut-paris","16":"tag-news","17":"tag-paris","18":"tag-pavillon-carre-de-baudouin","19":"tag-republique-francaise"},"share_on_mastodon":{"url":"https:\/\/pubeurope.com\/@fr\/115144466502065180","error":""},"_links":{"self":[{"href":"https:\/\/www.europesays.com\/fr\/wp-json\/wp\/v2\/posts\/364977","targetHints":{"allow":["GET"]}}],"collection":[{"href":"https:\/\/www.europesays.com\/fr\/wp-json\/wp\/v2\/posts"}],"about":[{"href":"https:\/\/www.europesays.com\/fr\/wp-json\/wp\/v2\/types\/post"}],"author":[{"embeddable":true,"href":"https:\/\/www.europesays.com\/fr\/wp-json\/wp\/v2\/users\/2"}],"replies":[{"embeddable":true,"href":"https:\/\/www.europesays.com\/fr\/wp-json\/wp\/v2\/comments?post=364977"}],"version-history":[{"count":0,"href":"https:\/\/www.europesays.com\/fr\/wp-json\/wp\/v2\/posts\/364977\/revisions"}],"wp:featuredmedia":[{"embeddable":true,"href":"https:\/\/www.europesays.com\/fr\/wp-json\/wp\/v2\/media\/364978"}],"wp:attachment":[{"href":"https:\/\/www.europesays.com\/fr\/wp-json\/wp\/v2\/media?parent=364977"}],"wp:term":[{"taxonomy":"category","embeddable":true,"href":"https:\/\/www.europesays.com\/fr\/wp-json\/wp\/v2\/categories?post=364977"},{"taxonomy":"post_tag","embeddable":true,"href":"https:\/\/www.europesays.com\/fr\/wp-json\/wp\/v2\/tags?post=364977"}],"curies":[{"name":"wp","href":"https:\/\/api.w.org\/{rel}","templated":true}]}}