{"id":364979,"date":"2025-09-04T05:51:13","date_gmt":"2025-09-04T05:51:13","guid":{"rendered":"https:\/\/www.europesays.com\/fr\/364979\/"},"modified":"2025-09-04T05:51:13","modified_gmt":"2025-09-04T05:51:13","slug":"trump-reaffirme-son-engagement-pour-la-paix-entre-la-russie-et-lukraine-selon-cbs-news","status":"publish","type":"post","link":"https:\/\/www.europesays.com\/fr\/364979\/","title":{"rendered":"Trump r\u00e9affirme son engagement pour la paix entre la Russie et l&rsquo;Ukraine, selon CBS News"},"content":{"rendered":"<p>Le pr\u00e9sident am\u00e9ricain Donald Trump a d\u00e9clar\u00e9 qu&rsquo;il restait d\u00e9termin\u00e9 \u00e0 oeuvrer en faveur d&rsquo;un accord de paix entre la Russie et l&rsquo;Ukraine, malgr\u00e9 l&rsquo;incertitude croissante entourant la perspective de discussions en face \u00e0 face entre le pr\u00e9sident russe Vladimir Poutine et le pr\u00e9sident ukrainien Volodymyr Zelensky, rapporte CBS News jeudi.<\/p>\n<p>\u00ab Je suis la situation, je l&rsquo;observe, et j&rsquo;en parle avec le pr\u00e9sident Poutine et le pr\u00e9sident Zelensky \u00bb, a confi\u00e9 Trump lors d&rsquo;un entretien t\u00e9l\u00e9phonique accord\u00e9 \u00e0 CBS News mercredi. \u00ab Quelque chose va se passer, mais ils ne sont pas encore pr\u00eats. Mais quelque chose va se passer. Nous allons y arriver. \u00bb<\/p>\n<p>Mercredi, Trump a indiqu\u00e9 qu&rsquo;il pr\u00e9voyait d&rsquo;aborder la question de la guerre en Ukraine dans les prochains jours, apr\u00e8s que son sommet en Alaska avec Poutine, en ao\u00fbt, n&rsquo;a pas permis de r\u00e9aliser de perc\u00e9e. Un responsable de la Maison-Blanche a pr\u00e9cis\u00e9 que Trump devrait s&rsquo;entretenir par t\u00e9l\u00e9phone jeudi avec Zelensky.<\/p>\n<p>Poutine a \u00e9galement affirm\u00e9 mercredi qu&rsquo;il \u00e9tait pr\u00eat \u00e0 rencontrer Zelensky si le pr\u00e9sident ukrainien se rendait \u00e0 Moscou, mais qu&rsquo;une telle rencontre devait \u00eatre soigneusement pr\u00e9par\u00e9e et d\u00e9boucher sur des r\u00e9sultats concrets. Le ministre ukrainien des Affaires \u00e9trang\u00e8res a rejet\u00e9 l&rsquo;id\u00e9e de Moscou comme lieu de rencontre.<\/p>\n<p>Trump a confi\u00e9 \u00e0 CBS News qu&rsquo;il d\u00e9plorait les violences entre la Russie et l&rsquo;Ukraine, mais qu&rsquo;il continuerait \u00e0 oeuvrer en faveur d&rsquo;un accord de paix.<\/p>\n<p>\u00ab Je pense que nous allons tout remettre en ordre. Honn\u00eatement, je pensais que le dossier russe serait du c\u00f4t\u00e9 des plus simples \u00e0 r\u00e9soudre parmi ceux que j&rsquo;ai trait\u00e9s, mais il semble que ce soit un peu plus difficile que d&rsquo;autres \u00bb, a-t-il d\u00e9clar\u00e9.<\/p>\n<p>Trump s&rsquo;est montr\u00e9 frustr\u00e9 de ne pas \u00eatre parvenu \u00e0 faire cesser les combats, d\u00e9clench\u00e9s par l&rsquo;invasion de l&rsquo;Ukraine par la Russie en f\u00e9vrier 2022, apr\u00e8s avoir initialement pr\u00e9dit qu&rsquo;il pourrait mettre rapidement fin \u00e0 la guerre d\u00e8s sa prise de fonction en janvier.<br \/>(R\u00e9dig\u00e9 par Rishabh Jaiswal \u00e0 Bengaluru ; \u00e9dit\u00e9 par Kim Coghill et Lincoln Feast.)<\/p>\n","protected":false},"excerpt":{"rendered":"Le pr\u00e9sident am\u00e9ricain Donald Trump a d\u00e9clar\u00e9 qu&rsquo;il restait d\u00e9termin\u00e9 \u00e0 oeuvrer en faveur d&rsquo;un accord de paix&hellip;\n","protected":false},"author":2,"featured_media":364980,"comment_status":"","ping_status":"","sticky":false,"template":"","format":"standard","meta":{"footnotes":""},"categories":[1591],"tags":[11,340,1887,12,1885,1886,132],"class_list":{"0":"post-364979","1":"post","2":"type-post","3":"status-publish","4":"format-standard","5":"has-post-thumbnail","7":"category-russie","8":"tag-actualites","9":"tag-bourse","10":"tag-federation-de-russie","11":"tag-news","12":"tag-russia","13":"tag-russian-federation","14":"tag-russie"},"share_on_mastodon":{"url":"https:\/\/pubeurope.com\/@fr\/115144470250964878","error":""},"_links":{"self":[{"href":"https:\/\/www.europesays.com\/fr\/wp-json\/wp\/v2\/posts\/364979","targetHints":{"allow":["GET"]}}],"collection":[{"href":"https:\/\/www.europesays.com\/fr\/wp-json\/wp\/v2\/posts"}],"about":[{"href":"https:\/\/www.europesays.com\/fr\/wp-json\/wp\/v2\/types\/post"}],"author":[{"embeddable":true,"href":"https:\/\/www.europesays.com\/fr\/wp-json\/wp\/v2\/users\/2"}],"replies":[{"embeddable":true,"href":"https:\/\/www.europesays.com\/fr\/wp-json\/wp\/v2\/comments?post=364979"}],"version-history":[{"count":0,"href":"https:\/\/www.europesays.com\/fr\/wp-json\/wp\/v2\/posts\/364979\/revisions"}],"wp:featuredmedia":[{"embeddable":true,"href":"https:\/\/www.europesays.com\/fr\/wp-json\/wp\/v2\/media\/364980"}],"wp:attachment":[{"href":"https:\/\/www.europesays.com\/fr\/wp-json\/wp\/v2\/media?parent=364979"}],"wp:term":[{"taxonomy":"category","embeddable":true,"href":"https:\/\/www.europesays.com\/fr\/wp-json\/wp\/v2\/categories?post=364979"},{"taxonomy":"post_tag","embeddable":true,"href":"https:\/\/www.europesays.com\/fr\/wp-json\/wp\/v2\/tags?post=364979"}],"curies":[{"name":"wp","href":"https:\/\/api.w.org\/{rel}","templated":true}]}}