{"id":364987,"date":"2025-09-04T05:55:10","date_gmt":"2025-09-04T05:55:10","guid":{"rendered":"https:\/\/www.europesays.com\/fr\/364987\/"},"modified":"2025-09-04T05:55:10","modified_gmt":"2025-09-04T05:55:10","slug":"nous-nous-sommes-tous-trompes-sur-vladimir-poutine","status":"publish","type":"post","link":"https:\/\/www.europesays.com\/fr\/364987\/","title":{"rendered":"\u00ab\u00a0Nous nous sommes tous tromp\u00e9s sur Vladimir Poutine\u00a0\u00bb"},"content":{"rendered":"<p><strong>Paris Match : Angela Merkel a longtemps \u00e9t\u00e9 le visage de l\u2019Allemagne, puis ce fut le tour d\u2019Olaf Scholz. <a href=\"https:\/\/www.parismatch.com\/actu\/international\/friedrich-merz-le-nouvel-homme-fort-de-lallemagne-247805\" rel=\"nofollow noopener\" target=\"_blank\">Aujourd\u2019hui, les Fran\u00e7ais vous d\u00e9couvrent<\/a>. Comment d\u00e9bute le nouveau tandem franco-allemand\u2009?<\/strong><\/p>\n<p><strong>Friedrich Merz :<\/strong> Emmanuel Macron et moi, nous nous connaissons de longue date et entretenons une relation \u00e9troite. Je peux m\u00eame dire que nous sommes maintenant amis. Le fait d\u2019\u00eatre invit\u00e9 au fort de Br\u00e9gan\u00e7on m\u2019a touch\u00e9. J\u2019ai eu plaisir \u00e0 voir la r\u00e9sidence d\u2019\u00e9t\u00e9 de votre pr\u00e9sident. D\u00e9velopper le lien avec la France fait naturellement partie de ma mission, mais il y a en plus une dimension personnelle. J\u2019appr\u00e9cie d\u2019accomplir tout cela avec lui.<\/p>\n<p><strong>Vous incarnez une Allemagne conservatrice et lib\u00e9rale. Vous vous r\u00e9f\u00e9rez beaucoup au premier chancelier de l\u2019apr\u00e8s-guerre, le \u00adchr\u00e9tien-d\u00e9mocrate Konrad Adenauer.<\/strong><\/p>\n<p>Sur mon bureau, j\u2019ai une photo o\u00f9 l\u2019on voit Konrad Adenauer et Charles de\u00a0Gaulle ensemble. Nous devons \u00eatre leurs h\u00e9ritiers.<\/p>\n<p><strong>Votre position face \u00e0 la Russie vous rapproche du pr\u00e9sident fran\u00e7ais. Angela Merkel avait un tout autre ton. \u00c9tait-elle na\u00efve, \u00e0 vos yeux\u2009?<\/strong><\/p>\n<p>    La suite apr\u00e8s cette publicit\u00e9<\/p>\n<p>Non. Nous nous sommes tous tromp\u00e9s sur Vladimir Poutine. Il est vrai que, pour ma part, j\u2019ai toujours \u00e9t\u00e9 sceptique. Mais, moi aussi, j\u2019aurais d\u00fb prendre plus vite la mesure de la menace, et cela bien avant 2022, bien avant son attaque contre l\u2019Ukraine. En 2014, quand il a envahi la Crim\u00e9e. Et peut-\u00eatre d\u00e9j\u00e0 en 2008, quand il s\u2019en est pris \u00e0 la G\u00e9orgie.<\/p>\n<p><strong>Vladimir Poutine a un lien personnel avec \u00adl\u2019Allemagne. Il a v\u00e9cu \u00e0 Dresde avant la chute du mur. Il parle parfaitement allemand. Si le temps de renouer arrive, l\u2019Allemagne \u00adaura-t-elle un r\u00f4le privil\u00e9gi\u00e9\u2009?<\/strong><\/p>\n<p>Un jour, nous l\u2019esp\u00e9rons, nous vivrons de nouveau en bon voisinage avec les Russes. H\u00e9las, nous en sommes tr\u00e8s loin, en raison du pouvoir de Poutine, \u00e0 cause du syst\u00e8me de kleptocratie qui s\u2019est appropri\u00e9 l\u2019\u00c9tat russe. Pendant des ann\u00e9es, nous serons confront\u00e9s \u00e0 ce r\u00e9gime autoritaire. Rappelons l\u2019ampleur historique de ce qui se passe\u2009: en attaquant l\u2019Ukraine, Poutine s\u2019en est pris au deuxi\u00e8me pays le plus grand du continent europ\u00e9en par sa superficie\u2009!<\/p>\n<p><strong>Pouvez-vous cependant reparler avec Moscou\u2009?<\/strong><\/p>\n<p>Si cela sert \u00e0 quelque chose, je le ferai. Les pr\u00e9c\u00e9dentes exp\u00e9riences ont montr\u00e9 que c\u2019\u00e9tait inutile. Il a frapp\u00e9 encore plus durement les civils. Mais l\u2019objectif est de revenir \u00e0 un ordre et \u00e0 un respect mutuel. \u00c0 l\u2019\u00e9poque de la r\u00e9unification allemande, tout n\u2019\u00e9tait pas facile, n\u00e9anmoins nous avons pu travailler avec Mikha\u00efl Gorbatchev. C\u2019est l\u2019\u00e9quilibre que nous avons connu ensuite apr\u00e8s la chute de l\u2019URSS, en 1991, et jusqu\u2019en 2022. Poutine ne respecte plus cet \u00e9quilibre. Nous aspirons \u00e0 le retrouver.<\/p>\n<p><strong>Votre p\u00e8re fut prisonnier pendant la guerre, \u00e0 l\u2019\u00e2ge de 17\u202fans. Il est rest\u00e9 des ann\u00e9es captif en Union sovi\u00e9tique. Le souvenir de l\u2019Europe en guerre a-t-il d\u00e9termin\u00e9 votre engagement\u2009?<\/strong><\/p>\n<p>J\u2019ai commenc\u00e9 ma carri\u00e8re politique au Parlement europ\u00e9en. C\u2019est \u00e0 ce moment-l\u00e0 que j\u2019ai connu et partag\u00e9 l\u2019espoir d\u2019une Europe nouvelle. La chute du mur en 1989, la perestro\u00efka de Gorbatchev, tous les bouleversements qui ont suivi, je les ai v\u00e9cus en \u00e9tant au milieu d\u2019autres Europ\u00e9ens, et pas seulement \u00e0 travers mes lunettes d\u2019Allemand. Jacques Delors pr\u00e9sidait alors la Commission europ\u00e9enne. C\u2019\u00e9tait un homme de grande valeur. Notre g\u00e9n\u00e9ration va conna\u00eetre de nouveaux bouleversements, que j\u2019aimerais vivre de la m\u00eame fa\u00e7on, en Europ\u00e9en.<\/p>\n<p><strong>Vous avez r\u00e9ussi un coup de ma\u00eetre \u00e0 la Maison-Blanche en apportant \u00e0 Donald Trump le certificat de naissance de son grand-p\u00e8re, Friedrich Trump, n\u00e9 en Bavi\u00e8re puis \u00e9migr\u00e9 aux \u00c9tats-Unis. Croyez-vous qu\u2019il existe une m\u00e9thode pour charmer Trump\u2009?<\/strong><\/p>\n<p>J\u2019ai une certaine exp\u00e9rience des Am\u00e9ricains. Cela aide. Ayant travaill\u00e9 jadis dans deux grandes entreprises am\u00e9ricaines, je suis familier de ce qu\u2019on appelle le \u201csmall talk\u201d aux \u00c9tats-Unis, un certain art de la conversation pour tisser une relation. Cela m\u2019a facilit\u00e9 la t\u00e2che pour entrer en contact avec Donald Trump. J\u2019ajoute que je parle assez bien anglais. Il est \u00e9videmment sensible \u00e0 tout cela.<\/p>\n<p><strong>Il a toujours eu une dent contre l\u2019Allemagne, et surtout contre les voitures allemandes\u2009! Cette fois, il semblait amadou\u00e9.<\/strong><\/p>\n<p>Peut-\u00eatre. Mais ce ne sont que des conditions pr\u00e9alables. Cela ne garantit en rien que nous puissions r\u00e9ussir dans l\u2019affaire des droits de douane et par la suite.<\/p>\n<p><strong>Faut-il avouer que la Commission europ\u00e9enne a \u00e9chou\u00e9\u2009? 450\u202fmillions \u00add\u2019Europ\u00e9ens sont moins bien trait\u00e9s que 40\u202fmillions de Canadiens et 130\u202fmillions de Mexicains\u2009! Bruxelles et Ursula von\u00a0der\u00a0Leyen n\u2019ont pas r\u00e9ussi \u00e0 \u00e9tablir un rapport de force.<\/strong><\/p>\n<p>La donne de d\u00e9part \u00e9tait difficile. Mais je vais \u00eatre franc avec vous. Emmanuel Macron et moi nous sommes dit qu\u2019il fallait accepter ce r\u00e9sultat, m\u00eame s\u2019il refl\u00e8te notre faiblesse et notre d\u00e9pendance. \u00c0 nous deux de travailler maintenant \u00add\u2019arrache-pied, pour devenir plus puissants, et pour pouvoir traiter d\u2019\u00e9gal \u00e0 \u00e9gal avec les Am\u00e9ricains.<\/p>\n<p><strong>Si Louis\u202fXIV n\u2019avait pas r\u00e9voqu\u00e9 l\u2019\u00e9dit de Nantes et chass\u00e9 tant de protestants, voil\u00e0 plus de trois si\u00e8cles, vous ne seriez pas l\u00e0.<\/strong><\/p>\n<p>Oui, ma m\u00e8re venait d\u2019une famille huguenote. Vous voyez, l\u2019histoire contribue \u00e0 me relier \u00e0 la France.<\/p>\n<p><strong>Je vous ai entendu parler fran\u00e7ais \u00e0 Br\u00e9gan\u00e7on avec Emmanuel Macron. Vous vous d\u00e9brouillez bien. Vos pr\u00e9d\u00e9cesseurs ne le parlaient gu\u00e8re.<\/strong><\/p>\n<p>J\u2019ai en France beaucoup de souvenirs qui font remonter en moi des \u00e9motions. Nous passions nos vacances ici. Durant plusieurs \u00e9t\u00e9s, nous nous sommes rendus sur la c\u00f4te atlantique. La toute premi\u00e8re fois que je suis venu, j\u2019\u00e9tais jeune, c\u2019\u00e9tait en Auvergne, dans le cadre d\u2019un \u00e9change scolaire. Le Puy-en-Velay, quelle beaut\u00e9\u2009! C\u2019est pour cela aussi que j\u2019aime la France. <img decoding=\"async\" alt=\"\" src=\"https:\/\/www.parismatch.com\/actu\/international\/image\/gif;base64,R0lGODlhAQABAAAAACH5BAEKAAEALAAAAAABAAEAAAICTAEAOw==\"\/><\/p>\n","protected":false},"excerpt":{"rendered":"Paris Match : Angela Merkel a longtemps \u00e9t\u00e9 le visage de l\u2019Allemagne, puis ce fut le tour d\u2019Olaf&hellip;\n","protected":false},"author":2,"featured_media":364988,"comment_status":"","ping_status":"","sticky":false,"template":"","format":"standard","meta":{"footnotes":""},"categories":[1587],"tags":[11,672,1804,1805,1803,1777,674,1801,12,1802],"class_list":{"0":"post-364987","1":"post","2":"type-post","3":"status-publish","4":"format-standard","5":"has-post-thumbnail","7":"category-allemagne","8":"tag-actualites","9":"tag-allemagne","10":"tag-bundesrepublik-deutschland","11":"tag-de","12":"tag-deutschland","13":"tag-eu","14":"tag-europe","15":"tag-germany","16":"tag-news","17":"tag-republique-federale-dallemagne"},"share_on_mastodon":{"url":"https:\/\/pubeurope.com\/@fr\/115144486295195450","error":""},"_links":{"self":[{"href":"https:\/\/www.europesays.com\/fr\/wp-json\/wp\/v2\/posts\/364987","targetHints":{"allow":["GET"]}}],"collection":[{"href":"https:\/\/www.europesays.com\/fr\/wp-json\/wp\/v2\/posts"}],"about":[{"href":"https:\/\/www.europesays.com\/fr\/wp-json\/wp\/v2\/types\/post"}],"author":[{"embeddable":true,"href":"https:\/\/www.europesays.com\/fr\/wp-json\/wp\/v2\/users\/2"}],"replies":[{"embeddable":true,"href":"https:\/\/www.europesays.com\/fr\/wp-json\/wp\/v2\/comments?post=364987"}],"version-history":[{"count":0,"href":"https:\/\/www.europesays.com\/fr\/wp-json\/wp\/v2\/posts\/364987\/revisions"}],"wp:featuredmedia":[{"embeddable":true,"href":"https:\/\/www.europesays.com\/fr\/wp-json\/wp\/v2\/media\/364988"}],"wp:attachment":[{"href":"https:\/\/www.europesays.com\/fr\/wp-json\/wp\/v2\/media?parent=364987"}],"wp:term":[{"taxonomy":"category","embeddable":true,"href":"https:\/\/www.europesays.com\/fr\/wp-json\/wp\/v2\/categories?post=364987"},{"taxonomy":"post_tag","embeddable":true,"href":"https:\/\/www.europesays.com\/fr\/wp-json\/wp\/v2\/tags?post=364987"}],"curies":[{"name":"wp","href":"https:\/\/api.w.org\/{rel}","templated":true}]}}