{"id":364989,"date":"2025-09-04T05:56:20","date_gmt":"2025-09-04T05:56:20","guid":{"rendered":"https:\/\/www.europesays.com\/fr\/364989\/"},"modified":"2025-09-04T05:56:20","modified_gmt":"2025-09-04T05:56:20","slug":"point-marches-leurope-attendue-sur-une-note-stable-laccalmie-sur-lobligataire-apaise-les-esprits","status":"publish","type":"post","link":"https:\/\/www.europesays.com\/fr\/364989\/","title":{"rendered":"Point march\u00e9s-L&rsquo;Europe attendue sur une note stable, l&rsquo;accalmie sur l&rsquo;obligataire apaise les esprits"},"content":{"rendered":"<td class=\"is__realtime px-5\">\n<tr wp_automatic_readability=\"2\">\n<td colspan=\"3\" class=\"is__realtime-quality js-next-event-quotes\" data-next-event=\"\">\n<p>                                                    Cours en cl\u00f4ture<br \/>\n                                            MSCI<\/p>\n<p>16:00:00 03\/09\/2025<\/p>\n<\/td>\n<td class=\"txt-align-center is__realtime-quality c-none cm-table\">\n                            Varia. 5j.\n                        <\/td>\n<td class=\"txt-align-center is__realtime-quality\">\n                            Varia. 1 janv.\n                        <\/td>\n<\/tr>\n<tr>\n<td class=\"txt-s7 is__realtime-last txt-align-left\">\n<p>182,83                        EUR\n                                    <\/td>\n<td class=\"txt-s7 is__realtime-var txt-align-left\">\n                                             +0,69%\n                                    <\/td>\n<td class=\"table-child--middle c-none cs-table table-child--no-pad\">\n                                                <img loading=\"lazy\" decoding=\"async\" style=\"vertical-align: middle\" width=\"120\" height=\"45\" alt=\"Graphique intraday de MSCI EUROPE\" src=\"https:\/\/www.zonebourse.com\/zbcache\/charts\/ObjectChart.aspx?Name=125324697&amp;Type=Intraday&amp;Width=120&amp;Height=45&amp;ShowAxis=0&amp;DTstart=2025-09-03&amp;Render=Line&amp;BottomMargin=3&amp;TopMargin=5&amp;Prev=181.580372&amp;TIMEZONE=Europe\/Paris\" onerror=\"this.style.display='none'\"\/>                    <\/td>\n<td class=\"txt-s4 txt-align-center c-none cm-table\">\n                             -1,33%\n                        <\/td>\n<td class=\"txt-s4 txt-align-center\">\n                                                             +7,62%\n                                                    <\/td>\n<\/tr>\n<p class=\"m-0 txt-s1\">Publi\u00e9 le 04\/09\/2025<br \/>\n            \u00e0 07:41    &#8211; Modifi\u00e9 le 04\/09\/2025<br \/>\n            \u00e0 07:41<\/p>\n<p>\n                                            Reuters\n                                                        <\/p>\n<p><img decoding=\"async\" src=\"https:\/\/www.europesays.com\/fr\/wp-content\/uploads\/2025\/09\/2019-02-04T122620Z_1_LYNXNPEF130YE_RTROPTP_3_GERMANY-CITYSCAPES-FRANKFURT.JPG\" alt=\"Point march\u00e9s-L'Europe attendue sur une note stable, l'accalmie sur l'obligataire apaise les esprits\" class=\"w-100 media--169 \" data-zoomable=\"true\" data-zoomable-url=\"\/\/img.zonebourse.com\/reuters\/2019-02\/2019-02-04T122620Z_1_LYNXNPEF130YE_RTROPTP_3_GERMANY-CITYSCAPES-FRANKFURT.JPG\"\/>]]]]>]]><\/p>\n<p>D\u00e9bloquer l&rsquo;article : INSCRIVEZ-VOUS !<\/p>\n<p><img decoding=\"async\" src=\"https:\/\/www.europesays.com\/fr\/wp-content\/uploads\/2025\/04\/reuters.jpg\" alt=\"Reuters logo\" class=\"c-block ml-auto\"\/><br \/>\n                    \u00a9 Reuters &#8211; 2025<\/p>\n<tr class=\"\" wp_automatic_readability=\"0.32727272727273\">\n<td class=\"w-100\"><a href=\"https:\/\/ch.zonebourse.com\/actualite-bourse\/point-marches-l-europe-attendue-sur-une-note-stable-l-accalmie-sur-l-obligataire-apaise-les-esprits-ce7d59dbdf8ef122\" class=\"txt-- txt-overflow-2 link link--no-underline my-5 my-m-0 txt-m-inline\" rel=\"nofollow noopener\" target=\"_blank\"><\/p>\n<p>Point march\u00e9s-L&rsquo;Europe attendue sur une note stable, l&rsquo;accalmie sur l&rsquo;obligataire apaise les esprits<\/p>\n<p>                        <\/a><\/td>\n<td class=\"table-child--right  table-child--nowrap table-child--w100 txt-s1\">\n    07:41<\/td>\n<td class=\"table-child--right table-child--w40 c-none cm-table\">\n                                    RE\n                        <\/td>\n<\/tr>\n<tr class=\"\" wp_automatic_readability=\"0.34615384615385\">\n<td class=\"w-100\"><a href=\"https:\/\/ch.zonebourse.com\/actualite-bourse\/les-valeurs-a-suivre-a-paris-et-en-europe-ce7d59dbdf8bf326\" class=\"txt-- txt-overflow-2 link link--no-underline my-5 my-m-0 txt-m-inline\" rel=\"nofollow noopener\" target=\"_blank\"><\/p>\n<p>Les valeurs \u00e0 suivre \u00e0 Paris et en Europe<\/p>\n<p>                        <\/a><\/td>\n<td class=\"table-child--right  table-child--nowrap table-child--w100 txt-s1\">\n    06:01<\/td>\n<td class=\"table-child--right table-child--w40 c-none cm-table\">\n                                    RE\n                        <\/td>\n<\/tr>\n<tr class=\"\" wp_automatic_readability=\"0.17307692307692\">\n<td class=\"w-100\"><a href=\"https:\/\/ch.zonebourse.com\/actualite-bourse\/les-actions-europeennes-cloturent-en-hausse-alors-que-la-tension-sur-les-obligations-s-apaise-ce7d59dad18cf523\" class=\"txt-- txt-overflow-2 link link--no-underline my-5 my-m-0 txt-m-inline\" rel=\"nofollow noopener\" target=\"_blank\"><\/p>\n<p>Les actions europ\u00e9ennes cl\u00f4turent en hausse alors que la tension sur les obligations s&rsquo;apaise<\/p>\n<p>                        <\/a><\/td>\n<td class=\"table-child--right  table-child--nowrap table-child--w100 txt-s1\">\n    03\/09<\/td>\n<td class=\"table-child--right table-child--w40 c-none cm-table\">\n                                    RE\n                        <\/td>\n<\/tr>\n<tr class=\"\" wp_automatic_readability=\"0.26470588235294\">\n<td class=\"w-100\"><a href=\"https:\/\/ch.zonebourse.com\/actualite-bourse\/point-marches-l-europe-finit-en-hausse-avec-l-accalmie-sur-les-taux-longs-ce7d59dbdb80ff23\" class=\"txt-- txt-overflow-2 link link--no-underline my-5 my-m-0 txt-m-inline\" rel=\"nofollow noopener\" target=\"_blank\"><\/p>\n<p>L&rsquo;Europe finit en hausse avec l&rsquo;accalmie sur les taux longs<\/p>\n<p>                        <\/a><\/td>\n<td class=\"table-child--right  table-child--nowrap table-child--w100 txt-s1\">\n    03\/09<\/td>\n<td class=\"table-child--right table-child--w40 c-none cm-table\">\n                                    RE\n                        <\/td>\n<\/tr>\n<tr class=\"\" wp_automatic_readability=\"0.1970802919708\">\n<td class=\"w-100\"><a href=\"https:\/\/ch.zonebourse.com\/actualite-bourse\/les-bourses-europeennes-cloturent-en-hausse-malgre-une-croissance-economique-douloureusement-lente-ce7d59dbdb81f32d\" class=\"txt-- txt-overflow-2 link link--no-underline my-5 my-m-0 txt-m-inline\" rel=\"nofollow noopener\" target=\"_blank\"><\/p>\n<p>Les bourses europ\u00e9ennes cl\u00f4turent en hausse malgr\u00e9 une croissance \u00e9conomique \u00ab\u00a0douloureusement lente\u00a0\u00bb dans la zone euro<\/p>\n<p>                        <\/a><\/td>\n<td class=\"table-child--right  table-child--nowrap table-child--w100 txt-s1\">\n    03\/09<\/td>\n<td class=\"table-child--right table-child--w40 c-none cm-table\">\n                                    MT\n                        <\/td>\n<\/tr>\n<tr class=\"\" wp_automatic_readability=\"0.36\">\n<td class=\"w-100\"><a href=\"https:\/\/ch.zonebourse.com\/actualite-bourse\/les-marches-europeens-progressent-le-mib-leste-par-les-banques-ce7d59dbdb8efe24\" class=\"txt-- txt-overflow-2 link link--no-underline my-5 my-m-0 txt-m-inline\" rel=\"nofollow noopener\" target=\"_blank\"><\/p>\n<p>Les march\u00e9s europ\u00e9ens progressent, le Mib lest\u00e9 par les banques<\/p>\n<p>                        <\/a><\/td>\n<td class=\"table-child--right  table-child--nowrap table-child--w100 txt-s1\">\n    03\/09<\/td>\n<td class=\"table-child--right table-child--w40 c-none cm-table\">\n                                    AN\n                        <\/td>\n<\/tr>\n<tr class=\"\" wp_automatic_readability=\"0.3\">\n<td class=\"w-100\"><a href=\"https:\/\/ch.zonebourse.com\/actualite-bourse\/wall-street-antitrust-en-recul-rendements-en-hausse-ce7d59dbd88bf620\" class=\"txt-- txt-overflow-2 link link--no-underline my-5 my-m-0 txt-m-inline\" rel=\"nofollow noopener\" target=\"_blank\"><\/p>\n<p>Wall Street : Antitrust en recul, rendements en hausse<\/p>\n<p>                        <\/a><\/td>\n<td class=\"table-child--right  table-child--nowrap table-child--w100 txt-s1\">\n    03\/09<\/td>\n<td class=\"table-child--right table-child--w40 c-none cm-table\"><img loading=\"lazy\" decoding=\"async\" src=\"https:\/\/www.europesays.com\/fr\/wp-content\/uploads\/2025\/05\/logo_at.gif\" width=\"14\" height=\"8\" alt=\"Zonebourse\"\/><\/td>\n<\/tr>\n<tr class=\"\" wp_automatic_readability=\"0.25714285714286\">\n<td class=\"w-100\"><a href=\"https:\/\/ch.zonebourse.com\/actualite-bourse\/les-marches-europeens-progressent-a-la-mi-journee-portes-par-la-detente-des-rendements-obligataires-ce7d59dad08cf620\" class=\"txt-- txt-overflow-2 link link--no-underline my-5 my-m-0 txt-m-inline\" rel=\"nofollow noopener\" target=\"_blank\"><\/p>\n<p>Les march\u00e9s europ\u00e9ens progressent \u00e0 la mi-journ\u00e9e, port\u00e9s par la d\u00e9tente des rendements obligataires et la baisse du p\u00e9trole<\/p>\n<p>                        <\/a><\/td>\n<td class=\"table-child--right  table-child--nowrap table-child--w100 txt-s1\">\n    03\/09<\/td>\n<td class=\"table-child--right table-child--w40 c-none cm-table\">\n                                    MT\n                        <\/td>\n<\/tr>\n<tr class=\"\" wp_automatic_readability=\"0.2967032967033\">\n<td class=\"w-100\"><a href=\"https:\/\/ch.zonebourse.com\/actualite-bourse\/point-marches-rebond-en-vue-de-wall-street-avec-alphabet-l-europe-bien-orientee-avec-la-tech-ce7d59dad08af72c\" class=\"txt-- txt-overflow-2 link link--no-underline my-5 my-m-0 txt-m-inline\" rel=\"nofollow noopener\" target=\"_blank\"><\/p>\n<p>Rebond en vue de Wall Street avec Alphabet, l&rsquo;Europe bien orient\u00e9e avec la \u00ab\u00a0tech\u00a0\u00bb<\/p>\n<p>                        <\/a><\/td>\n<td class=\"table-child--right  table-child--nowrap table-child--w100 txt-s1\">\n    03\/09<\/td>\n<td class=\"table-child--right table-child--w40 c-none cm-table\">\n                                    RE\n                        <\/td>\n<\/tr>\n<tr class=\"\" wp_automatic_readability=\"0.19047619047619\">\n<td class=\"w-100\"><a href=\"https:\/\/ch.zonebourse.com\/actualite-bourse\/europe-la-confiance-prevaut-encore-au-sein-des-bourses-ce7d59dad18bf021\" class=\"txt-- txt-overflow-2 link link--no-underline my-5 my-m-0 txt-m-inline\" rel=\"nofollow noopener\" target=\"_blank\"><\/p>\n<p>Europe : la confiance pr\u00e9vaut encore au sein des Bourses<\/p>\n<p>                        <\/a><\/td>\n<td class=\"table-child--right  table-child--nowrap table-child--w100 txt-s1\">\n    03\/09<\/td>\n<td class=\"table-child--right table-child--w40 c-none cm-table\"><img loading=\"lazy\" decoding=\"async\" src=\"https:\/\/www.europesays.com\/fr\/wp-content\/uploads\/2025\/05\/logo_at.gif\" width=\"14\" height=\"8\" alt=\"Zonebourse\"\/><\/td>\n<\/tr>\n<tr class=\"\" wp_automatic_readability=\"0.21052631578947\">\n<td class=\"w-100\"><a href=\"https:\/\/ch.zonebourse.com\/actualite-bourse\/marche-du-vert-malgre-les-tensions-sur-les-taux-ce7d59dad188f724\" class=\"txt-- txt-overflow-2 link link--no-underline my-5 my-m-0 txt-m-inline\" rel=\"nofollow noopener\" target=\"_blank\"><\/p>\n<p>March\u00e9 : du vert malgr\u00e9 les tensions sur les taux<\/p>\n<p>                        <\/a><\/td>\n<td class=\"table-child--right  table-child--nowrap table-child--w100 txt-s1\">\n    03\/09<\/td>\n<td class=\"table-child--right table-child--w40 c-none cm-table\"><img loading=\"lazy\" decoding=\"async\" src=\"https:\/\/www.europesays.com\/fr\/wp-content\/uploads\/2025\/05\/logo_at.gif\" width=\"14\" height=\"8\" alt=\"Zonebourse\"\/><\/td>\n<\/tr>\n<tr class=\"\" wp_automatic_readability=\"0.3375\">\n<td class=\"w-100\"><a href=\"https:\/\/ch.zonebourse.com\/actualite-bourse\/bourse-de-milan-ouverture-en-legere-hausse-mais-la-prudence-domine-ce7d59dade8ef120\" class=\"txt-- txt-overflow-2 link link--no-underline my-5 my-m-0 txt-m-inline\" rel=\"nofollow noopener\" target=\"_blank\"><\/p>\n<p>Bourse de Milan : ouverture en l\u00e9g\u00e8re hausse, mais la prudence domine<\/p>\n<p>                        <\/a><\/td>\n<td class=\"table-child--right  table-child--nowrap table-child--w100 txt-s1\">\n    03\/09<\/td>\n<td class=\"table-child--right table-child--w40 c-none cm-table\">\n                                    RE\n                        <\/td>\n<\/tr>\n<tr class=\"\" wp_automatic_readability=\"0.25714285714286\">\n<td class=\"w-100\"><a href=\"https:\/\/ch.zonebourse.com\/actualite-bourse\/le-mib-grimpe-a-41-800-stmicroelectronics-prend-la-tete-ce7d59dade8bff23\" class=\"txt-- txt-overflow-2 link link--no-underline my-5 my-m-0 txt-m-inline\" rel=\"nofollow noopener\" target=\"_blank\"><\/p>\n<p>Le Mib grimpe \u00e0 41\u00a0800\u00a0: STMicroelectronics prend la t\u00eate<\/p>\n<p>                        <\/a><\/td>\n<td class=\"table-child--right  table-child--nowrap table-child--w100 txt-s1\">\n    03\/09<\/td>\n<td class=\"table-child--right table-child--w40 c-none cm-table\">\n                                    AN\n                        <\/td>\n<\/tr>\n<tr class=\"\" wp_automatic_readability=\"0.31395348837209\">\n<td class=\"w-100\"><a href=\"https:\/\/ch.zonebourse.com\/actualite-bourse\/l-europe-ouvre-dans-le-vert-avant-les-pmi-le-calme-revient-sur-l-obligataire-ce7d59dadf81f42d\" class=\"txt-- txt-overflow-2 link link--no-underline my-5 my-m-0 txt-m-inline\" rel=\"nofollow noopener\" target=\"_blank\"><\/p>\n<p>L&rsquo;Europe ouvre dans le vert avant les PMI, le calme revient sur l&rsquo;obligataire<\/p>\n<p>                        <\/a><\/td>\n<td class=\"table-child--right  table-child--nowrap table-child--w100 txt-s1\">\n    03\/09<\/td>\n<td class=\"table-child--right table-child--w40 c-none cm-table\">\n                                    RE\n                        <\/td>\n<\/tr>\n<tr class=\"\" wp_automatic_readability=\"0.19565217391304\">\n<td class=\"w-100\"><a href=\"https:\/\/ch.zonebourse.com\/actualite-bourse\/les-actions-europeennes-rebondissent-alors-que-la-vente-d-obligations-se-stabilise-avant-la-publicat-ce7d59dadf80f623\" class=\"txt-- txt-overflow-2 link link--no-underline my-5 my-m-0 txt-m-inline\" rel=\"nofollow noopener\" target=\"_blank\"><\/p>\n<p>Les actions europ\u00e9ennes rebondissent alors que la vente d&rsquo;obligations se stabilise avant la publication de donn\u00e9es am\u00e9ricaines<\/p>\n<p>                        <\/a><\/td>\n<td class=\"table-child--right  table-child--nowrap table-child--w100 txt-s1\">\n    03\/09<\/td>\n<td class=\"table-child--right table-child--w40 c-none cm-table\">\n                                    RE\n                        <\/td>\n<\/tr>\n<tr class=\"\" wp_automatic_readability=\"0.16822429906542\">\n<td class=\"w-100\"><a href=\"https:\/\/ch.zonebourse.com\/actualite-bourse\/stoxx-europe-600-etf-l-europe-evolue-dans-le-vert-avant-une-serie-d-indicateurs-economiques-ce7d59dadf80f52d\" class=\"txt-- txt-overflow-2 link link--no-underline my-5 my-m-0 txt-m-inline\" rel=\"nofollow noopener\" target=\"_blank\"><\/p>\n<p>STOXX EUROPE 600 \/ ETF : L&rsquo;Europe \u00e9volue dans le vert avant une s\u00e9rie d&rsquo;indicateurs \u00e9conomiques<\/p>\n<p>                        <\/a><\/td>\n<td class=\"table-child--right  table-child--nowrap table-child--w100 txt-s1\">\n    03\/09<\/td>\n<td class=\"table-child--right table-child--w40 c-none cm-table\">\n                                    DJ\n                        <\/td>\n<\/tr>\n<tr class=\"\" wp_automatic_readability=\"0.25\">\n<td class=\"w-100\"><a href=\"https:\/\/ch.zonebourse.com\/actualite-bourse\/francfort-le-dax-tente-un-rebond-apres-sa-chute-de-la-veille-ce7d59dadf80f725\" class=\"txt-- txt-overflow-2 link link--no-underline my-5 my-m-0 txt-m-inline\" rel=\"nofollow noopener\" target=\"_blank\"><\/p>\n<p>Francfort : Le Dax tente un rebond apr\u00e8s sa chute de la veille<\/p>\n<p>                        <\/a><\/td>\n<td class=\"table-child--right  table-child--nowrap table-child--w100 txt-s1\">\n    03\/09<\/td>\n<td class=\"table-child--right table-child--w40 c-none cm-table\">\n                                    DP\n                        <\/td>\n<\/tr>\n<tr class=\"\" wp_automatic_readability=\"0.35294117647059\">\n<td class=\"w-100\"><a href=\"https:\/\/ch.zonebourse.com\/actualite-bourse\/les-bourses-europeennes-ouvrent-en-hausse-ce7d59dadf81f32d\" class=\"txt-- txt-overflow-2 link link--no-underline my-5 my-m-0 txt-m-inline\" rel=\"nofollow noopener\" target=\"_blank\"><\/p>\n<p>Les Bourses europ\u00e9ennes ouvrent en hausse<\/p>\n<p>                        <\/a><\/td>\n<td class=\"table-child--right  table-child--nowrap table-child--w100 txt-s1\">\n    03\/09<\/td>\n<td class=\"table-child--right table-child--w40 c-none cm-table\">\n                                    AW\n                        <\/td>\n<\/tr>\n<tr class=\"\" wp_automatic_readability=\"0.27692307692308\">\n<td class=\"w-100\"><a href=\"https:\/\/ch.zonebourse.com\/actualite-bourse\/les-valeurs-a-suivre-a-paris-et-en-europe-ce7d59dada81f120\" class=\"txt-- txt-overflow-2 link link--no-underline my-5 my-m-0 txt-m-inline\" rel=\"nofollow noopener\" target=\"_blank\"><\/p>\n<p>Les valeurs \u00e0 suivre \u00e0 Paris et en Europe (actualis\u00e9)<\/p>\n<p>                        <\/a><\/td>\n<td class=\"table-child--right  table-child--nowrap table-child--w100 txt-s1\">\n    03\/09<\/td>\n<td class=\"table-child--right table-child--w40 c-none cm-table\">\n                                    RE\n                        <\/td>\n<\/tr>\n<tr class=\"\" wp_automatic_readability=\"0.27272727272727\">\n<td class=\"w-100\"><a href=\"https:\/\/ch.zonebourse.com\/actualite-bourse\/rebond-des-marches-boursiers-focus-sur-les-obligations-ce7d59dadf8aff27\" class=\"txt-- txt-overflow-2 link link--no-underline my-5 my-m-0 txt-m-inline\" rel=\"nofollow noopener\" target=\"_blank\"><\/p>\n<p>Rebond des march\u00e9s boursiers ; focus sur les obligations <\/p>\n<p>                        <\/a><\/td>\n<td class=\"table-child--right  table-child--nowrap table-child--w100 txt-s1\">\n    03\/09<\/td>\n<td class=\"table-child--right table-child--w40 c-none cm-table\">\n                                    AN\n                        <\/td>\n<\/tr>\n<tr class=\"\" wp_automatic_readability=\"0.30337078651685\">\n<td class=\"w-100\"><a href=\"https:\/\/ch.zonebourse.com\/actualite-bourse\/point-marches-l-europe-vue-en-hausse-prudente-l-obligataire-toujours-au-centre-de-l-attention-ce7d59dadd8df12d\" class=\"txt-- txt-overflow-2 link link--no-underline my-5 my-m-0 txt-m-inline\" rel=\"nofollow noopener\" target=\"_blank\"><\/p>\n<p>L&rsquo;Europe vue en hausse prudente, l&rsquo;obligataire toujours au centre de l&rsquo;attention<\/p>\n<p>                        <\/a><\/td>\n<td class=\"table-child--right  table-child--nowrap table-child--w100 txt-s1\">\n    03\/09<\/td>\n<td class=\"table-child--right table-child--w40 c-none cm-table\">\n                                    RE\n                        <\/td>\n<\/tr>\n<tr class=\"\" wp_automatic_readability=\"0.31764705882353\">\n<td class=\"w-100\"><a href=\"https:\/\/ch.zonebourse.com\/actualite-bourse\/point-marches-l-europe-finit-dans-le-rouge-la-politique-budgetaire-passe-au-premier-plan-ce7c50d3d08cf221\" class=\"txt-- txt-overflow-2 link link--no-underline my-5 my-m-0 txt-m-inline\" rel=\"nofollow noopener\" target=\"_blank\"><\/p>\n<p>L&rsquo;Europe finit dans le rouge, la politique budg\u00e9taire passe au premier plan<\/p>\n<p>                        <\/a><\/td>\n<td class=\"table-child--right  table-child--nowrap table-child--w100 txt-s1\">\n    02\/09<\/td>\n<td class=\"table-child--right table-child--w40 c-none cm-table\">\n                                    RE\n                        <\/td>\n<\/tr>\n<tr class=\"\" wp_automatic_readability=\"0.25714285714286\">\n<td class=\"w-100\"><a href=\"https:\/\/ch.zonebourse.com\/actualite-bourse\/l-indice-stoxx-600-europeen-au-plus-bas-depuis-trois-semaines-sous-la-pression-des-taux-obligataires-ce7c50d3dd8cf726\" class=\"txt-- txt-overflow-2 link link--no-underline my-5 my-m-0 txt-m-inline\" rel=\"nofollow noopener\" target=\"_blank\"><\/p>\n<p>Le STOXX 600 termine pr\u00e8s d&rsquo;un creux d&rsquo;un mois, plomb\u00e9 par la hausse des rendements obligataires et les inqui\u00e9tudes budg\u00e9taires<\/p>\n<p>                        <\/a><\/td>\n<td class=\"table-child--right  table-child--nowrap table-child--w100 txt-s1\">\n    02\/09<\/td>\n<td class=\"table-child--right table-child--w40 c-none cm-table\">\n                                    RE\n                        <\/td>\n<\/tr>\n<tr class=\"\" wp_automatic_readability=\"0.26966292134831\">\n<td class=\"w-100\"><a href=\"https:\/\/ch.zonebourse.com\/actualite-bourse\/paris-termine-en-repli-de-0-7-mais-surperforme-l-e-stoxx-le-dax-et-wall-street-ce7c50d3d08ff327\" class=\"txt-- txt-overflow-2 link link--no-underline my-5 my-m-0 txt-m-inline\" rel=\"nofollow noopener\" target=\"_blank\"><\/p>\n<p>Paris : termine en repli de -0,7% mais surperforme l&rsquo;E-Stoxx, le DAX et Wall Street<\/p>\n<p>                        <\/a><\/td>\n<td class=\"table-child--right  table-child--nowrap table-child--w100 txt-s1\">\n    02\/09<\/td>\n<td class=\"table-child--right table-child--w40 c-none cm-table\"><img loading=\"lazy\" decoding=\"async\" src=\"https:\/\/www.europesays.com\/fr\/wp-content\/uploads\/2025\/05\/logo_at.gif\" width=\"14\" height=\"8\" alt=\"Zonebourse\"\/><\/td>\n<\/tr>\n<tr class=\"\" wp_automatic_readability=\"0.28723404255319\">\n<td class=\"w-100\"><a href=\"https:\/\/ch.zonebourse.com\/actualite-bourse\/les-marches-europeens-reculent-mardi-l-inflation-de-la-zone-euro-grimpe-a-2-1--ce7c50d3d08ff72c\" class=\"txt-- txt-overflow-2 link link--no-underline my-5 my-m-0 txt-m-inline\" rel=\"nofollow noopener\" target=\"_blank\"><\/p>\n<p>Les march\u00e9s europ\u00e9ens reculent mardi ; l&rsquo;inflation de la zone euro grimpe \u00e0 2,1\u00a0%<\/p>\n<p>                        <\/a><\/td>\n<td class=\"table-child--right  table-child--nowrap table-child--w100 txt-s1\">\n    02\/09<\/td>\n<td class=\"table-child--right table-child--w40 c-none cm-table\">\n                                    MT\n                        <\/td>\n<\/tr>\n<p>Couleur : Varia.Varia. 5j.Variation 1 moisVariation 3 moisVariation 6 moisVaria. 1anVaria. 3ansVaria. 5ansVaria. 10ansVaria. 1 janv.<\/p>\n<p>Pond\u00e9ration : CapitalisationPond\u00e9rations Equipond\u00e9r\u00e9esPoids<\/p>\n<p>Regroupement : IndustrieSuper SecteursSuper Secteurs et SecteursIndustrie et ActionsSuper Secteurs et ActionsSecteurs et ActionsActions<\/p>\n<p><a class=\"c-block mt-10 link link__more\" href=\"https:\/\/ch.zonebourse.com\/cours\/indice\/MSCI-EUROPE-125324697\/heatmap\/\" rel=\"nofollow noopener\" target=\"_blank\"><br \/>\n                    Heatmap d\u00e9taill\u00e9e<br \/>\n                <\/a><\/p>\n<ol itemscope=\"\" itemtype=\"https:\/\/schema.org\/BreadcrumbList\">\n<li itemprop=\"itemListElement\" itemscope=\"\" itemtype=\"https:\/\/schema.org\/ListItem\"><a itemprop=\"item\" itemid=\"https:\/\/www.zonebourse.com\/\" href=\"https:\/\/ch.zonebourse.com\/\" rel=\"nofollow noopener\" target=\"_blank\">Bourse<\/a><\/li>\n<li itemprop=\"itemListElement\" itemscope=\"\" itemtype=\"https:\/\/schema.org\/ListItem\"><a itemprop=\"item\" itemid=\"https:\/\/www.zonebourse.com\/actualite-bourse\/\" href=\"https:\/\/ch.zonebourse.com\/actualite-bourse\/\" rel=\"nofollow noopener\" target=\"_blank\">Actualit\u00e9s Bourse<\/a><\/li>\n<li itemprop=\"itemListElement\" itemscope=\"\" itemtype=\"https:\/\/schema.org\/ListItem\">Point march\u00e9s-L&rsquo;Europe attendue sur une note stable, l&rsquo;accalmie sur l&rsquo;obligataire apaise les esprits<\/li>\n<\/ol>\n<p><img decoding=\"async\" src=\"https:\/\/www.europesays.com\/fr\/wp-content\/uploads\/2025\/04\/img_footer_appstore.png\" alt=\"Download from Apple Store\" loading=\"lazy\"\/><\/p>\n<p class=\"m-0\">NOS EXPERTS \u00c0 VOTRE \u00c9COUTE<\/p>\n<p class=\"m-0 txt-bold\">Lundi &#8211; Vendredi 9h-12h \/ 14h-18h<\/p>\n<p><img decoding=\"async\" src=\"https:\/\/www.europesays.com\/fr\/wp-content\/uploads\/2025\/04\/footer_logo_zb.png\" width=\"181\" height=\"24\" alt=\"Zonebourse, bourse en direct\" loading=\"lazy\"\/><br \/>\n                    Mentions l\u00e9gales<br \/>\n                |<br \/>\n                Param\u00e9trer les cookies<br \/>\n            |<br \/>\n                    Blog Zonebourse<br \/>\n                |<a href=\"https:\/\/ch.zonebourse.com\/qui-sommes-nous\" class=\"link txt-footer\" rel=\"nofollow noopener\" target=\"_blank\"><br \/>\n                Qui sommes-nous ?<br \/>\n            <\/a>|<br \/>\n                Copyright \u00a9 2025 Surperformance SAS. Tous droits r\u00e9serv\u00e9s.<\/p>\n<p>\n            Les cotations sont fournies par Factset, Morningstar et S&amp;P Capital IQ\n        <\/p>\n<p class=\"pl-10 txt-bold m-0\">S\u00e9lectionnez votre \u00e9dition<\/p>\n<p class=\"txt-s1 txt-muted m-0 pl-10\">Toutes les informations financi\u00e8res adapt\u00e9es au niveau national<\/p>\n<\/td>\n","protected":false},"excerpt":{"rendered":"Cours en cl\u00f4ture MSCI 16:00:00 03\/09\/2025 Varia. 5j. Varia. 1 janv. 182,83 EUR +0,69% -1,33% +7,62% Publi\u00e9 le&hellip;\n","protected":false},"author":2,"featured_media":364990,"comment_status":"","ping_status":"","sticky":false,"template":"","format":"standard","meta":{"footnotes":""},"categories":[1586],"tags":[11,340,1777,674,1011,27,12,25],"class_list":{"0":"post-364989","1":"post","2":"type-post","3":"status-publish","4":"format-standard","5":"has-post-thumbnail","7":"category-europe","8":"tag-actualites","9":"tag-bourse","10":"tag-eu","11":"tag-europe","12":"tag-fr","13":"tag-france","14":"tag-news","15":"tag-republique-francaise"},"share_on_mastodon":{"url":"https:\/\/pubeurope.com\/@fr\/115144490453445871","error":""},"_links":{"self":[{"href":"https:\/\/www.europesays.com\/fr\/wp-json\/wp\/v2\/posts\/364989","targetHints":{"allow":["GET"]}}],"collection":[{"href":"https:\/\/www.europesays.com\/fr\/wp-json\/wp\/v2\/posts"}],"about":[{"href":"https:\/\/www.europesays.com\/fr\/wp-json\/wp\/v2\/types\/post"}],"author":[{"embeddable":true,"href":"https:\/\/www.europesays.com\/fr\/wp-json\/wp\/v2\/users\/2"}],"replies":[{"embeddable":true,"href":"https:\/\/www.europesays.com\/fr\/wp-json\/wp\/v2\/comments?post=364989"}],"version-history":[{"count":0,"href":"https:\/\/www.europesays.com\/fr\/wp-json\/wp\/v2\/posts\/364989\/revisions"}],"wp:featuredmedia":[{"embeddable":true,"href":"https:\/\/www.europesays.com\/fr\/wp-json\/wp\/v2\/media\/364990"}],"wp:attachment":[{"href":"https:\/\/www.europesays.com\/fr\/wp-json\/wp\/v2\/media?parent=364989"}],"wp:term":[{"taxonomy":"category","embeddable":true,"href":"https:\/\/www.europesays.com\/fr\/wp-json\/wp\/v2\/categories?post=364989"},{"taxonomy":"post_tag","embeddable":true,"href":"https:\/\/www.europesays.com\/fr\/wp-json\/wp\/v2\/tags?post=364989"}],"curies":[{"name":"wp","href":"https:\/\/api.w.org\/{rel}","templated":true}]}}