{"id":36499,"date":"2025-04-19T12:36:09","date_gmt":"2025-04-19T12:36:09","guid":{"rendered":"https:\/\/www.europesays.com\/fr\/36499\/"},"modified":"2025-04-19T12:36:09","modified_gmt":"2025-04-19T12:36:09","slug":"donald-trump-va-t-il-laisser-tomber-les-negociations-entre-poutine-et-zelensky","status":"publish","type":"post","link":"https:\/\/www.europesays.com\/fr\/36499\/","title":{"rendered":"Donald Trump va-t-il laisser tomber les n\u00e9gociations entre Poutine et Zelensky ?"},"content":{"rendered":"<p class=\"article-p mdl\">Le<strong> coup de sang de Donald Trump sur le conflit en Ukraine.<\/strong> Le pr\u00e9sident am\u00e9ricain s&rsquo;impatiente et menace de se retirer\u00a0des n\u00e9gociations, si Kiev et Moscou ne parviennent pas rapidement \u00e0 un accord. Une d\u00e9claration qui signe<strong> la lassitude de Washington <\/strong>pr\u00e8s de cent jours apr\u00e8s le retour au pouvoir du r\u00e9publicain. Mais Trump va-t-il\u00a0laisser tomber les n\u00e9gociations ?\u00a0<\/p>\n<p class=\"article-p mdl\">Il met en tout cas<strong> un v\u00e9ritable coup de pression sur Volodymyr Zelensky<\/strong> pour qu&rsquo;il accepte la paix \u00e0 n&rsquo;importe quel prix. Car sa d\u00e9claration aura peu d&rsquo;effets sur Vladimir Poutine. Le ma\u00eetre du Kremlin ne veut rien entendre. De son c\u00f4t\u00e9,\u00a0<a class=\"link\" href=\"https:\/\/www.rtl.fr\/actu\/international\/guerre-en-ukraine-sans-accord-les-etats-unis-passeront-a-autre-chose-tres-bientot-assure-donald-trump-7900496109\" title=\"Guerre en Ukraine : sans accord, les \u00c9tats-Unis passeront \u00e0 autre chose &quot;tr\u00e8s bient\u00f4t&quot;, assure Donald Trump\" rel=\"nofollow noopener\" target=\"_blank\">Donald Trump est de nature impatiente<\/a>\u00a0et la guerre en Ukraine n&rsquo;est pas son probl\u00e8me. Il ne veut plus entendre parler de ce conflit.<\/p>\n<p class=\"article-p mdl\">Donald Trump a d&rsquo;autres priorit\u00e9s : la Chine et la reprise du business des relations diplomatiques avec Moscou. On ne sait pas quel d\u00e9lai se donne le pr\u00e9sident am\u00e9ricain pour parvenir \u00e0 un accord. \u00ab\u00a0Il n&rsquo;y a pas de nombre pr\u00e9cis de jours, mais\u00a0<strong>nous voulons r\u00e9gler \u00e7a rapidement<\/strong>\u00ab\u00a0, a-t-il d\u00e9clar\u00e9 vendredi.<\/p>\n<p class=\"article-p mdl\">Une nouvelle r\u00e9union entre Am\u00e9ricains, Europ\u00e9ens et Ukrainiens se tient la semaine prochaine \u00e0 Londres, apr\u00e8s\u00a0<a class=\"link\" href=\"https:\/\/www.rtl.fr\/actu\/international\/guerre-en-ukraine-paris-salue-un-excellent-echange-en-faveur-d-une-paix-solide-7900495642\" title=\"Guerre en Ukraine :  Paris salue un &quot;excellent \u00e9change&quot; en faveur d&#039;une &quot;paix solide&quot;\" rel=\"nofollow noopener\" target=\"_blank\">celle qui s&rsquo;est tenue jeudi \u00e0 Paris<\/a>. La d\u00e9cision des \u00c9tats-Unis d\u00e9pendra peut-\u00eatre de cette future rencontre. Le vice-pr\u00e9sident am\u00e9ricain, en visite en Italie, s&rsquo;est dit <strong>\u00ab\u00a0optimiste\u00a0\u00bb sur l&rsquo;issue de ces n\u00e9gociations<\/strong>. Une d\u00e9claration de J.D. Vance qui entretient un certain flou sur les r\u00e9elles intentions de Washington.\u00a0<\/p>\n<p>    La r\u00e9daction vous recommande<\/p>\n<p class=\"s-newsletter__title\">\n                L\u2019actualit\u00e9 par la r\u00e9daction de RTL dans votre bo\u00eete mail.\n            <\/p>\n<p class=\"s-newsletter__subtitle\">\n                Gr\u00e2ce \u00e0 votre compte RTL abonnez-vous \u00e0 la newsletter RTL info pour suivre toute l&rsquo;actualit\u00e9 au quotidien\n            <\/p>\n<p>\n                                    Lire la suite\n                                <\/p>\n","protected":false},"excerpt":{"rendered":"Le coup de sang de Donald Trump sur le conflit en Ukraine. Le pr\u00e9sident am\u00e9ricain s&rsquo;impatiente et menace&hellip;\n","protected":false},"author":2,"featured_media":36500,"comment_status":"","ping_status":"","sticky":false,"template":"","format":"standard","meta":{"footnotes":""},"categories":[1590],"tags":[11,75,73,1777,674,107,131,12,220,134],"class_list":{"0":"post-36499","1":"post","2":"type-post","3":"status-publish","4":"format-standard","5":"has-post-thumbnail","7":"category-ukraine","8":"tag-actualites","9":"tag-donald-trump","10":"tag-etats-unis","11":"tag-eu","12":"tag-europe","13":"tag-fil-info","14":"tag-guerre-en-ukraine","15":"tag-news","16":"tag-ukraine","17":"tag-volodymyr-zelensky"},"share_on_mastodon":{"url":"https:\/\/pubeurope.com\/@fr\/114364663984608147","error":""},"_links":{"self":[{"href":"https:\/\/www.europesays.com\/fr\/wp-json\/wp\/v2\/posts\/36499","targetHints":{"allow":["GET"]}}],"collection":[{"href":"https:\/\/www.europesays.com\/fr\/wp-json\/wp\/v2\/posts"}],"about":[{"href":"https:\/\/www.europesays.com\/fr\/wp-json\/wp\/v2\/types\/post"}],"author":[{"embeddable":true,"href":"https:\/\/www.europesays.com\/fr\/wp-json\/wp\/v2\/users\/2"}],"replies":[{"embeddable":true,"href":"https:\/\/www.europesays.com\/fr\/wp-json\/wp\/v2\/comments?post=36499"}],"version-history":[{"count":0,"href":"https:\/\/www.europesays.com\/fr\/wp-json\/wp\/v2\/posts\/36499\/revisions"}],"wp:featuredmedia":[{"embeddable":true,"href":"https:\/\/www.europesays.com\/fr\/wp-json\/wp\/v2\/media\/36500"}],"wp:attachment":[{"href":"https:\/\/www.europesays.com\/fr\/wp-json\/wp\/v2\/media?parent=36499"}],"wp:term":[{"taxonomy":"category","embeddable":true,"href":"https:\/\/www.europesays.com\/fr\/wp-json\/wp\/v2\/categories?post=36499"},{"taxonomy":"post_tag","embeddable":true,"href":"https:\/\/www.europesays.com\/fr\/wp-json\/wp\/v2\/tags?post=36499"}],"curies":[{"name":"wp","href":"https:\/\/api.w.org\/{rel}","templated":true}]}}