{"id":364991,"date":"2025-09-04T05:57:12","date_gmt":"2025-09-04T05:57:12","guid":{"rendered":"https:\/\/www.europesays.com\/fr\/364991\/"},"modified":"2025-09-04T05:57:12","modified_gmt":"2025-09-04T05:57:12","slug":"on-se-sent-trahi-tacle-la-coordination-rurale","status":"publish","type":"post","link":"https:\/\/www.europesays.com\/fr\/364991\/","title":{"rendered":"\u00ab\u00a0On se sent trahi\u00a0\u00bb, tacle la Coordination rurale"},"content":{"rendered":"\n<p class=\"c-chapo \">\n  L&rsquo;accord commercial, valid\u00e9 par les commissaires europ\u00e9ens, doit encore \u00eatre soumis aux Etats membres de l&rsquo;UE et aux eurod\u00e9put\u00e9s.\n<\/p>\n<p>            lire plus tard<\/p>\n<p id=\"dialog__title\" class=\"dialog__title\">Pour sauvegarder cet article, connectez-vous ou cr\u00e9ez un compte franceinfo<\/p>\n<p class=\"dialog__description\">Sans paiement. Sans abonnement.<\/p>\n<p>        Fermer la fen\u00eatre d\u2019activation des notifications France Info<\/p>\n<p>            cr\u00e9er votre compte<\/p>\n<p>            se connecter<\/p>\n<p>        Fermer la fen\u00eatre de pr\u00e9sentation<\/p>\n<p>    <img loading=\"lazy\" decoding=\"async\" class=\"signature__image lazyload\" width=\"100\" height=\"100\" data- alt=\"\" src=\"https:\/\/www.europesays.com\/fr\/wp-content\/uploads\/2025\/05\/64a7df4c5fe71_placeholder-36b69ec8.png\"\/><\/p>\n<p>    Publi\u00e9 le 04\/09\/2025 07:19<\/p>\n<p>        Temps de lecture : 1min<\/p>\n<p>    <img decoding=\"async\"  alt=\"V\u00e9ronique Le Floc'h, pr\u00e9sidente de la Coordination rurale, le 13 janvier 2025 \u00e0 sa sortie de Matignon, apr\u00e8s une rencontre avec Fran\u00e7ois Bayrou. (BERTRAND GUAY \/ AFP)\" width=\"432\" height=\"243\" src=\"https:\/\/www.europesays.com\/fr\/wp-content\/uploads\/2025\/09\/000-36tn4ck-67877c7b23ff5826839792.jpg\" fetchpriority=\"high\"\/><\/p>\n<p>      V\u00e9ronique Le Floc&rsquo;h, pr\u00e9sidente de la Coordination rurale, le 13 janvier 2025 \u00e0 sa sortie de Matignon, apr\u00e8s une rencontre avec Fran\u00e7ois Bayrou. (BERTRAND GUAY \/ AFP)<\/p>\n<p>La Coordination rurale d\u00e9nonce jeudi 4 septembre une \u00ab\u00a0trahison\u00a0\u00bb apr\u00e8s la validation par les commissaires europ\u00e9ens de l&rsquo;accord commercial avec les pays latino-am\u00e9ricains du <a href=\"https:\/\/www.franceinfo.fr\/economie\/commerce\/mercosur\/\" target=\"_blank\" rel=\"noopener nofollow\">Mercosur<\/a>. \u00ab\u00a0On se sent trahi\u00a0\u00bb, a cingl\u00e9 <a href=\"https:\/\/www.franceinfo.fr\/replay-radio\/ils-ont-fait-l-actu\/on-ne-peut-plus-faire-sans-la-coordination-rurale-estime-la-presidente-du-syndicat-six-mois-apres-les-elections-dans-les-chambres-d-agriculture_7355772.html\" rel=\"nofollow noopener\" target=\"_blank\">la pr\u00e9sidente de la Coordination rurale<\/a>, V\u00e9ronique Le Floc&rsquo;h, contact\u00e9e par franceinfo.<\/p>\n<p>\u00ab\u00a0D\u00e8s le d\u00e9but, au lieu de dire on ne veut pas de cet accord en l&rsquo;\u00e9tat, il fallait dire on ne veut pas de cet accord tout court\u00a0\u00bb, a-t-elle soulign\u00e9. \u00ab\u00a0Le rouleau compresseur, il avance, et l&rsquo;agriculture va se faire broyer au nom des int\u00e9r\u00eats de financiers, de grands groupes\u00a0\u00bb, a-t-elle poursuivi.<\/p>\n<p>Emmanuel Macron avait rappel\u00e9 d\u00e9but juillet <a href=\"https:\/\/www.franceinfo.fr\/economie\/commerce\/mercosur\/mercosur-emmanuel-macron-pret-a-signer-un-accord-amende-d-ici-la-fin-de-l-annee_7296171.html\" rel=\"nofollow noopener\" target=\"_blank\">son opposition en l&rsquo;\u00e9tat \u00e0 l&rsquo;accord de libre-\u00e9change<\/a> avec les pays du Mercosur, rappelant qu&rsquo;il demandait un protocole additionnel pour prot\u00e9ger les agriculteurs. \u00ab\u00a0On se battra (sinon) pour avoir une minorit\u00e9 de blocage\u00a0\u00bb afin d&rsquo;y faire obstacle, avait-il dit. Pour convaincre et rassurer Paris, la Commission europ\u00e9enne promet d\u00e9sormais de compl\u00e9ter l&rsquo;accord par un \u00ab\u00a0acte juridique\u00a0\u00bb renfor\u00e7ant les mesures de sauvegarde pour \u00ab\u00a0les produits europ\u00e9ens sensibles\u00a0\u00bb comme le b\u0153uf ou la volaille.<\/p>\n<p>La Commission europ\u00e9enne a \u00ab\u00a0entendu les r\u00e9serves\u00a0\u00bb et \u00ab\u00a0accept\u00e9\u00a0\u00bb des clauses de sauvegarde pour mieux prot\u00e9ger l&rsquo;agriculture europ\u00e9enne, s&rsquo;est f\u00e9licit\u00e9e mercredi la porte-parole du gouvernement fran\u00e7ais Sophie Primas.<\/p>\n","protected":false},"excerpt":{"rendered":"L&rsquo;accord commercial, valid\u00e9 par les commissaires europ\u00e9ens, doit encore \u00eatre soumis aux Etats membres de l&rsquo;UE et aux&hellip;\n","protected":false},"author":2,"featured_media":364992,"comment_status":"","ping_status":"","sticky":false,"template":"","format":"standard","meta":{"footnotes":""},"categories":[1586],"tags":[11,1777,674,1779,1011,27,12,25,1778,364],"class_list":{"0":"post-364991","1":"post","2":"type-post","3":"status-publish","4":"format-standard","5":"has-post-thumbnail","7":"category-europe","8":"tag-actualites","9":"tag-eu","10":"tag-europe","11":"tag-european-union","12":"tag-fr","13":"tag-france","14":"tag-news","15":"tag-republique-francaise","16":"tag-ue","17":"tag-union-europeenne"},"share_on_mastodon":{"url":"https:\/\/pubeurope.com\/@fr\/115144493918879248","error":""},"_links":{"self":[{"href":"https:\/\/www.europesays.com\/fr\/wp-json\/wp\/v2\/posts\/364991","targetHints":{"allow":["GET"]}}],"collection":[{"href":"https:\/\/www.europesays.com\/fr\/wp-json\/wp\/v2\/posts"}],"about":[{"href":"https:\/\/www.europesays.com\/fr\/wp-json\/wp\/v2\/types\/post"}],"author":[{"embeddable":true,"href":"https:\/\/www.europesays.com\/fr\/wp-json\/wp\/v2\/users\/2"}],"replies":[{"embeddable":true,"href":"https:\/\/www.europesays.com\/fr\/wp-json\/wp\/v2\/comments?post=364991"}],"version-history":[{"count":0,"href":"https:\/\/www.europesays.com\/fr\/wp-json\/wp\/v2\/posts\/364991\/revisions"}],"wp:featuredmedia":[{"embeddable":true,"href":"https:\/\/www.europesays.com\/fr\/wp-json\/wp\/v2\/media\/364992"}],"wp:attachment":[{"href":"https:\/\/www.europesays.com\/fr\/wp-json\/wp\/v2\/media?parent=364991"}],"wp:term":[{"taxonomy":"category","embeddable":true,"href":"https:\/\/www.europesays.com\/fr\/wp-json\/wp\/v2\/categories?post=364991"},{"taxonomy":"post_tag","embeddable":true,"href":"https:\/\/www.europesays.com\/fr\/wp-json\/wp\/v2\/tags?post=364991"}],"curies":[{"name":"wp","href":"https:\/\/api.w.org\/{rel}","templated":true}]}}