{"id":364999,"date":"2025-09-04T06:01:14","date_gmt":"2025-09-04T06:01:14","guid":{"rendered":"https:\/\/www.europesays.com\/fr\/364999\/"},"modified":"2025-09-04T06:01:14","modified_gmt":"2025-09-04T06:01:14","slug":"tom-vaillant-ne-se-sent-pas-en-danger","status":"publish","type":"post","link":"https:\/\/www.europesays.com\/fr\/364999\/","title":{"rendered":"Tom Vaillant ne se sent pas en danger"},"content":{"rendered":"<p>\t\t\t\t\t\t<img width=\"770\" height=\"556\" src=\"https:\/\/www.europesays.com\/fr\/wp-content\/uploads\/2025\/09\/afp__20250824__2231801653__v3__highres__betfredbritishmastershostedbysirnickfaldo202-770x556.jpg\" class=\"img-responsive wp-post-image\" alt=\"\" decoding=\"async\" fetchpriority=\"high\"  \/>\t\t\t\t\t<\/p>\n<p>\t\t\t\t\t\t Partager cet article <\/p>\n<p class=\"screen-reader-text juiz_sps_maybe_hidden_text\">Partager la publication \u00ab\u00a0Tom Vaillant ne se sent pas en danger\u00a0\u00bb<\/p>\n<p><strong>Pourtant en dehors des clous provisoires pour conserver sa carte, Tom Vaillant reste serein pour son avenir. Il compte capitaliser sur ses derniers bons r\u00e9sultats.<\/strong><\/p>\n<p>\t\t\t\t\t<a id=\"181417\" href=\"https:\/\/cabotbordeaux.com\/fr\/booking\/training-golf\" target=\"_blank\" rel=\"sponsorised nofollow noopener\"><img decoding=\"async\" src=\"data:image\/svg+xml,%3Csvg%20xmlns=\" http:=\"\" class=\"img-responsive\" alt=\"\" data-lazy-src=\"https:\/\/www.europesays.com\/fr\/wp-content\/uploads\/2025\/08\/cabot-e04-stage-septembre-1170x275-1.gif\"\/><\/a><\/p>\n<p><strong>N.C.<\/strong><\/p>\n<p>C\u2019est avec une derni\u00e8re carte de 64 (-6) et une belle 17e place que <strong>Tom Vaillant<\/strong> a quitt\u00e9 Crans-Montana et l\u2019<strong>Omega European Masters<\/strong>. Le jeune Fran\u00e7ais \u00e2g\u00e9 de 23 ans a ainsi sign\u00e9 son premier top 20 de la saison.<\/p>\n<p>\u00ab Un bon week-end, -10 sur les deux derniers tours, c\u2019est une bonne semaine, s\u2019est r\u00e9joui le double vainqueur sur l\u2019<strong>Alps Tour<\/strong>. Je me sens bien dans l\u2019ensemble, je travaille dur avec mon coach. Ces deux derni\u00e8res semaines ont \u00e9t\u00e9 positives. \u00bb<\/p>\n<blockquote><p>&#13;<br \/>\nJe sais que d\u00e8s que je vois mon staff, je suis performant&#13;\n<\/p><\/blockquote>\n<p>Ce r\u00e9sultat fait suite \u00e0 une 24e place encourageante au <strong>British Masters<\/strong>, apr\u00e8s un mois de pause n\u00e9cessaire. \u00ab J\u2019avais vraiment besoin de me reposer et de m\u2019entra\u00eener. Je ne voyais pas assez mon staff, de par nos calendriers respectifs. J\u2019avais vraiment besoin de temps, de rentrer chez moi et de travailler, car je sais que d\u00e8s que je vois mon staff, je suis performant. \u00bb<\/p>\n<p>Des r\u00e9sultats encourageants au moment o\u00f9 les points comptent doubles. Celui qui a remplac\u00e9 <strong>Yann Vandaele<\/strong>\u00a0par un de ses amis sur son sac esp\u00e8re encha\u00eener d\u00e8s cette semaine sur le richement dot\u00e9 <strong>Amgen Irish Open<\/strong>. \u00ab Il faut continuer comme \u00e7a, travailler dur, poursuit-il. J\u2019ai trois semaines tr\u00e8s importantes qui arrivent, avec surtout l\u2019Open de France qui est le plus gros objectif de l\u2019ann\u00e9e. Je veux arriver performant, avec le maximum de confiance, et \u00e7a, \u00e7a passe par le travail. \u00bb<\/p>\n<p>Pas sous pression<\/p>\n<p>Lors de sa premi\u00e8re saison sur le <strong>DP World Tour<\/strong>,<strong> Tom Vaillant<\/strong> avait d\u00e9j\u00e0 acc\u00e9l\u00e9r\u00e9 \u00e0 cette p\u00e9riode pour sauver sa carte. Cette ann\u00e9e, le repr\u00e9sentant de l\u2019<strong>Evian Resort Golf Club<\/strong> occupe le 125e rang de la <strong>Race to Dubai<\/strong> et n\u2019est donc pas encore assur\u00e9 de ses droits de jeu pour 2026.<\/p>\n<p>\u00ab Je ne me sens pas forc\u00e9ment en danger, je ne regarde pas du tout le classement de la Race to Dubai, je n\u2019ai m\u00eame pas l\u2019application du Tour sur mon t\u00e9l\u00e9phone, explique le Champion de France 2023. J\u2019essaie juste de faire de bonnes semaines et de voir mon niveau de jeu. \u00c7a fait deux semaines que \u00e7a augmente, m\u00eame depuis les USA o\u00f9 j\u2019\u00e9tais en avant-derni\u00e8re partie le dimanche. \u00c7a montre que depuis les trois derniers tournois, je toque de plus en plus \u00e0 la porte. C\u2019est mon seul objectif, le reste je ne peux pas le contr\u00f4ler. \u00bb<\/p>\n<blockquote><p>&#13;<br \/>\nC\u2019est quelqu\u2019un qui a un enthousiasme \u00e9norme, et quand il est heureux, qu\u2019il a le sourire, tout le reste suit&#13;\n<\/p><\/blockquote>\n<p>Arriv\u00e9 sur le circuit il y a un an, <strong>Tom Vaillant<\/strong> suit aussi les performances de son ancien partenaire d\u2019\u00c9quipe de France,<strong> Martin Couvra<\/strong>, neuvi\u00e8me de l\u2019ordre du m\u00e9rite et r\u00e9cent vainqueur du <strong>Turkish Open<\/strong>.<\/p>\n<p>\u00ab Je ne suis pas surpris de ses r\u00e9sultats. Il \u00e9tait d\u00e9j\u00e0 tr\u00e8s fort avant, son staff est \u00e0 la hauteur de son niveau. Il faut juste le laisser vivre sa saison, trouver ses rep\u00e8res et continuer \u00e0 travailler. Et qu\u2019il kiffe, car c\u2019est quelqu\u2019un qui a un enthousiasme \u00e9norme, et quand il est heureux, qu\u2019il a le sourire, tout le reste suit \u00bb, conclut le jeune Fran\u00e7ais.<\/p>\n<p>\u00a0<\/p>\n<p>\u00a0<\/p>\n<p>\u00a0<\/p>\n<p>\u00a9ANDREW REDINGTON \/ GETTY IMAGES EUROPE \/ Getty Images via AFP<\/p>\n","protected":false},"excerpt":{"rendered":"Partager cet article Partager la publication \u00ab\u00a0Tom Vaillant ne se sent pas en danger\u00a0\u00bb Pourtant en dehors des&hellip;\n","protected":false},"author":2,"featured_media":365000,"comment_status":"","ping_status":"","sticky":false,"template":"","format":"standard","meta":{"footnotes":""},"categories":[1418],"tags":[1011,27,1472,60],"class_list":{"0":"post-364999","1":"post","2":"type-post","3":"status-publish","4":"format-standard","5":"has-post-thumbnail","7":"category-golf","8":"tag-fr","9":"tag-france","10":"tag-golf","11":"tag-sports"},"share_on_mastodon":{"url":"https:\/\/pubeurope.com\/@fr\/115144509636590053","error":""},"_links":{"self":[{"href":"https:\/\/www.europesays.com\/fr\/wp-json\/wp\/v2\/posts\/364999","targetHints":{"allow":["GET"]}}],"collection":[{"href":"https:\/\/www.europesays.com\/fr\/wp-json\/wp\/v2\/posts"}],"about":[{"href":"https:\/\/www.europesays.com\/fr\/wp-json\/wp\/v2\/types\/post"}],"author":[{"embeddable":true,"href":"https:\/\/www.europesays.com\/fr\/wp-json\/wp\/v2\/users\/2"}],"replies":[{"embeddable":true,"href":"https:\/\/www.europesays.com\/fr\/wp-json\/wp\/v2\/comments?post=364999"}],"version-history":[{"count":0,"href":"https:\/\/www.europesays.com\/fr\/wp-json\/wp\/v2\/posts\/364999\/revisions"}],"wp:featuredmedia":[{"embeddable":true,"href":"https:\/\/www.europesays.com\/fr\/wp-json\/wp\/v2\/media\/365000"}],"wp:attachment":[{"href":"https:\/\/www.europesays.com\/fr\/wp-json\/wp\/v2\/media?parent=364999"}],"wp:term":[{"taxonomy":"category","embeddable":true,"href":"https:\/\/www.europesays.com\/fr\/wp-json\/wp\/v2\/categories?post=364999"},{"taxonomy":"post_tag","embeddable":true,"href":"https:\/\/www.europesays.com\/fr\/wp-json\/wp\/v2\/tags?post=364999"}],"curies":[{"name":"wp","href":"https:\/\/api.w.org\/{rel}","templated":true}]}}