{"id":365003,"date":"2025-09-04T06:03:11","date_gmt":"2025-09-04T06:03:11","guid":{"rendered":"https:\/\/www.europesays.com\/fr\/365003\/"},"modified":"2025-09-04T06:03:11","modified_gmt":"2025-09-04T06:03:11","slug":"qui-peut-rivaliser-avec-le-grand-favori-de-la-saison-2025-2026-de-top-14","status":"publish","type":"post","link":"https:\/\/www.europesays.com\/fr\/365003\/","title":{"rendered":"qui peut rivaliser avec le grand favori de la saison 2025-2026 de Top 14 ?"},"content":{"rendered":"\n<p>\u00ab Toulouse a un temps d&rsquo;avance sur les autres \u00bb : qui peut rivaliser avec le grand favori de la saison 2025-2026 de Top 14 ?<\/p>\n<p>Grand favori \u00e0 sa propre succession, Toulouse a tous les arguments pour continuer \u00e0 dominer le Top 14, qui reprend ce samedi. Mais la concurrence ne s&rsquo;y r\u00e9signe pas, \u00e0 commencer par son meilleur adversaire des deux derni\u00e8res ann\u00e9es, Bordeaux.<\/p>\n","protected":false},"excerpt":{"rendered":"\u00ab Toulouse a un temps d&rsquo;avance sur les autres \u00bb : qui peut rivaliser avec le grand favori&hellip;\n","protected":false},"author":2,"featured_media":365004,"comment_status":"","ping_status":"","sticky":false,"template":"","format":"standard","meta":{"footnotes":""},"categories":[1416],"tags":[1011,27,479,1468,60],"class_list":{"0":"post-365003","1":"post","2":"type-post","3":"status-publish","4":"format-standard","5":"has-post-thumbnail","7":"category-rugby","8":"tag-fr","9":"tag-france","10":"tag-rugby","11":"tag-rugby-football","12":"tag-sports"},"share_on_mastodon":{"url":"https:\/\/pubeurope.com\/@fr\/115144517468589011","error":""},"_links":{"self":[{"href":"https:\/\/www.europesays.com\/fr\/wp-json\/wp\/v2\/posts\/365003","targetHints":{"allow":["GET"]}}],"collection":[{"href":"https:\/\/www.europesays.com\/fr\/wp-json\/wp\/v2\/posts"}],"about":[{"href":"https:\/\/www.europesays.com\/fr\/wp-json\/wp\/v2\/types\/post"}],"author":[{"embeddable":true,"href":"https:\/\/www.europesays.com\/fr\/wp-json\/wp\/v2\/users\/2"}],"replies":[{"embeddable":true,"href":"https:\/\/www.europesays.com\/fr\/wp-json\/wp\/v2\/comments?post=365003"}],"version-history":[{"count":0,"href":"https:\/\/www.europesays.com\/fr\/wp-json\/wp\/v2\/posts\/365003\/revisions"}],"wp:featuredmedia":[{"embeddable":true,"href":"https:\/\/www.europesays.com\/fr\/wp-json\/wp\/v2\/media\/365004"}],"wp:attachment":[{"href":"https:\/\/www.europesays.com\/fr\/wp-json\/wp\/v2\/media?parent=365003"}],"wp:term":[{"taxonomy":"category","embeddable":true,"href":"https:\/\/www.europesays.com\/fr\/wp-json\/wp\/v2\/categories?post=365003"},{"taxonomy":"post_tag","embeddable":true,"href":"https:\/\/www.europesays.com\/fr\/wp-json\/wp\/v2\/tags?post=365003"}],"curies":[{"name":"wp","href":"https:\/\/api.w.org\/{rel}","templated":true}]}}