{"id":365011,"date":"2025-09-04T06:09:15","date_gmt":"2025-09-04T06:09:15","guid":{"rendered":"https:\/\/www.europesays.com\/fr\/365011\/"},"modified":"2025-09-04T06:09:15","modified_gmt":"2025-09-04T06:09:15","slug":"officiel-le-rc-lens-feminin-renforce-sa-defense-avec-lexperimentee-sofia-guellati","status":"publish","type":"post","link":"https:\/\/www.europesays.com\/fr\/365011\/","title":{"rendered":"[Officiel] Le RC Lens F\u00e9minin renforce sa d\u00e9fense avec l&rsquo;exp\u00e9riment\u00e9e Sofia Guellati"},"content":{"rendered":"<p>Alors que le <strong>RC Lens<\/strong> s\u2019appr\u00eate \u00e0 jouer le premier match d\u2019Arkema Premi\u00e8re Ligue de son histoire samedi \u00e0 <strong>Bollaert<\/strong> face au PSG, il se renforce. On croyait le recrutement termin\u00e9, mais le club annonce la signature de <strong>Sofia Guellati <\/strong>jusqu\u2019en 2026.<\/p>\n<p>Cette internationale alg\u00e9rienne de 33 ans, qui vient apporter de l\u2019exp\u00e9rience en d\u00e9fense, a fait les beaux jours de Rodez et \u00e9voluait la saison derni\u00e8re \u00e0 Guingamp. Elle compte 331 matches \u00e0 son actif au haut niveau. Elle \u00e9tait capitaine de l\u2019\u00e9quipe d\u2019Alg\u00e9rie qui est all\u00e9e jusqu\u2019en quart de finale de la Coupe d\u2019Afrique des Nations \u00e0 l\u2019issue de la derni\u00e8re saison, aux c\u00f4t\u00e9s d\u2019<strong>Emma Smaali<\/strong>.<\/p>\n<p>Sarah M\u2019Barek : \u00ab Une v\u00e9ritable leader \u00bb<\/p>\n<p><img loading=\"lazy\" decoding=\"async\" class=\"size-medium wp-image-280241 aligncenter lazyload\" alt=\"\" width=\"600\" height=\"400\" src=\"https:\/\/www.europesays.com\/fr\/wp-content\/uploads\/2025\/09\/sofia_guellati-600x400.jpg\"  data- data-eio-rwidth=\"600\" data-eio-rheight=\"400\"\/><\/p>\n<p><a href=\"https:\/\/www.rclens.fr\/fr\/news\/sofia-guellati-rclens-feminin-signature-mercato-20250828\" target=\"_blank\" rel=\"noopener nofollow\">Dans un communiqu\u00e9<\/a>, la manageure du RC Lens F\u00e9minin Sarah M\u2019Barek commente\u00a0:\u00a0\u00ab Sofia a une grande exp\u00e9rience du haut niveau, notamment de la Premi\u00e8re Ligue. En plus de son parcours avec Rodez et Guingamp, elle est capitaine de la s\u00e9lection alg\u00e9rienne, o\u00f9 elle c\u00f4toie Emma (Smaali). Elle a d\u2019ailleurs particip\u00e9 \u00e0 la derni\u00e8re Coupe d\u2019Afrique des Nations en juillet 2025. C\u2019est une v\u00e9ritable leader qui nous rejoint. \u00c0 33 ans, Sofia est dans ses meilleures ann\u00e9es, ce qui est d\u00fb \u00e0 sa motivation et son s\u00e9rieux au quotidien. En plus d\u2019\u00eatre rapide et dure dans les duels, Sofia a aussi une tr\u00e8s bonne qualit\u00e9 technique. Elle s\u2019inscrit compl\u00e8tement dans notre volont\u00e9 de produire du jeu et de relancer court.\u00a0\u00bb<\/p>\n","protected":false},"excerpt":{"rendered":"Alors que le RC Lens s\u2019appr\u00eate \u00e0 jouer le premier match d\u2019Arkema Premi\u00e8re Ligue de son histoire samedi&hellip;\n","protected":false},"author":2,"featured_media":365012,"comment_status":"","ping_status":"","sticky":false,"template":"","format":"standard","meta":{"footnotes":""},"categories":[1410],"tags":[63,1011,27,60],"class_list":{"0":"post-365011","1":"post","2":"type-post","3":"status-publish","4":"format-standard","5":"has-post-thumbnail","7":"category-football","8":"tag-football","9":"tag-fr","10":"tag-france","11":"tag-sports"},"share_on_mastodon":{"url":"https:\/\/pubeurope.com\/@fr\/115144541363073610","error":""},"_links":{"self":[{"href":"https:\/\/www.europesays.com\/fr\/wp-json\/wp\/v2\/posts\/365011","targetHints":{"allow":["GET"]}}],"collection":[{"href":"https:\/\/www.europesays.com\/fr\/wp-json\/wp\/v2\/posts"}],"about":[{"href":"https:\/\/www.europesays.com\/fr\/wp-json\/wp\/v2\/types\/post"}],"author":[{"embeddable":true,"href":"https:\/\/www.europesays.com\/fr\/wp-json\/wp\/v2\/users\/2"}],"replies":[{"embeddable":true,"href":"https:\/\/www.europesays.com\/fr\/wp-json\/wp\/v2\/comments?post=365011"}],"version-history":[{"count":0,"href":"https:\/\/www.europesays.com\/fr\/wp-json\/wp\/v2\/posts\/365011\/revisions"}],"wp:featuredmedia":[{"embeddable":true,"href":"https:\/\/www.europesays.com\/fr\/wp-json\/wp\/v2\/media\/365012"}],"wp:attachment":[{"href":"https:\/\/www.europesays.com\/fr\/wp-json\/wp\/v2\/media?parent=365011"}],"wp:term":[{"taxonomy":"category","embeddable":true,"href":"https:\/\/www.europesays.com\/fr\/wp-json\/wp\/v2\/categories?post=365011"},{"taxonomy":"post_tag","embeddable":true,"href":"https:\/\/www.europesays.com\/fr\/wp-json\/wp\/v2\/tags?post=365011"}],"curies":[{"name":"wp","href":"https:\/\/api.w.org\/{rel}","templated":true}]}}