{"id":365013,"date":"2025-09-04T06:10:09","date_gmt":"2025-09-04T06:10:09","guid":{"rendered":"https:\/\/www.europesays.com\/fr\/365013\/"},"modified":"2025-09-04T06:10:09","modified_gmt":"2025-09-04T06:10:09","slug":"une-rentree-chargee-pour-kate-middleton-voici-quand-la-princesse-de-galles-va-faire-son-grand-retour-et-elle-ne-sera-pas-seule","status":"publish","type":"post","link":"https:\/\/www.europesays.com\/fr\/365013\/","title":{"rendered":"Une rentr\u00e9e charg\u00e9e pour Kate Middleton\u00a0: voici quand la princesse de Galles va faire son grand retour et elle ne sera pas seule"},"content":{"rendered":"<p class=\"ap-StoryElement ap-StoryElement--mb ap-StoryText\">La derni\u00e8re rentr\u00e9e de Kate Middleton s&rsquo;est faite sur une tout autre note. En effet, en septembre dernier, la princesse de Galles annon\u00e7ait la fin de son traitement de chimioth\u00e9rapie afin de venir \u00e0 bout de son cancer. Une bonne nouvelle, mais qui ne signait pas son retour \u00e0 la vie active.<\/p>\n<p class=\"ap-StoryElement ap-StoryElement--mb ap-StoryText\">Il faudra ensuite attendre le mois de janvier pour avoir une bonne nouvelle : l&rsquo;\u00e9pouse du prince William \u00e9tait officiellement en r\u00e9mission. Depuis, elle avait peu \u00e0 peu repris du service, multipliant ses apparitions publiques. Mais cette rentr\u00e9e 2025 signe-t-elle le r\u00e9el retour de la princesse de Galles sur le devant de la sc\u00e8ne. En tout cas, son emploi du temps semble bien charg\u00e9.<\/p>\n","protected":false},"excerpt":{"rendered":"La derni\u00e8re rentr\u00e9e de Kate Middleton s&rsquo;est faite sur une tout autre note. En effet, en septembre dernier,&hellip;\n","protected":false},"author":2,"featured_media":365014,"comment_status":"","ping_status":"","sticky":false,"template":"","format":"standard","meta":{"footnotes":""},"categories":[1359],"tags":[101,49942,58,49940,59,1011,27,5858,973,3936,19442,49941,28313,395],"class_list":{"0":"post-365013","1":"post","2":"type-post","3":"status-publish","4":"format-standard","5":"has-post-thumbnail","7":"category-people","8":"tag-cancer","9":"tag-chimiotherapie","10":"tag-divertissement","11":"tag-engagement-officiel","12":"tag-entertainment","13":"tag-fr","14":"tag-france","15":"tag-kate-middleton","16":"tag-people","17":"tag-prince-william","18":"tag-princesse-de-galles","19":"tag-remission","20":"tag-rentree","21":"tag-septembre"},"share_on_mastodon":{"url":"https:\/\/pubeurope.com\/@fr\/115144544910174289","error":""},"_links":{"self":[{"href":"https:\/\/www.europesays.com\/fr\/wp-json\/wp\/v2\/posts\/365013","targetHints":{"allow":["GET"]}}],"collection":[{"href":"https:\/\/www.europesays.com\/fr\/wp-json\/wp\/v2\/posts"}],"about":[{"href":"https:\/\/www.europesays.com\/fr\/wp-json\/wp\/v2\/types\/post"}],"author":[{"embeddable":true,"href":"https:\/\/www.europesays.com\/fr\/wp-json\/wp\/v2\/users\/2"}],"replies":[{"embeddable":true,"href":"https:\/\/www.europesays.com\/fr\/wp-json\/wp\/v2\/comments?post=365013"}],"version-history":[{"count":0,"href":"https:\/\/www.europesays.com\/fr\/wp-json\/wp\/v2\/posts\/365013\/revisions"}],"wp:featuredmedia":[{"embeddable":true,"href":"https:\/\/www.europesays.com\/fr\/wp-json\/wp\/v2\/media\/365014"}],"wp:attachment":[{"href":"https:\/\/www.europesays.com\/fr\/wp-json\/wp\/v2\/media?parent=365013"}],"wp:term":[{"taxonomy":"category","embeddable":true,"href":"https:\/\/www.europesays.com\/fr\/wp-json\/wp\/v2\/categories?post=365013"},{"taxonomy":"post_tag","embeddable":true,"href":"https:\/\/www.europesays.com\/fr\/wp-json\/wp\/v2\/tags?post=365013"}],"curies":[{"name":"wp","href":"https:\/\/api.w.org\/{rel}","templated":true}]}}