{"id":365015,"date":"2025-09-04T06:12:19","date_gmt":"2025-09-04T06:12:19","guid":{"rendered":"https:\/\/www.europesays.com\/fr\/365015\/"},"modified":"2025-09-04T06:12:19","modified_gmt":"2025-09-04T06:12:19","slug":"lancement-du-livre-la-voix-du-vietnam","status":"publish","type":"post","link":"https:\/\/www.europesays.com\/fr\/365015\/","title":{"rendered":"Lancement du livre \u00ab La Voix du Vietnam"},"content":{"rendered":"<p style=\"text-align: justify;\"> La publication, publi\u00e9e par VOV en collaboration avec la Maison d&rsquo;\u00e9dition politique nationale Truth, h\u00e9rite du livre \u00ab 70 ans <a class=\"data-link\" data-org-href=\"https:\/\/www.vietnam.vn\/authors\/vov-vn\" href=\"https:\/\/www.vietnam.vn\/authors\/vov-vn\" title=\"Voix du Vietnam\" target=\"_blank\" rel=\"nofollow noopener\">de la Voix du Vietnam<\/a> (1945 &#8211; 2015) \u00bb et ajoute de nombreux nouveaux documents, images et histoires pour la p\u00e9riode 2015 &#8211; 2025. Avec pr\u00e8s de 500 pages, le livre se concentre sur trois contenus principaux : recr\u00e9er la tradition de 80 ans de construction et de d\u00e9veloppement ; refl\u00e9ter l&rsquo;attachement et le d\u00e9vouement de nombreuses g\u00e9n\u00e9rations de cadres, de journalistes et de techniciens ; et l&rsquo;orientation strat\u00e9gique \u00e0 l&rsquo;\u00e8re num\u00e9rique. <\/p>\n<p><img loading=\"lazy\" decoding=\"async\" id=\"1542905\" alt=\"ra mat sach (8).jpg\" data-width=\"2226\" data-height=\"1484\" data-image-id=\"1542905\" class=\"lazyload  cms-photo\" src=\"https:\/\/www.europesays.com\/fr\/wp-content\/uploads\/2025\/09\/ra-mat-sach-8-9218-1061.jpg.webp.webp\" title=\"Les d\u00e9l\u00e9gu\u00e9s appuient sur le bouton pour la sortie du livre \u00ab La Voix du Vietnam - 80 ans d'accompagnement du pays \u00bb\" width=\"1000\" height=\"666\"\/> Les d\u00e9l\u00e9gu\u00e9s appuient sur le bouton pour la sortie du livre \u00ab La Voix du Vietnam &#8211; 80 ans d&rsquo;accompagnement du pays \u00bb<\/p>\n<p style=\"text-align: justify;\"> Le journaliste Vu Duy, membre du comit\u00e9 de r\u00e9daction, a d\u00e9clar\u00e9 que le livre conservait le contenu principal de l&rsquo;\u00e9dition pr\u00e9c\u00e9dente, tout en y ajoutant une section intitul\u00e9e \u00ab\u00a0\u00c9chos de la Voix du Vietnam\u00a0\u00bb, qui recueille les opinions de dirigeants du Parti et de l&rsquo;\u00c9tat, d&rsquo;artistes, d&rsquo;intellectuels et du public vietnamien et \u00e9tranger sur VOV. En particulier, la section \u00ab\u00a0Annuaire\u00a0\u00bb int\u00e8gre un code QR permettant aux lecteurs de consulter des documents suppl\u00e9mentaires, tandis que la section \u00ab\u00a0Histoires d&rsquo;Oncle Ho avec la Voix du Vietnam\u00a0\u00bb est soigneusement compil\u00e9e, refl\u00e9tant son profond attachement et son int\u00e9r\u00eat pour la station. <\/p>\n<p><img loading=\"lazy\" decoding=\"async\" id=\"1542904\" alt=\"ra mat sach (11).jpg\" data-width=\"2560\" data-height=\"1707\" data-image-id=\"1542904\" class=\"lazyload  cms-photo\" src=\"https:\/\/www.europesays.com\/fr\/wp-content\/uploads\/2025\/09\/ra-mat-sach-11-9677-7184.jpg.webp.webp\" title=\"Pr\u00e9sentation du livre \u00e0 des g\u00e9n\u00e9rations de dirigeants du VOV\" width=\"1000\" height=\"666\"\/> Pr\u00e9sentation du livre \u00e0 des g\u00e9n\u00e9rations de dirigeants du VOV<\/p>\n<p style=\"text-align: justify;\"> Selon Pham Manh Hung, directeur g\u00e9n\u00e9ral adjoint de la VOV, \u00e0 chaque moment important du pays, la Voix du Vietnam est pr\u00e9sente et se refl\u00e8te. Il a affirm\u00e9 que ce livre est un hommage \u00e0 ceux qui ont \u00e9t\u00e9 attach\u00e9s \u00e0 la \u00ab Voix de la Nation \u00bb et contribue \u00e9galement \u00e0 honorer le r\u00f4le de la VOV dans la cause r\u00e9volutionnaire et les 100 ans d&rsquo;histoire de la presse r\u00e9volutionnaire vietnamienne.<\/p>\n<p style=\"text-align: justify;\"> Chaque page du livre regorge non seulement d&rsquo;\u00e9v\u00e9nements et d&rsquo;images, mais aussi de souvenirs et d&rsquo;\u00e9motions, permettant aux lecteurs de visualiser clairement les 80 ann\u00e9es de pers\u00e9v\u00e9rance qui ont accompagn\u00e9 la nation. Cette publication inspire \u00e9galement la jeune g\u00e9n\u00e9ration, qui poursuivra sa carri\u00e8re audiovisuelle et contribuera \u00e0 affirmer la position de VOV dans la nouvelle \u00e8re.<\/p>\n<p style=\"text-align: justify;\"> Le livre est publi\u00e9 en version papier et en ligne. <\/p>\n<p>MAI AN <\/p>\n<p class=\"mb-0\">Source : https:\/\/www.sggp.org.vn\/ra-mat-sach-dai-tieng-noi-viet-nam-80-nam-dong-hanh-cung-dat-nuoc-post811542.html<\/p>\n","protected":false},"excerpt":{"rendered":"La publication, publi\u00e9e par VOV en collaboration avec la Maison d&rsquo;\u00e9dition politique nationale Truth, h\u00e9rite du livre \u00ab&hellip;\n","protected":false},"author":2,"featured_media":365016,"comment_status":"","ping_status":"","sticky":false,"template":"","format":"standard","meta":{"footnotes":""},"categories":[1357],"tags":[1379,58,59,1011,27,32344,1380,49943],"class_list":{"0":"post-365015","1":"post","2":"type-post","3":"status-publish","4":"format-standard","5":"has-post-thumbnail","7":"category-livres","8":"tag-books","9":"tag-divertissement","10":"tag-entertainment","11":"tag-fr","12":"tag-france","13":"tag-lancement-du-livre","14":"tag-livres","15":"tag-vov"},"share_on_mastodon":{"url":"https:\/\/pubeurope.com\/@fr\/115144553690393798","error":""},"_links":{"self":[{"href":"https:\/\/www.europesays.com\/fr\/wp-json\/wp\/v2\/posts\/365015","targetHints":{"allow":["GET"]}}],"collection":[{"href":"https:\/\/www.europesays.com\/fr\/wp-json\/wp\/v2\/posts"}],"about":[{"href":"https:\/\/www.europesays.com\/fr\/wp-json\/wp\/v2\/types\/post"}],"author":[{"embeddable":true,"href":"https:\/\/www.europesays.com\/fr\/wp-json\/wp\/v2\/users\/2"}],"replies":[{"embeddable":true,"href":"https:\/\/www.europesays.com\/fr\/wp-json\/wp\/v2\/comments?post=365015"}],"version-history":[{"count":0,"href":"https:\/\/www.europesays.com\/fr\/wp-json\/wp\/v2\/posts\/365015\/revisions"}],"wp:featuredmedia":[{"embeddable":true,"href":"https:\/\/www.europesays.com\/fr\/wp-json\/wp\/v2\/media\/365016"}],"wp:attachment":[{"href":"https:\/\/www.europesays.com\/fr\/wp-json\/wp\/v2\/media?parent=365015"}],"wp:term":[{"taxonomy":"category","embeddable":true,"href":"https:\/\/www.europesays.com\/fr\/wp-json\/wp\/v2\/categories?post=365015"},{"taxonomy":"post_tag","embeddable":true,"href":"https:\/\/www.europesays.com\/fr\/wp-json\/wp\/v2\/tags?post=365015"}],"curies":[{"name":"wp","href":"https:\/\/api.w.org\/{rel}","templated":true}]}}