{"id":365017,"date":"2025-09-04T06:13:10","date_gmt":"2025-09-04T06:13:10","guid":{"rendered":"https:\/\/www.europesays.com\/fr\/365017\/"},"modified":"2025-09-04T06:13:10","modified_gmt":"2025-09-04T06:13:10","slug":"hanouna-ne-nous-a-pas-fait-venir-bataille-et-fontaine-relancent-ya-que-la-verite-qui-compte-sur-w-9","status":"publish","type":"post","link":"https:\/\/www.europesays.com\/fr\/365017\/","title":{"rendered":"\u00ab\u00a0Hanouna ne nous a pas fait venir\u00a0\u00bb\u00a0: Bataille et Fontaine relancent \u00ab\u00a0Y\u2019a que la v\u00e9rit\u00e9 qui compte\u00a0\u00bb sur W\u00a09"},"content":{"rendered":"<p class=\"paragraph text_align_left lp-f-body-02\">W 9 aura d\u00e9cid\u00e9ment des faux airs de C 8 cette saison. Apr\u00e8s avoir lanc\u00e9 lundi <a href=\"https:\/\/www.leparisien.fr\/culture-loisirs\/tv\/cyril-hanouna-sur-w-9-tout-beau-mais-rien-de-neuf-ce-quil-faut-retenir-de-sa-nouvelle-emission-02-09-2025-444IIEU4NJDBXF237CQLA3BMS4.php\" target=\"_blank\" rel=\"noreferrer nofollow noopener\">la nouvelle quotidienne<\/a> de <a href=\"https:\/\/www.leparisien.fr\/culture-loisirs\/cyril-hanouna\/\" target=\"_blank\" rel=\"noreferrer nofollow noopener\">Cyril Hanouna<\/a>, \u00ab Tout beau, tout n9uf \u00bb, la cha\u00eene du <a href=\"https:\/\/www.leparisien.fr\/culture-loisirs\/6play\/\" target=\"_self\" rel=\"nofollow noopener\">groupe M 6<\/a> s\u2019appr\u00eate, ce jeudi, \u00e0 accueillir sur son antenne Pascal Bataille et Laurent Fontaine. D\u00e8s 21h25, le c\u00e9l\u00e8bre duo d\u2019animateurs-producteurs d\u00e9gainera une troisi\u00e8me version de <a href=\"https:\/\/www.leparisien.fr\/culture-loisirs\/tv\/ya-que-la-verite-qui-compte-de-bataille-et-fontaine-debarque-sur-w-9-14-03-2025-VP3J3VAWAJCMPJSHECP7XXF254.php\" target=\"_blank\" rel=\"noreferrer nofollow noopener\">\u00ab Y\u2019a que la v\u00e9rit\u00e9 qui compte \u00bb<\/a>, le programme ayant fait leur succ\u00e8s sur <a href=\"https:\/\/www.leparisien.fr\/culture-loisirs\/tf1-plus\/\" target=\"_blank\" rel=\"noreferrer nofollow noopener\">TF 1<\/a> de 2002 \u00e0 2006, avant de conna\u00eetre une renaissance \u00e9clatante en 2023 sur <a href=\"https:\/\/www.leparisien.fr\/culture-loisirs\/tv\/fermeture-de-c8-suspense-et-clap-de-fin-pour-cyril-hanouna-26-02-2025-QE3BAFRVPFG3ZL2KF7CADYJ7DU.php\" target=\"_blank\" rel=\"noreferrer nofollow noopener\">la d\u00e9funte C 8<\/a>.<\/p>\n<p class=\"paragraph text_align_left lp-f-body-02\">Forts des 800 000 fid\u00e8les qui regardaient ses num\u00e9ros in\u00e9dits sur l\u2019ex-cha\u00eene du <a href=\"https:\/\/www.leparisien.fr\/culture-loisirs\/mycanal\/\" target=\"_self\" rel=\"nofollow noopener\">groupe Canal +<\/a>, les deux hommes n\u2019ont pas l\u2019intention de bouleverser leur recette. \u00ab On ne change pas une \u00e9quipe qui gagne. Ce sera la m\u00eame \u00e9mission avec tous ses fondamentaux \u00bb, r\u00e9sume Laurent Fontaine.<\/p>\n","protected":false},"excerpt":{"rendered":"W 9 aura d\u00e9cid\u00e9ment des faux airs de C 8 cette saison. Apr\u00e8s avoir lanc\u00e9 lundi la nouvelle&hellip;\n","protected":false},"author":2,"featured_media":365018,"comment_status":"","ping_status":"","sticky":false,"template":"","format":"standard","meta":{"footnotes":""},"categories":[1356],"tags":[872,58,59,1011,27,252,2205,1364],"class_list":{"0":"post-365017","1":"post","2":"type-post","3":"status-publish","4":"format-standard","5":"has-post-thumbnail","7":"category-television","8":"tag-culture-et-loisirs","9":"tag-divertissement","10":"tag-entertainment","11":"tag-fr","12":"tag-france","13":"tag-television","14":"tag-television-medias","15":"tag-tv"},"share_on_mastodon":{"url":"https:\/\/pubeurope.com\/@fr\/115144556991971921","error":""},"_links":{"self":[{"href":"https:\/\/www.europesays.com\/fr\/wp-json\/wp\/v2\/posts\/365017","targetHints":{"allow":["GET"]}}],"collection":[{"href":"https:\/\/www.europesays.com\/fr\/wp-json\/wp\/v2\/posts"}],"about":[{"href":"https:\/\/www.europesays.com\/fr\/wp-json\/wp\/v2\/types\/post"}],"author":[{"embeddable":true,"href":"https:\/\/www.europesays.com\/fr\/wp-json\/wp\/v2\/users\/2"}],"replies":[{"embeddable":true,"href":"https:\/\/www.europesays.com\/fr\/wp-json\/wp\/v2\/comments?post=365017"}],"version-history":[{"count":0,"href":"https:\/\/www.europesays.com\/fr\/wp-json\/wp\/v2\/posts\/365017\/revisions"}],"wp:featuredmedia":[{"embeddable":true,"href":"https:\/\/www.europesays.com\/fr\/wp-json\/wp\/v2\/media\/365018"}],"wp:attachment":[{"href":"https:\/\/www.europesays.com\/fr\/wp-json\/wp\/v2\/media?parent=365017"}],"wp:term":[{"taxonomy":"category","embeddable":true,"href":"https:\/\/www.europesays.com\/fr\/wp-json\/wp\/v2\/categories?post=365017"},{"taxonomy":"post_tag","embeddable":true,"href":"https:\/\/www.europesays.com\/fr\/wp-json\/wp\/v2\/tags?post=365017"}],"curies":[{"name":"wp","href":"https:\/\/api.w.org\/{rel}","templated":true}]}}