{"id":365025,"date":"2025-09-04T06:17:11","date_gmt":"2025-09-04T06:17:11","guid":{"rendered":"https:\/\/www.europesays.com\/fr\/365025\/"},"modified":"2025-09-04T06:17:11","modified_gmt":"2025-09-04T06:17:11","slug":"asse-mercato-un-dernier-coup-de-folie-apres-la-fermeture-du-marche","status":"publish","type":"post","link":"https:\/\/www.europesays.com\/fr\/365025\/","title":{"rendered":"ASSE Mercato: un dernier coup de folie apr\u00e8s la fermeture du march\u00e9 ?"},"content":{"rendered":"<p><strong>Alors que le march\u00e9 des transferts s\u2019est officiellement referm\u00e9, les supporters de l\u2019<a href=\"https:\/\/www.youtube.com\/watch?v=Mml06wdGvvA\" rel=\"noopener\" target=\"_blank\">AS Saint-\u00c9tienne <\/a>pourraient bien avoir droit \u00e0 une derni\u00e8re surprise.\u00a0<\/strong><\/p>\n<p>\ud83d\udfe7<strong> Piste cr\u00e9dible<\/strong><\/p>\n<p>Le scoop a \u00e9t\u00e9 l\u00e2ch\u00e9 par Mohamed Toubache-Ter, bien connu sur les r\u00e9seaux sociaux pour ses r\u00e9v\u00e9lations mercato. Interpell\u00e9 par un fan st\u00e9phanois sur X, l\u2019insider a gliss\u00e9 une r\u00e9ponse \u00e9nigmatique : \u00ab Peut-\u00eatre une arriv\u00e9e oui \u00bb. De quoi relancer les rumeurs autour d\u2019un ultime renfort pour les Verts, malgr\u00e9 la fin officielle du mercato estival.<\/p>\n<p>Aux derni\u00e8res nouvelles, la cellule de recrutement de l\u2019<a href=\"https:\/\/www.butfootballclub.fr\/616846-asse-mercato-le-faux-depart-de-stassin-fait-deja-des-etincelles\/\" rel=\"noopener\" target=\"_blank\">ASSE<\/a> discutait avec Dunkerque au sujet d\u2019Enzo Bardeli. Le jeune milieu axial de 24 ans, form\u00e9 \u00e0 l\u2019USLD et auteur d\u2019un d\u00e9but de saison int\u00e9ressant en Ligue 2, serait dans le viseur des dirigeants st\u00e9phanois. Son profil s\u00e9duit : technique, capable d\u2019apporter de la cr\u00e9ativit\u00e9 entre les lignes, Bardeli pourrait renforcer un secteur offensif parfois en manque d\u2019imagination.<\/p>\n<p>L\u2019op\u00e9ration reste toutefois complexe mais rendue possible gr\u00e2ce au fameux \u00ab joker \u00bb autoris\u00e9 par la LFP. Cette r\u00e8gle permet d\u2019enr\u00f4ler un joueur suppl\u00e9mentaire en dehors des p\u00e9riodes officielles, \u00e0 condition qu\u2019il \u00e9volue d\u00e9j\u00e0 dans un club fran\u00e7ais. Un cadre qui colle parfaitement au dossier Bardeli.<\/p>\n<p>Reste \u00e0 savoir si les n\u00e9gociations avec Dunkerque iront au bout. Les dirigeants nordistes ne semblent pas oppos\u00e9s \u00e0 discuter, mais ils ne l\u00e2cheront pas leur jeune p\u00e9pite sans contrepartie int\u00e9ressante. La question est donc pos\u00e9e : l\u2019<a href=\"https:\/\/www.butfootballclub.fr\/617039-asse-kilmer-sports-va-faire-entrer-les-supporters-dans-le-capital-du-club\/\" rel=\"noopener\" target=\"_blank\">ASSE<\/a> r\u00e9ussira-t-elle \u00e0 s\u2019offrir un dernier cadeau post-mercato avec Enzo Bardeli, ou bien cette piste ne restera qu\u2019une rumeur ? R\u00e9ponse dans les prochains jours.<\/p>\n","protected":false},"excerpt":{"rendered":"Alors que le march\u00e9 des transferts s\u2019est officiellement referm\u00e9, les supporters de l\u2019AS Saint-\u00c9tienne pourraient bien avoir droit&hellip;\n","protected":false},"author":2,"featured_media":354723,"comment_status":"","ping_status":"","sticky":false,"template":"","format":"standard","meta":{"footnotes":""},"categories":[9],"tags":[11,448,63,1011,27,66,3388,12,60,10662],"class_list":{"0":"post-365025","1":"post","2":"type-post","3":"status-publish","4":"format-standard","5":"has-post-thumbnail","7":"category-sports","8":"tag-actualites","9":"tag-champions-league","10":"tag-football","11":"tag-fr","12":"tag-france","13":"tag-ligue-1","14":"tag-matchs","15":"tag-news","16":"tag-sports","17":"tag-transferts"},"share_on_mastodon":{"url":"https:\/\/pubeurope.com\/@fr\/115144572522080056","error":""},"_links":{"self":[{"href":"https:\/\/www.europesays.com\/fr\/wp-json\/wp\/v2\/posts\/365025","targetHints":{"allow":["GET"]}}],"collection":[{"href":"https:\/\/www.europesays.com\/fr\/wp-json\/wp\/v2\/posts"}],"about":[{"href":"https:\/\/www.europesays.com\/fr\/wp-json\/wp\/v2\/types\/post"}],"author":[{"embeddable":true,"href":"https:\/\/www.europesays.com\/fr\/wp-json\/wp\/v2\/users\/2"}],"replies":[{"embeddable":true,"href":"https:\/\/www.europesays.com\/fr\/wp-json\/wp\/v2\/comments?post=365025"}],"version-history":[{"count":0,"href":"https:\/\/www.europesays.com\/fr\/wp-json\/wp\/v2\/posts\/365025\/revisions"}],"wp:featuredmedia":[{"embeddable":true,"href":"https:\/\/www.europesays.com\/fr\/wp-json\/wp\/v2\/media\/354723"}],"wp:attachment":[{"href":"https:\/\/www.europesays.com\/fr\/wp-json\/wp\/v2\/media?parent=365025"}],"wp:term":[{"taxonomy":"category","embeddable":true,"href":"https:\/\/www.europesays.com\/fr\/wp-json\/wp\/v2\/categories?post=365025"},{"taxonomy":"post_tag","embeddable":true,"href":"https:\/\/www.europesays.com\/fr\/wp-json\/wp\/v2\/tags?post=365025"}],"curies":[{"name":"wp","href":"https:\/\/api.w.org\/{rel}","templated":true}]}}