{"id":365026,"date":"2025-09-04T06:18:10","date_gmt":"2025-09-04T06:18:10","guid":{"rendered":"https:\/\/www.europesays.com\/fr\/365026\/"},"modified":"2025-09-04T06:18:10","modified_gmt":"2025-09-04T06:18:10","slug":"concert-de-post-malone-a-paris-la-defense-arena-un-trop-petit-show-dans-une-trop-grande-salle-le-parisien","status":"publish","type":"post","link":"https:\/\/www.europesays.com\/fr\/365026\/","title":{"rendered":"Concert de Post Malone \u00e0 Paris La D\u00e9fense Arena : un trop petit show dans une trop grande salle &#8211; Le Parisien"},"content":{"rendered":"<ol>\n<li><a href=\"https:\/\/news.google.com\/rss\/articles\/CBMikwJBVV95cUxON1JhTXVPa2hBVjV0QkxPNFRLVXFKMFljNnRlR21KZzEzZllrbXFFQ2hqVzJhRGlMTkhqTmxKcnVWRWRxREsyQ3JoN0p1a2VBNXdRMGhmZ3JyYllEeFF5UHB4SXlIWWtPRmRxOUdXNU5LeEs1Umd3NUNqcHJta29UTVJaWUdqelZuenNSdUx2UUVrQUlKR3h4RDhtcm9MZlZfUE9EaElRdWJ2WmlYZnNQZWl2cE9WZWdaa3lmUWRuZGNadVZwM0hRQzNjZ1pEbGVldS1EdXpuVkFTR3phODhRSHlmeU5KMXdfSFFOamdRR1NwelpleGVONlRIamtHOGFHSS1xSWFiQnM3TXQ2dTNiX0Y0MA?oc=5\" target=\"_blank\" rel=\"nofollow noopener\">Concert de Post Malone \u00e0 Paris La D\u00e9fense Arena : un trop petit show dans une trop grande salle<\/a>&nbsp;&nbsp;Le Parisien<\/li>\n<li><a href=\"https:\/\/news.google.com\/rss\/articles\/CBMi2gFBVV95cUxNUnVUSksyT3o2NnhIdDM0Z0hSOWltQnhkajgwM202RnlxZHBxWnB1M09GY1FjWWFPQldOS2dIWGtyOVZXZER3SnpIYjgyTEJCS1JKUXo1WE5hbVBaVk5hdGRGWVJSWnpCc0FJbHM0Nmpfb2drb3BjNC1sSVZXY0dtUUI1MTlwY01jV3JXeEh2RmJ6OU1uaGhlRTc2b3BqRmkwUlVEMWJFdF83UDJJcXlJdVJpWjZra0dlZlBpTDBCbWl1Z3ZRYWxxZ0JQd3htTnNmSThxaHB5eHFOdw?oc=5\" target=\"_blank\" rel=\"nofollow noopener\">\u00c0 cheval dans la maison de Karl Lagerfeld, la folle cl\u00f4ture du premier d\u00e9fil\u00e9 de Post Malone \u00e0 Paris<\/a>&nbsp;&nbsp;Madame Figaro<\/li>\n<li><a href=\"https:\/\/news.google.com\/rss\/articles\/CBMijAFBVV95cUxPa3NpYzJhWlhpTm5BNkg0V3VRZW5lTzI5Nnh3ZjMwU1h4Qm1KRk5od2NjNWE0QTRPd2xWcXViZThvMDZfcXZlNURMcjluQ0FfMDdJNGY4NUVidW9IMjVTODVuRUlnSmpGal8yTWlXZkxJRm1pZGhYbkdKUGNMVXRIQTBWZ3F1WTNJMHFneQ?oc=5\" target=\"_blank\" rel=\"nofollow noopener\">Que vaut le premier d\u00e9fil\u00e9 du musicien Post Malone ?<\/a>&nbsp;&nbsp;Vanity Fair<\/li>\n<li><a href=\"https:\/\/news.google.com\/rss\/articles\/CBMitAFBVV95cUxPdlZ0X1NvZHZESjZibHZVTGVEUXlIbWxKV1owTVpOazVpRV9pcTFpUFNpYzdud1JZbG1Fak9xYXpYZGZxXzRaWDhTQm0xNzRuYi1tcDUzczZ0cHhxNVM2cU1ON1lFdVE2NEZmSC0tWW9XN1RqZnNSbk9WZThDckxRX09GcFM0eklMWUd0LXRNZEFvZmEtSjJJYThRZ2NuX0twMktQbGoyV3JxaGJWOC1DSGhlS1U?oc=5\" target=\"_blank\" rel=\"nofollow noopener\">Post Malone lance sa ligne Austin Post dans le manoir de Lagerfeld<\/a>&nbsp;&nbsp;FashionNetwork.com<\/li>\n<li><a href=\"https:\/\/news.google.com\/rss\/articles\/CBMi5wFBVV95cUxOYTJTc2VzakJ3OWgyWV9Uek9xRjAtLVZ1WUdVN0Vzbm5jRWlCd2prMVA2VkNSa0FOeFFxbjBhdW1CS05XdzQ0b000d0pRcHVwWmVLS3pmU1ZncEtqa2Zfb0NPcTVZYWxoRDc4Y0ctbFJRb2Z4RThUZjYxSWR6QlBHdXVFRkduWFVKVXJsOHE2YkRhbmt6VDJWMk9jeFZZc3lCcndBNm5fcExSMEwtR29BQ2tqMTJhdnVTMDA3ZWNKR0phRjhqTTVsbFFlRUpKWFhlN3V1UUZwdzFIOHR5NUF4WjFPc1dnWUk?oc=5\" target=\"_blank\" rel=\"nofollow noopener\">Il n\u2019y avait que Post Malone pour conclure son premier d\u00e9fil\u00e9 parisien de cette mani\u00e8re<\/a>&nbsp;&nbsp;Le HuffPost<\/li>\n<\/ol>\n","protected":false},"excerpt":{"rendered":"Concert de Post Malone \u00e0 Paris La D\u00e9fense Arena : un trop petit show dans une trop grande&hellip;\n","protected":false},"author":2,"featured_media":365027,"comment_status":"","ping_status":"","sticky":false,"template":"","format":"standard","meta":{"footnotes":""},"categories":[8],"tags":[872,58,59,1011,27,873],"class_list":{"0":"post-365026","1":"post","2":"type-post","3":"status-publish","4":"format-standard","5":"has-post-thumbnail","7":"category-divertissement","8":"tag-culture-et-loisirs","9":"tag-divertissement","10":"tag-entertainment","11":"tag-fr","12":"tag-france","13":"tag-musique"},"share_on_mastodon":{"url":"https:\/\/pubeurope.com\/@fr\/115144576400454261","error":""},"_links":{"self":[{"href":"https:\/\/www.europesays.com\/fr\/wp-json\/wp\/v2\/posts\/365026","targetHints":{"allow":["GET"]}}],"collection":[{"href":"https:\/\/www.europesays.com\/fr\/wp-json\/wp\/v2\/posts"}],"about":[{"href":"https:\/\/www.europesays.com\/fr\/wp-json\/wp\/v2\/types\/post"}],"author":[{"embeddable":true,"href":"https:\/\/www.europesays.com\/fr\/wp-json\/wp\/v2\/users\/2"}],"replies":[{"embeddable":true,"href":"https:\/\/www.europesays.com\/fr\/wp-json\/wp\/v2\/comments?post=365026"}],"version-history":[{"count":0,"href":"https:\/\/www.europesays.com\/fr\/wp-json\/wp\/v2\/posts\/365026\/revisions"}],"wp:featuredmedia":[{"embeddable":true,"href":"https:\/\/www.europesays.com\/fr\/wp-json\/wp\/v2\/media\/365027"}],"wp:attachment":[{"href":"https:\/\/www.europesays.com\/fr\/wp-json\/wp\/v2\/media?parent=365026"}],"wp:term":[{"taxonomy":"category","embeddable":true,"href":"https:\/\/www.europesays.com\/fr\/wp-json\/wp\/v2\/categories?post=365026"},{"taxonomy":"post_tag","embeddable":true,"href":"https:\/\/www.europesays.com\/fr\/wp-json\/wp\/v2\/tags?post=365026"}],"curies":[{"name":"wp","href":"https:\/\/api.w.org\/{rel}","templated":true}]}}