{"id":365028,"date":"2025-09-04T06:19:11","date_gmt":"2025-09-04T06:19:11","guid":{"rendered":"https:\/\/www.europesays.com\/fr\/365028\/"},"modified":"2025-09-04T06:19:11","modified_gmt":"2025-09-04T06:19:11","slug":"eclipse-totale-et-nouvelle-lune-de-sang-dimanche-actualites","status":"publish","type":"post","link":"https:\/\/www.europesays.com\/fr\/365028\/","title":{"rendered":"Eclipse totale et nouvelle Lune de sang dimanche : Actualit\u00e9s"},"content":{"rendered":"<p class=\"lead \">Les passionn\u00e9s d&rsquo;astronomie auront une chance d&rsquo;apercevoir dimanche une Lune de sang, \u00e0 l&rsquo;occasion d&rsquo;une \u00e9clipse lunaire totale, observable surtout en Asie mais aussi \u00e0 la marge en Europe et en Afrique.<\/p>\n<p class=\"lead \">Ce ph\u00e9nom\u00e8ne qui teinte de rouge le satellite de la Terre, se produit quand le Soleil, la Terre et la Lune sont parfaitement align\u00e9s dans cet ordre, et que la Lune est dans sa phase pleine.<\/p>\n<p class=\"lead \">C&rsquo;est en particulier en Chine et Inde que les spectateurs seront les mieux plac\u00e9s pour y assister, tout comme les habitants de l&rsquo;Afrique de l&rsquo;Est ou de l&rsquo;Ouest australien.<\/p>\n<p class=\"lead \">En Europe, le spectacle sera bri\u00e8vement visible au moment o\u00f9 la Lune se l\u00e8ve, en tout d\u00e9but de soir\u00e9e.<\/p>\n<p class=\"lead \">En France m\u00e9tropolitaine, elle sera en partie visible \u00e0 son maximum \u00e0 20h11, selon l&rsquo;Institut de m\u00e9canique c\u00e9leste et de calcul des \u00e9ph\u00e9m\u00e9rides.<\/p>\n<p class=\"lead \">La Lune devient rouge car l&rsquo;astre glisse dans l&rsquo;ombre de la Terre, qui fait alors \u00e9cran aux rayons solaires, et elle perd peu \u00e0 peu son \u00e9clat blanc.<\/p>\n<p class=\"lead \">Les seuls rayons du soleil qui l&rsquo;atteignent sont \u00ab\u00a0r\u00e9fl\u00e9chis et dispers\u00e9s \u00e0 travers l&rsquo;atmosph\u00e8re terrestre\u00a0\u00bb, explique Ryan Milligan, astrophysicien \u00e0 l&rsquo;Universit\u00e9 de Belfast.<\/p>\n<p class=\"lead \">Or les longueurs d&rsquo;onde bleues de la lumi\u00e8re sont plus courtes que celles du rouge, et elles sont donc plus ais\u00e9ment dispers\u00e9es lorsqu&rsquo;elle traversent l&rsquo;atmosph\u00e8re terrestre.<\/p>\n<p class=\"lead \">\u00ab\u00a0C&rsquo;est ce qui donne \u00e0 la Lune sa teinte rouge, cette couleur de sang\u00a0\u00bb, pr\u00e9cise-t-il.<\/p>\n<p class=\"lead \">Alors que des lunettes sp\u00e9ciales sont n\u00e9cessaires pour observer les \u00e9clipses solaires, il suffit d&rsquo;une m\u00e9t\u00e9o favorable avec un ciel clair et d&rsquo;\u00eatre au bon endroit pour assister aux \u00e9clipses lunaires.<\/p>\n<p class=\"lead \">Cette \u00e9clipse lunaire totale, la deuxi\u00e8me de l&rsquo;ann\u00e9e apr\u00e8s celle observ\u00e9e en mars, est le pr\u00e9lude \u00e0 la grande \u00e9clipse solaire attendue l&rsquo;ann\u00e9e prochaine le 12 ao\u00fbt 2026. <\/p>\n<p class=\"lead \">Cette \u00e9clipse totale du Soleil, la premi\u00e8re en Europe depuis 2006, sera enti\u00e8rement visible en Espagne et en Islande, et partiellement dans d&rsquo;autres pays.<\/p>\n<p class=\"small font-weight-bold text-gray3 \"> publi\u00e9 le 4 septembre \u00e0 05h02, AFP<\/p>\n<p>                             Partager<\/p>\n","protected":false},"excerpt":{"rendered":"Les passionn\u00e9s d&rsquo;astronomie auront une chance d&rsquo;apercevoir dimanche une Lune de sang, \u00e0 l&rsquo;occasion d&rsquo;une \u00e9clipse lunaire totale,&hellip;\n","protected":false},"author":2,"featured_media":365029,"comment_status":"","ping_status":"","sticky":false,"template":"","format":"standard","meta":{"footnotes":""},"categories":[7],"tags":[49944,48,1011,27,4506,43,40,41,39,42,44],"class_list":{"0":"post-365028","1":"post","2":"type-post","3":"status-publish","4":"format-standard","5":"has-post-thumbnail","7":"category-sciences-et-technologies","8":"tag-clipse","9":"tag-astronomie","10":"tag-fr","11":"tag-france","12":"tag-lune","13":"tag-science","14":"tag-science-and-technology","15":"tag-sciences","16":"tag-sciences-et-technologies","17":"tag-technologies","18":"tag-technology"},"share_on_mastodon":{"url":"https:\/\/pubeurope.com\/@fr\/115144580418462854","error":""},"_links":{"self":[{"href":"https:\/\/www.europesays.com\/fr\/wp-json\/wp\/v2\/posts\/365028","targetHints":{"allow":["GET"]}}],"collection":[{"href":"https:\/\/www.europesays.com\/fr\/wp-json\/wp\/v2\/posts"}],"about":[{"href":"https:\/\/www.europesays.com\/fr\/wp-json\/wp\/v2\/types\/post"}],"author":[{"embeddable":true,"href":"https:\/\/www.europesays.com\/fr\/wp-json\/wp\/v2\/users\/2"}],"replies":[{"embeddable":true,"href":"https:\/\/www.europesays.com\/fr\/wp-json\/wp\/v2\/comments?post=365028"}],"version-history":[{"count":0,"href":"https:\/\/www.europesays.com\/fr\/wp-json\/wp\/v2\/posts\/365028\/revisions"}],"wp:featuredmedia":[{"embeddable":true,"href":"https:\/\/www.europesays.com\/fr\/wp-json\/wp\/v2\/media\/365029"}],"wp:attachment":[{"href":"https:\/\/www.europesays.com\/fr\/wp-json\/wp\/v2\/media?parent=365028"}],"wp:term":[{"taxonomy":"category","embeddable":true,"href":"https:\/\/www.europesays.com\/fr\/wp-json\/wp\/v2\/categories?post=365028"},{"taxonomy":"post_tag","embeddable":true,"href":"https:\/\/www.europesays.com\/fr\/wp-json\/wp\/v2\/tags?post=365028"}],"curies":[{"name":"wp","href":"https:\/\/api.w.org\/{rel}","templated":true}]}}