{"id":365030,"date":"2025-09-04T06:20:11","date_gmt":"2025-09-04T06:20:11","guid":{"rendered":"https:\/\/www.europesays.com\/fr\/365030\/"},"modified":"2025-09-04T06:20:11","modified_gmt":"2025-09-04T06:20:11","slug":"emmanuel-macron-a-t-il-vraiment-cree-1-000-milliards-deuros-de-dette-supplementaire","status":"publish","type":"post","link":"https:\/\/www.europesays.com\/fr\/365030\/","title":{"rendered":"Emmanuel Macron a-t-il vraiment cr\u00e9\u00e9 1\u00a0000\u00a0milliards d\u2019euros de dette suppl\u00e9mentaire\u00a0?"},"content":{"rendered":"\n<p class=\"article__paragraph  \">L\u2019argument est r\u00e9guli\u00e8rement avanc\u00e9 par les oppositions en r\u00e9ponse aux <a href=\"https:\/\/www.lemonde.fr\/politique\/article\/2025\/08\/26\/la-france-surendettee-un-faux-debat-pour-la-question-de-la-confiance_6635081_823448.html\" rel=\"nofollow noopener\" target=\"_blank\">alertes du premier ministre, Fran\u00e7ois Bayrou, et du camp macroniste<\/a> sur la situation budg\u00e9taire\u00a0de la France\u00a0: le pr\u00e9sident, Emmanuel Macron, aurait, \u00e0 lui seul, creus\u00e9 la dette nationale de plus de 1\u00a0000\u00a0milliards d\u2019euros depuis son arriv\u00e9e au pouvoir, au printemps 2017, notamment \u00e0 cause de ses \u00ab\u00a0cadeaux fiscaux\u00a0\u00bb aux plus ais\u00e9s. Alors, vrai ou faux\u00a0?<\/p>\n<p>           1\u00a0000\u00a0milliards\u2026 ou 400\u00a0milliards\u00a0?           <\/p>\n<p class=\"article__paragraph  \">En juin\u00a02017, alors qu\u2019Emmanuel Macron vient d\u2019arriver \u00e0 l\u2019Elys\u00e9e, la dette s\u2019\u00e9levait \u00e0 2\u00a0281\u00a0milliards d\u2019euros. En mars\u00a02025, elle s\u2019\u00e9tablit \u00e0 3\u00a0345\u00a0milliards. Cela repr\u00e9sente une hausse de 47\u00a0%, ou 1\u00a0064\u00a0milliards. On retrouve l\u00e0 les 1\u00a0000\u00a0milliards \u00e9voqu\u00e9s.<\/p>\n<p class=\"article__paragraph  \">Cependant, dans le m\u00eame temps, la richesse nationale, mesur\u00e9e par le produit int\u00e9rieur brut (PIB), a augment\u00e9 de 30\u00a0%.<\/p>\n<p class=\"article__paragraph  \">\u00ab\u00a0Or, un pays avec un PIB plus important peut se permettre d\u2019avoir une plus grosse dette, car plus il y a de richesse, plus il y a de possibilit\u00e9s de la taxer pour rembourser la dette\u00a0\u00bb, observe l\u2019\u00e9conomiste Xavier Ragot, pr\u00e9sident de l\u2019Observatoire fran\u00e7ais des conjonctures \u00e9conomiques (OFCE). Pour cette raison, la plupart des sp\u00e9cialistes ne trouvent pas vraiment pertinent d\u2019observer l\u2019\u00e9volution brute du niveau de la dette en milliards. Ils pr\u00e9f\u00e8rent la rapporter au PIB, c\u2019est-\u00e0-dire \u00e0 la richesse produite pendant l\u2019ann\u00e9e. Cela permet d\u2019\u00e9valuer plus efficacement la capacit\u00e9 d\u2019un pays \u00e0 rembourser sa dette.<\/p>\n<p class=\"reading-mode-only \"><strong>Il vous reste 78.44% de cet article \u00e0 lire. La suite est r\u00e9serv\u00e9e aux abonn\u00e9s.<\/strong><\/p>\n","protected":false},"excerpt":{"rendered":"L\u2019argument est r\u00e9guli\u00e8rement avanc\u00e9 par les oppositions en r\u00e9ponse aux alertes du premier ministre, Fran\u00e7ois Bayrou, et du&hellip;\n","protected":false},"author":2,"featured_media":365031,"comment_status":"","ping_status":"","sticky":false,"template":"","format":"standard","meta":{"footnotes":""},"categories":[6],"tags":[35,33,34,1011,27],"class_list":{"0":"post-365030","1":"post","2":"type-post","3":"status-publish","4":"format-standard","5":"has-post-thumbnail","7":"category-economie","8":"tag-business","9":"tag-economie","10":"tag-economy","11":"tag-fr","12":"tag-france"},"share_on_mastodon":{"url":"https:\/\/pubeurope.com\/@fr\/115144584294463515","error":""},"_links":{"self":[{"href":"https:\/\/www.europesays.com\/fr\/wp-json\/wp\/v2\/posts\/365030","targetHints":{"allow":["GET"]}}],"collection":[{"href":"https:\/\/www.europesays.com\/fr\/wp-json\/wp\/v2\/posts"}],"about":[{"href":"https:\/\/www.europesays.com\/fr\/wp-json\/wp\/v2\/types\/post"}],"author":[{"embeddable":true,"href":"https:\/\/www.europesays.com\/fr\/wp-json\/wp\/v2\/users\/2"}],"replies":[{"embeddable":true,"href":"https:\/\/www.europesays.com\/fr\/wp-json\/wp\/v2\/comments?post=365030"}],"version-history":[{"count":0,"href":"https:\/\/www.europesays.com\/fr\/wp-json\/wp\/v2\/posts\/365030\/revisions"}],"wp:featuredmedia":[{"embeddable":true,"href":"https:\/\/www.europesays.com\/fr\/wp-json\/wp\/v2\/media\/365031"}],"wp:attachment":[{"href":"https:\/\/www.europesays.com\/fr\/wp-json\/wp\/v2\/media?parent=365030"}],"wp:term":[{"taxonomy":"category","embeddable":true,"href":"https:\/\/www.europesays.com\/fr\/wp-json\/wp\/v2\/categories?post=365030"},{"taxonomy":"post_tag","embeddable":true,"href":"https:\/\/www.europesays.com\/fr\/wp-json\/wp\/v2\/tags?post=365030"}],"curies":[{"name":"wp","href":"https:\/\/api.w.org\/{rel}","templated":true}]}}