{"id":365032,"date":"2025-09-04T06:21:10","date_gmt":"2025-09-04T06:21:10","guid":{"rendered":"https:\/\/www.europesays.com\/fr\/365032\/"},"modified":"2025-09-04T06:21:10","modified_gmt":"2025-09-04T06:21:10","slug":"la-russie-refuse-de-discuter-dune-intervention-etrangere-sous-aucune-forme","status":"publish","type":"post","link":"https:\/\/www.europesays.com\/fr\/365032\/","title":{"rendered":"La Russie refuse de discuter d\u2019une \u00ab\u00a0intervention \u00e9trang\u00e8re\u00a0\u00bb sous aucune forme\u2026"},"content":{"rendered":"<p>Les Europ\u00e9ens vont tester les engagements de Trump<\/p>\n<p>Emmanuel Macron copr\u00e9side \u00e0 10h30 \u00e0 l\u2019Elys\u00e9e une r\u00e9union de la \u00ab\u00a0Coalition des volontaires\u00a0\u00bb, qui rassemble les principaux soutiens militaires de Kiev \u2013 une trentaine de pays, essentiellement europ\u00e9ens \u2013 en pr\u00e9sence de son homologue ukrainien Volodymyr Zelensky.<\/p>\n<p>Les dirigeants s\u2019entretiendront ensuite par t\u00e9l\u00e9phone \u00e0 14 heures avec Donald Trump. Avec deux sujets \u00e0 l\u2019ordre du jour\u00a0: un appel \u00e0 plus de sanctions am\u00e9ricaines contre la Russie et les contributions de chacun aux garanties de s\u00e9curit\u00e9 futures \u00e0 apporter \u00e0 l\u2019Ukraine.<\/p>\n<p>Moscou refuse de discuter d\u2019une \u00ab\u00a0intervention \u00e9trang\u00e8re\u00a0\u00bb sous aucune forme<\/p>\n<p>La Russie pr\u00e9vient ce jeudi qu\u2019elle refuse de discuter d\u2019une quelconque \u00ab\u00a0intervention \u00e9trang\u00e8re\u00a0\u00bb en Ukraine, \u00ab\u00a0qu\u2019elle qu\u2019en soit la forme\u00a0\u00bb, alors que certains Europ\u00e9ens se sont dits pr\u00eats \u00e0 d\u00e9ployer des troupes dans le cadre d\u2019un r\u00e8glement du conflit.<\/p>\n<p>Une \u00ab\u00a0intervention \u00e9trang\u00e8re en Ukraine serait fondamentalement inacceptable et saperait toute forme de s\u00e9curit\u00e9\u00a0\u00bb, a d\u00e9clar\u00e9 la porte-parole de la diplomatie russe Maria Zakharova.<\/p>\n<p>Trump menace Poutine<\/p>\n<p>Donald Trump a affirm\u00e9 mercredi qu\u2019il \u00ab\u00a0se passerait quelque chose\u00a0\u00bb si Vladimir Poutine ne r\u00e9pondait pas \u00e0 ses attentes sur l\u2019Ukraine. \u00ab\u00a0Il sait quelle est ma position. [\u2026] Selon la d\u00e9cision qu\u2019il prendra, je serai soit content soit m\u00e9content et si nous ne sommes pas contents, il se passera quelque chose\u00a0\u00bb, a d\u00e9clar\u00e9 le pr\u00e9sident am\u00e9ricain, dont les efforts de m\u00e9diation entre l\u2019Ukraine et la Russie sont jusqu\u2019ici sans effet.<\/p>\n<p>Bienvenue dans ce nouveau Live<\/p>\n<p>Bonjour \u00e0 toutes et \u00e0 tous. Comme chaque jour, la r\u00e9daction de 20 Minutes est mobilis\u00e9e pour vous donner l\u2019ensemble des informations sur le conflit entre Kiev et Moscou.<\/p>\n<p>Ce jeudi, les soutiens europ\u00e9ens de l\u2019Ukraine se r\u00e9unissent \u00e0 l\u2019Elys\u00e9e pour tester l\u2019engagement des Etats-Unis pour la s\u00e9curit\u00e9 future de l\u2019Ukraine, alors que les efforts de paix de Donald Trump patinent et que Vladimir Poutine, fort de ses soutiens internationaux dont la Chine, para\u00eet plus inflexible que jamais<\/p>\n","protected":false},"excerpt":{"rendered":"Les Europ\u00e9ens vont tester les engagements de Trump Emmanuel Macron copr\u00e9side \u00e0 10h30 \u00e0 l\u2019Elys\u00e9e une r\u00e9union de&hellip;\n","protected":false},"author":2,"featured_media":365033,"comment_status":"","ping_status":"","sticky":false,"template":"","format":"standard","meta":{"footnotes":""},"categories":[5],"tags":[47,11,75,73,1011,27,131,14,74,12,132,555,133,135,134,28],"class_list":{"0":"post-365032","1":"post","2":"type-post","3":"status-publish","4":"format-standard","5":"has-post-thumbnail","7":"category-international","8":"tag-actualite","9":"tag-actualites","10":"tag-donald-trump","11":"tag-etats-unis","12":"tag-fr","13":"tag-france","14":"tag-guerre-en-ukraine","15":"tag-international","16":"tag-monde","17":"tag-news","18":"tag-russie","19":"tag-union-europeenne-ue","20":"tag-video","21":"tag-vladimir-poutine","22":"tag-volodymyr-zelensky","23":"tag-world"},"share_on_mastodon":{"url":"https:\/\/pubeurope.com\/@fr\/115144588365893811","error":""},"_links":{"self":[{"href":"https:\/\/www.europesays.com\/fr\/wp-json\/wp\/v2\/posts\/365032","targetHints":{"allow":["GET"]}}],"collection":[{"href":"https:\/\/www.europesays.com\/fr\/wp-json\/wp\/v2\/posts"}],"about":[{"href":"https:\/\/www.europesays.com\/fr\/wp-json\/wp\/v2\/types\/post"}],"author":[{"embeddable":true,"href":"https:\/\/www.europesays.com\/fr\/wp-json\/wp\/v2\/users\/2"}],"replies":[{"embeddable":true,"href":"https:\/\/www.europesays.com\/fr\/wp-json\/wp\/v2\/comments?post=365032"}],"version-history":[{"count":0,"href":"https:\/\/www.europesays.com\/fr\/wp-json\/wp\/v2\/posts\/365032\/revisions"}],"wp:featuredmedia":[{"embeddable":true,"href":"https:\/\/www.europesays.com\/fr\/wp-json\/wp\/v2\/media\/365033"}],"wp:attachment":[{"href":"https:\/\/www.europesays.com\/fr\/wp-json\/wp\/v2\/media?parent=365032"}],"wp:term":[{"taxonomy":"category","embeddable":true,"href":"https:\/\/www.europesays.com\/fr\/wp-json\/wp\/v2\/categories?post=365032"},{"taxonomy":"post_tag","embeddable":true,"href":"https:\/\/www.europesays.com\/fr\/wp-json\/wp\/v2\/tags?post=365032"}],"curies":[{"name":"wp","href":"https:\/\/api.w.org\/{rel}","templated":true}]}}