{"id":365034,"date":"2025-09-04T06:22:10","date_gmt":"2025-09-04T06:22:10","guid":{"rendered":"https:\/\/www.europesays.com\/fr\/365034\/"},"modified":"2025-09-04T06:22:10","modified_gmt":"2025-09-04T06:22:10","slug":"malgre-lepee-de-damocles-au-dessus-de-matignon-bayrou-inflexible-avec-les-oppositions","status":"publish","type":"post","link":"https:\/\/www.europesays.com\/fr\/365034\/","title":{"rendered":"Malgr\u00e9 l\u2019\u00e9p\u00e9e de Damocl\u00e8s au-dessus de Matignon, Bayrou inflexible avec les oppositions"},"content":{"rendered":"<p>Alors que le vote crucial du 8\u00a0septembre sur son avenir \u00e0 Matignon se rapproche, <a href=\"https:\/\/www.20minutes.fr\/politique\/francois_bayrou\/\" target=\"_blank\" class=\"c-link c-link--is-underlined\" rel=\"noopener\">Fran\u00e7ois Bayrou<\/a> n\u2019a pas encore fait le geste qui pourrait inverser la tendance. Surtout, le Premier ministre n\u2019a pas sembl\u00e9 vouloir bouger sa ligne en recevant depuis lundi les diff\u00e9rents partis politiques.<\/p>\n<p>R\u00e9sultat, l\u2019appel d\u2019<a href=\"https:\/\/www.20minutes.fr\/politique\/emmanuel-macron\/\" target=\"_blank\" class=\"c-link c-link--is-underlined\" rel=\"noopener\">Emmanuel Macron<\/a>, lors du Conseil des ministres de mercredi, \u00e0 \u00ab\u00a0faire acte de mobilisation\u00a0\u00bb autour du Premier ministre ne prend pas. Les ministres, inform\u00e9s \u00e0 la derni\u00e8re minute de la d\u00e9cision du chef du gouvernement qui a suscit\u00e9 parmi eux \u00ab\u00a0col\u00e8re\u00a0\u00bb et \u00ab\u00a0frustration\u00a0\u00bb, ne se bousculent en effet pas dans les m\u00e9dias pour la d\u00e9fendre.<\/p>\n<p>Le spectre de la dette<\/p>\n<p>L\u2019avenir du Premier ministre ne semble donc tenir qu\u2019\u00e0 un fil alors que l\u2019ensemble des oppositions, <a href=\"https:\/\/www.20minutes.fr\/politique\/ps\/\" target=\"_blank\" class=\"c-link c-link--is-underlined\" rel=\"noopener\">Parti socialiste<\/a> compris, ont d\u00e9j\u00e0 annonc\u00e9 qu\u2019elles ne voteraient pas la confiance qu\u2019il a sollicit\u00e9e sur l\u2019urgence \u00e0 r\u00e9sorber la dette du pays. Le chef de l\u2019Etat a pr\u00e9venu \u00e0 cet \u00e9gard que, \u00ab\u00a0quel que soit le vote [\u2026] la situation de la France ne sera pas r\u00e9solue\u00a0\u00bb, ajoutant que \u00ab\u00a0s\u2019affranchir du r\u00e9el n\u2019\u00e9tait pas responsable pour la suite\u00a0\u00bb, a affirm\u00e9 la porte-parole du gouvernement, Sophie Primas.<\/p>\n<\/p>\n<p>En attendant, Fran\u00e7ois Bayrou a poursuivi mercredi ses consultations des forces politiques. \u00ab\u00a0Personne n\u2019a int\u00e9r\u00eat au chaos et \u00e0 l\u2019instabilit\u00e9\u00a0\u00bb, a plaid\u00e9 \u00e0 sa sortie de Matignon le vice-pr\u00e9sident du MoDem Marc Fesneau. Si Fran\u00e7ois Bayrou est renvers\u00e9, \u00ab\u00a0la m\u00eame question (sur la dette) sera pos\u00e9e\u00a0\u00bb, a-t-il pr\u00e9venu.<\/p>\n<p>Au nom de l\u2019UDR, alli\u00e9 au RN, \u00c9ric Ciotti a r\u00e9p\u00e9t\u00e9 qu\u2019il ne voterait pas la confiance \u00e0 Fran\u00e7ois Bayrou autant qu\u2019\u00e0 Emmanuel Macron \u00ab\u00a0pour l\u2019ensemble de leur \u0153uvre\u00a0\u00bb. Quant au chef de file des d\u00e9put\u00e9s Liot Laurent Panifous, il a appel\u00e9 \u00ab\u00a0l\u2019ensemble des forces r\u00e9publicaines\u00a0\u00bb \u00e0 \u00ab\u00a0se r\u00e9unir, \u00e0 discuter, \u00e0 travailler\u00a0\u00bb \u00e0 un compromis budg\u00e9taire, le porte-parole du groupe Harold Huwart plaidant pour un futur Premier ministre \u00ab\u00a0ind\u00e9pendant du pr\u00e9sident\u00a0\u00bb.<\/p>\n<p>Bayrou balaye les id\u00e9es du PS<\/p>\n<p>Ce jeudi, le Premier ministre va tenter de convaincre le Parti socialiste. Mais la perspective de sa chute ne devrait pas s\u2019\u00e9loigner. Le toujours Premier ministre a en effet d\u00e9j\u00e0 balay\u00e9 notamment les propositions du PS, qui veut diviser par deux l\u2019ann\u00e9e prochaine l\u2019effort voulu par le chef du gouvernement de 44\u00a0milliards d\u2019euros.<\/p>\n<p><a href=\"https:\/\/www.20minutes.fr\/politique\/\" target=\"_blank\" class=\"c-link c-btn c-btn--primary\" rel=\"noopener\">Notre dossier Politique<\/a><\/p>\n<p>Emmanuel Macron avait pourtant enjoint, lors d\u2019un d\u00e9jeuner \u00e0 l\u2019Elys\u00e9e mardi, aux chefs de la coalition gouvernementale et Fran\u00e7ois Bayrou, de \u00ab\u00a0travailler avec les socialistes\u00a0\u00bb et d\u2019autres partis \u00e0 l\u2019exclusion de LFI et du RN pour \u00ab\u00a0\u00e9largir\u00a0\u00bb son assise. Au contraire sur RMC et BFMTV, le locataire de Matignon a jug\u00e9 \u00ab\u00a0pas tr\u00e8s coh\u00e9rente\u00a0\u00bb et \u00ab\u00a0risqu\u00e9e\u00a0\u00bb la d\u00e9marche du PS de \u00ab\u00a0vouloir abattre son gouvernement\u00a0\u00bb tout en r\u00e9clamant de gouverner ensuite avec \u00ab\u00a0le soutien du bloc central\u00a0\u00bb dont il fait partie. Le compromis n\u2019est donc pour Fran\u00e7ois Bayrou pas encore \u00e0 l\u2019ordre du jour.<\/p>\n","protected":false},"excerpt":{"rendered":"Alors que le vote crucial du 8\u00a0septembre sur son avenir \u00e0 Matignon se rapproche, Fran\u00e7ois Bayrou n\u2019a pas&hellip;\n","protected":false},"author":2,"featured_media":365035,"comment_status":"","ping_status":"","sticky":false,"template":"","format":"standard","meta":{"footnotes":""},"categories":[4],"tags":[47,11,416,6327,1073,6329,1011,27,431,12,4393,4484,316,25,133,49393],"class_list":{"0":"post-365034","1":"post","2":"type-post","3":"status-publish","4":"format-standard","5":"has-post-thumbnail","7":"category-france","8":"tag-actualite","9":"tag-actualites","10":"tag-assemblee-nationale","11":"tag-dette","12":"tag-emmanuel-macron","13":"tag-finances-publiques","14":"tag-fr","15":"tag-france","16":"tag-francois-bayrou","17":"tag-news","18":"tag-olivier-faure","19":"tag-parti-socialiste-ps","20":"tag-politique","21":"tag-republique-francaise","22":"tag-video","23":"tag-vote-de-confiance"},"share_on_mastodon":{"url":"https:\/\/pubeurope.com\/@fr\/115144592331723693","error":""},"_links":{"self":[{"href":"https:\/\/www.europesays.com\/fr\/wp-json\/wp\/v2\/posts\/365034","targetHints":{"allow":["GET"]}}],"collection":[{"href":"https:\/\/www.europesays.com\/fr\/wp-json\/wp\/v2\/posts"}],"about":[{"href":"https:\/\/www.europesays.com\/fr\/wp-json\/wp\/v2\/types\/post"}],"author":[{"embeddable":true,"href":"https:\/\/www.europesays.com\/fr\/wp-json\/wp\/v2\/users\/2"}],"replies":[{"embeddable":true,"href":"https:\/\/www.europesays.com\/fr\/wp-json\/wp\/v2\/comments?post=365034"}],"version-history":[{"count":0,"href":"https:\/\/www.europesays.com\/fr\/wp-json\/wp\/v2\/posts\/365034\/revisions"}],"wp:featuredmedia":[{"embeddable":true,"href":"https:\/\/www.europesays.com\/fr\/wp-json\/wp\/v2\/media\/365035"}],"wp:attachment":[{"href":"https:\/\/www.europesays.com\/fr\/wp-json\/wp\/v2\/media?parent=365034"}],"wp:term":[{"taxonomy":"category","embeddable":true,"href":"https:\/\/www.europesays.com\/fr\/wp-json\/wp\/v2\/categories?post=365034"},{"taxonomy":"post_tag","embeddable":true,"href":"https:\/\/www.europesays.com\/fr\/wp-json\/wp\/v2\/tags?post=365034"}],"curies":[{"name":"wp","href":"https:\/\/api.w.org\/{rel}","templated":true}]}}