{"id":365038,"date":"2025-09-04T06:24:10","date_gmt":"2025-09-04T06:24:10","guid":{"rendered":"https:\/\/www.europesays.com\/fr\/365038\/"},"modified":"2025-09-04T06:24:10","modified_gmt":"2025-09-04T06:24:10","slug":"loire-la-presence-du-loup-confirmee-cet-ete-dans-le-gier","status":"publish","type":"post","link":"https:\/\/www.europesays.com\/fr\/365038\/","title":{"rendered":"Loire : la pr\u00e9sence du loup confirm\u00e9e cet \u00e9t\u00e9 dans le Gier"},"content":{"rendered":"<p>Alors que plusieurs attaques de troupeaux ont \u00e9t\u00e9 recens\u00e9es en juillet et en ao\u00fbt, la pr\u00e9fecture de la Loire confirme qu&rsquo;un loup a bien \u00e9t\u00e9 observ\u00e9 sur la commune de Ch\u00e2teauneuf cet \u00e9t\u00e9.<\/p>\n<p>Il \u00e9tait bien de passage dans la <b>Loire <\/b>ces derni\u00e8res semaines. La pr\u00e9sence du <b>loup <\/b>vient d&rsquo;\u00eatre confirm\u00e9e dans le <b>Gier<\/b>.\u00a0<\/p>\n<p>\u00ab\u00a0Le service d\u00e9partemental de l&rsquo;OFB (Office Fran\u00e7ais de la Biodiversit\u00e9) de la Loire a recueilli la vid\u00e9o d&rsquo;un grand canid\u00e9 sur la commune de Ch\u00e2teauneuf, r\u00e9alis\u00e9e le 23 ao\u00fbt 2025, d\u00e9taille la pr\u00e9fecture de la Loire. L&rsquo;enregistrement permet de confirmer l&rsquo;observation d&rsquo;un loup avec la pr\u00e9sence d&rsquo;\u00e9l\u00e9ments morphologiques et ph\u00e9notypiques caract\u00e9ristiques de l&rsquo;esp\u00e8ce\u00a0\u00bb.<\/p>\n<p>Pas une menace pour l&rsquo;homme<\/p>\n<p>Pour rappel, plusieurs attaques de troupeaux de brebis ont \u00e9t\u00e9 recens\u00e9es en juillet et en ao\u00fbt, sur cette commune de <b>Ch\u00e2teauneuf<\/b>, mais aussi \u00e0 <b>Tr\u00eaves<\/b>, dans le d\u00e9partement voisin du Rh\u00f4ne.<\/p>\n<p>La pr\u00e9fecture pr\u00e9cise que \u00ab\u00a0cet \u00e9v\u00e9nement s&rsquo;inscrit dans une phase de dispersion de l&rsquo;esp\u00e8ce. \u00c0 ce jour, il n&rsquo;y a <b>pas de pr\u00e9sence r\u00e9guli\u00e8re du loup<\/b> dans le d\u00e9partement de la Loire\u00a0\u00bb.<\/p>\n<p>Et malgr\u00e9 ce qu&rsquo;on peut parfois penser de lui, les autorit\u00e9s rappellent qu&rsquo;il n&rsquo;est <b>pas une menace pour l&rsquo;homme<\/b>. Il est m\u00eame plut\u00f4t discret, m\u00e9fiant et craintif \u00e0 notre \u00e9gard.<\/p>\n<p>Une fiche de communication \u00e9tablie par la pr\u00e9fecture, nomm\u00e9e \u00ab\u00a0que faire en cas de rencontre avec un loup\u00a0\u00bb, a \u00e9t\u00e9 transmise aux communes afin qu&rsquo;elles puissent informer et rassurer leurs habitants.<\/p>\n<p><img loading=\"lazy\" decoding=\"async\" src=\"https:\/\/www.europesays.com\/fr\/wp-content\/uploads\/2025\/09\/1756967050_875_img\" width=\"350\" height=\"200\" border=\"0\" title=\"Des orages dans la r\u00c3\u00a9gion\"\/><\/p>\n<p>\u25baM\u00e9t\u00e9o<\/p>\n<p style=\"font-size: 22px;\"><b>Auvergne-Rh\u00f4ne-Alpes : la vigilance orange aux orages activ\u00e9e<\/b><\/p>\n<p>La vigilance orange aux orages est activ\u00e9e ce jeudi&#8230;<\/p>\n<p><\/p>\n","protected":false},"excerpt":{"rendered":"Alors que plusieurs attaques de troupeaux ont \u00e9t\u00e9 recens\u00e9es en juillet et en ao\u00fbt, la pr\u00e9fecture de la&hellip;\n","protected":false},"author":2,"featured_media":365039,"comment_status":"","ping_status":"","sticky":false,"template":"","format":"standard","meta":{"footnotes":""},"categories":[9653],"tags":[1111,11,834,2430,49946,20618,1777,674,1011,27,49945,3367,9772,12,11128,25,4001,8594],"class_list":{"0":"post-365038","1":"post","2":"type-post","3":"status-publish","4":"format-standard","5":"has-post-thumbnail","7":"category-saint-etienne","8":"tag-actu","9":"tag-actualites","10":"tag-attaque","11":"tag-auvergne-rhone-alpes","12":"tag-brebis","13":"tag-chateauneuf","14":"tag-eu","15":"tag-europe","16":"tag-fr","17":"tag-france","18":"tag-gier","19":"tag-loire","20":"tag-loup","21":"tag-news","22":"tag-prfecture","23":"tag-republique-francaise","24":"tag-saint-etienne","25":"tag-troupeau"},"share_on_mastodon":{"url":"https:\/\/pubeurope.com\/@fr\/115144600192303852","error":""},"_links":{"self":[{"href":"https:\/\/www.europesays.com\/fr\/wp-json\/wp\/v2\/posts\/365038","targetHints":{"allow":["GET"]}}],"collection":[{"href":"https:\/\/www.europesays.com\/fr\/wp-json\/wp\/v2\/posts"}],"about":[{"href":"https:\/\/www.europesays.com\/fr\/wp-json\/wp\/v2\/types\/post"}],"author":[{"embeddable":true,"href":"https:\/\/www.europesays.com\/fr\/wp-json\/wp\/v2\/users\/2"}],"replies":[{"embeddable":true,"href":"https:\/\/www.europesays.com\/fr\/wp-json\/wp\/v2\/comments?post=365038"}],"version-history":[{"count":0,"href":"https:\/\/www.europesays.com\/fr\/wp-json\/wp\/v2\/posts\/365038\/revisions"}],"wp:featuredmedia":[{"embeddable":true,"href":"https:\/\/www.europesays.com\/fr\/wp-json\/wp\/v2\/media\/365039"}],"wp:attachment":[{"href":"https:\/\/www.europesays.com\/fr\/wp-json\/wp\/v2\/media?parent=365038"}],"wp:term":[{"taxonomy":"category","embeddable":true,"href":"https:\/\/www.europesays.com\/fr\/wp-json\/wp\/v2\/categories?post=365038"},{"taxonomy":"post_tag","embeddable":true,"href":"https:\/\/www.europesays.com\/fr\/wp-json\/wp\/v2\/tags?post=365038"}],"curies":[{"name":"wp","href":"https:\/\/api.w.org\/{rel}","templated":true}]}}