{"id":365040,"date":"2025-09-04T06:25:15","date_gmt":"2025-09-04T06:25:15","guid":{"rendered":"https:\/\/www.europesays.com\/fr\/365040\/"},"modified":"2025-09-04T06:25:15","modified_gmt":"2025-09-04T06:25:15","slug":"la-decision-est-tombee-saint-etienne-fixee","status":"publish","type":"post","link":"https:\/\/www.europesays.com\/fr\/365040\/","title":{"rendered":"La d\u00e9cision est tomb\u00e9e, Saint-\u00c9tienne fix\u00e9e"},"content":{"rendered":"<p>\t\t\tAfficher l\u2019index Masquer l\u2019index <\/p>\n<p>L\u2019<strong>ASSE<\/strong> est d\u00e9sormais fix\u00e9e sur l\u2019un des rendez-vous les plus importants de sa saison. Le club du <strong>Forez<\/strong> conna\u00eet d\u00e9sormais la date de son entr\u00e9e en lice \u00e0 la <strong>Coupe de France <\/strong>2025-2026.<\/p>\n<p>ASSE : Un rendez-vous fix\u00e9 au 7\u1d49 tour\t<\/p>\n<p>La F\u00e9d\u00e9ration fran\u00e7aise de football a d\u00e9voil\u00e9 les contours de la 109\u1d49 \u00e9dition de la Coupe de France, d\u00e9sormais baptis\u00e9e \u00ab Coupe de France Cr\u00e9dit Agricole \u00bb. Un changement de nom qui peut faire sourire, mais l\u2019essentiel pour l\u2019ASSE \u00e9tait ailleurs : la date de ses grands d\u00e9buts. Les St\u00e9phanois entreront dans la danse lors du 7\u1d49 tour, programm\u00e9 le 15 novembre 2025.<\/p>\n<p><strong>Lire aussi : <a href=\"https:\/\/www.foot-sur7.fr\/693520-mercato-asse-un-dernier-coup-avec-un-joker-se-profile\" rel=\"nofollow noopener\" target=\"_blank\">Mercato ASSE : Un dernier coup avec un joker se profile<\/a><\/strong><\/p>\n<p>Ce premier rendez-vous s\u2019annonce crucial. Pour un club qui a trop souvent chut\u00e9 pr\u00e9matur\u00e9ment dans la comp\u00e9tition ces derni\u00e8res ann\u00e9es, encore face \u00e0 N\u00eemes en 2024, il faudra cette fois aborder l\u2019\u00e9preuve avec s\u00e9rieux. Car en Coupe, tout est possible : des exploits qui \u00e9crivent la l\u00e9gende, comme des humiliations face \u00e0 des adversaires amateurs gonfl\u00e9s \u00e0 bloc.<\/p>\n<p>La magie de la Coupe et le parfum d\u2019histoire<\/p>\n<p>La Coupe de France et Saint-\u00c9tienne, c\u2019est une vieille romance. Six troph\u00e9es, trois finales perdues, et une foule de souvenirs qui font vibrer Geoffroy-Guichard. Pourtant, le dernier sacre remonte \u00e0 1977, une \u00e9ternit\u00e9 pour un club au palmar\u00e8s aussi riche. Depuis, les Verts ont altern\u00e9 \u00e9pop\u00e9es h\u00e9ro\u00efques et d\u00e9sillusions cuisantes.<\/p>\n<p><a class=\"related-article simple\" href=\"https:\/\/www.foot-sur7.fr\/693545-mercato-om-lenorme-coup-pavard-linter-sen-moque\" rel=\"nofollow noopener\" target=\"_blank\">\u00c0 voirMercato OM : L\u2019\u00e9norme coup Pavard, l\u2019Inter s\u2019en moque !<\/a><\/p>\n<p><strong>Lire aussi : <a href=\"https:\/\/www.foot-sur7.fr\/693487-asse-mercato-un-transfert-imminent-a-saint-etienne\" rel=\"nofollow noopener\" target=\"_blank\">ASSE Mercato : Un transfert imminent \u00e0 Saint-Etienne<\/a><\/strong><\/p>\n<p>Alors que le retour en Ligue 1 reste l\u2019objectif num\u00e9ro un, les supporters r\u00eavent d\u2019un parcours qui viendrait illuminer la saison. Car la Coupe a ce pouvoir rare : transformer un automne banal en printemps inoubliable. Rendez-vous est pris, et dans le Forez, on sait qu\u2019un frisson vert peut toujours na\u00eetre d\u2019un soir de Coupe.<\/p>\n","protected":false},"excerpt":{"rendered":"Afficher l\u2019index Masquer l\u2019index L\u2019ASSE est d\u00e9sormais fix\u00e9e sur l\u2019un des rendez-vous les plus importants de sa saison.&hellip;\n","protected":false},"author":2,"featured_media":362168,"comment_status":"","ping_status":"","sticky":false,"template":"","format":"standard","meta":{"footnotes":""},"categories":[9653],"tags":[1111,11,2430,1777,674,1011,27,12,25,4001],"class_list":{"0":"post-365040","1":"post","2":"type-post","3":"status-publish","4":"format-standard","5":"has-post-thumbnail","7":"category-saint-etienne","8":"tag-actu","9":"tag-actualites","10":"tag-auvergne-rhone-alpes","11":"tag-eu","12":"tag-europe","13":"tag-fr","14":"tag-france","15":"tag-news","16":"tag-republique-francaise","17":"tag-saint-etienne"},"share_on_mastodon":{"url":"https:\/\/pubeurope.com\/@fr\/115144603906176347","error":""},"_links":{"self":[{"href":"https:\/\/www.europesays.com\/fr\/wp-json\/wp\/v2\/posts\/365040","targetHints":{"allow":["GET"]}}],"collection":[{"href":"https:\/\/www.europesays.com\/fr\/wp-json\/wp\/v2\/posts"}],"about":[{"href":"https:\/\/www.europesays.com\/fr\/wp-json\/wp\/v2\/types\/post"}],"author":[{"embeddable":true,"href":"https:\/\/www.europesays.com\/fr\/wp-json\/wp\/v2\/users\/2"}],"replies":[{"embeddable":true,"href":"https:\/\/www.europesays.com\/fr\/wp-json\/wp\/v2\/comments?post=365040"}],"version-history":[{"count":0,"href":"https:\/\/www.europesays.com\/fr\/wp-json\/wp\/v2\/posts\/365040\/revisions"}],"wp:featuredmedia":[{"embeddable":true,"href":"https:\/\/www.europesays.com\/fr\/wp-json\/wp\/v2\/media\/362168"}],"wp:attachment":[{"href":"https:\/\/www.europesays.com\/fr\/wp-json\/wp\/v2\/media?parent=365040"}],"wp:term":[{"taxonomy":"category","embeddable":true,"href":"https:\/\/www.europesays.com\/fr\/wp-json\/wp\/v2\/categories?post=365040"},{"taxonomy":"post_tag","embeddable":true,"href":"https:\/\/www.europesays.com\/fr\/wp-json\/wp\/v2\/tags?post=365040"}],"curies":[{"name":"wp","href":"https:\/\/api.w.org\/{rel}","templated":true}]}}