{"id":365041,"date":"2025-09-04T06:28:23","date_gmt":"2025-09-04T06:28:23","guid":{"rendered":"https:\/\/www.europesays.com\/fr\/365041\/"},"modified":"2025-09-04T06:28:23","modified_gmt":"2025-09-04T06:28:23","slug":"nancy-capitale-de-lhydrogene-fin-septembre","status":"publish","type":"post","link":"https:\/\/www.europesays.com\/fr\/365041\/","title":{"rendered":"Nancy, capitale de l\u2019hydrog\u00e8ne fin septembre"},"content":{"rendered":"<p>L\u2019hydrog\u00e8ne&#13;<br \/>\net surtout l\u2019hydrog\u00e8ne blanc, le nouvel eldorado lorrain ! La&#13;<br \/>\nquestion ne se pose m\u00eame plus tant l\u2019\u00e9cosyst\u00e8me r\u00e9gional est&#13;<br \/>\naujourd\u2019hui en phase pour faire entrer la r\u00e9gion dans une quasi&#13;<br \/>\ntroisi\u00e8me r\u00e9volution industrielle.<\/p>\n<p>L\u2019engouement&#13;<br \/>\nsera palpable fin septembre, du 24 au 25 au centre des congr\u00e8s de&#13;<br \/>\nNancy ! Le salon Meet 4 Hydrogen (organis\u00e9 par le groupe Meet and&#13;<br \/>\nCom avec le soutien de Destination Nancy) et le Sommet europ\u00e9en H2&#13;<br \/>\nNaturel, port\u00e9e par la R\u00e9gion Grand Est, la M\u00e9tropole du Grand&#13;<br \/>\nNancy, l\u2019Universit\u00e9 de Lorraine et l\u2019agence Lorr\u2019Up, sont&#13;<br \/>\nannonc\u00e9s.<\/p>\n<p>Le&#13;<br \/>\nSommet europ\u00e9en H2 Naturel r\u00e9unira d\u00e9cideurs publics, chercheurs,&#13;<br \/>\nindustriels et collectivit\u00e9s pour d\u00e9battre des enjeux li\u00e9s \u00e0&#13;<br \/>\ncette fili\u00e8re \u00e9mergente et partager les derni\u00e8res avanc\u00e9es&#13;<br \/>\ntechnologiques et industrielles du secteur.<\/p>\n<p><strong>Lithium&#13;<br \/>\net g\u00e9othermie<\/strong><\/p>\n<p>Le&#13;<br \/>\nsalon Meet 4 H2 aura un volet consacr\u00e9 \u00e0 la mobilit\u00e9 d\u00e9di\u00e9 aux&#13;<br \/>\nusages de l\u2019hydrog\u00e8ne dans les transports. Cette question des&#13;<br \/>\nmobilit\u00e9s d\u00e9carbon\u00e9es et des infrastructures associ\u00e9es sera au&#13;<br \/>\nc\u0153ur des discussions, tout comme le d\u00e9veloppement \u00e0 grande \u00e9chelle&#13;<br \/>\nde ces solutions.<\/p>\n<p>\u00abLa&#13;<br \/>\nrichesse des ressources du sous-sol de la r\u00e9gion Grand Est fait de&#13;<br \/>\ncette r\u00e9gion une destination id\u00e9ale pour accueillir cette \u00e9dition&#13;<br \/>\nd\u00e9cisive, au moment o\u00f9 la fili\u00e8re hydrog\u00e8ne franchit un cap&#13;<br \/>\nstrat\u00e9gique et industriel d\u00e9terminant\u00bb,&#13;<br \/>\nassurent les organisateurs.<\/p>\n<p>L\u2019\u00e9dition&#13;<br \/>\n2025 ouvrira \u00e9galement une parenth\u00e8se strat\u00e9gique sur les&#13;<br \/>\nsolutions de d\u00e9carbonation li\u00e9es \u00e0 l\u2019exploitation du lithium et&#13;<br \/>\nde la g\u00e9othermie en surface et profondeur.<\/p>\n","protected":false},"excerpt":{"rendered":"L\u2019hydrog\u00e8ne&#13; et surtout l\u2019hydrog\u00e8ne blanc, le nouvel eldorado lorrain ! La&#13; question ne se pose m\u00eame plus tant&hellip;\n","protected":false},"author":2,"featured_media":365042,"comment_status":"","ping_status":"","sticky":false,"template":"","format":"standard","meta":{"footnotes":""},"categories":[9635],"tags":[1111,11,1777,674,1011,27,775,1702,12,25],"class_list":{"0":"post-365041","1":"post","2":"type-post","3":"status-publish","4":"format-standard","5":"has-post-thumbnail","7":"category-nancy","8":"tag-actu","9":"tag-actualites","10":"tag-eu","11":"tag-europe","12":"tag-fr","13":"tag-france","14":"tag-grand-est","15":"tag-nancy","16":"tag-news","17":"tag-republique-francaise"},"share_on_mastodon":{"url":"https:\/\/pubeurope.com\/@fr\/115144615818844447","error":""},"_links":{"self":[{"href":"https:\/\/www.europesays.com\/fr\/wp-json\/wp\/v2\/posts\/365041","targetHints":{"allow":["GET"]}}],"collection":[{"href":"https:\/\/www.europesays.com\/fr\/wp-json\/wp\/v2\/posts"}],"about":[{"href":"https:\/\/www.europesays.com\/fr\/wp-json\/wp\/v2\/types\/post"}],"author":[{"embeddable":true,"href":"https:\/\/www.europesays.com\/fr\/wp-json\/wp\/v2\/users\/2"}],"replies":[{"embeddable":true,"href":"https:\/\/www.europesays.com\/fr\/wp-json\/wp\/v2\/comments?post=365041"}],"version-history":[{"count":0,"href":"https:\/\/www.europesays.com\/fr\/wp-json\/wp\/v2\/posts\/365041\/revisions"}],"wp:featuredmedia":[{"embeddable":true,"href":"https:\/\/www.europesays.com\/fr\/wp-json\/wp\/v2\/media\/365042"}],"wp:attachment":[{"href":"https:\/\/www.europesays.com\/fr\/wp-json\/wp\/v2\/media?parent=365041"}],"wp:term":[{"taxonomy":"category","embeddable":true,"href":"https:\/\/www.europesays.com\/fr\/wp-json\/wp\/v2\/categories?post=365041"},{"taxonomy":"post_tag","embeddable":true,"href":"https:\/\/www.europesays.com\/fr\/wp-json\/wp\/v2\/tags?post=365041"}],"curies":[{"name":"wp","href":"https:\/\/api.w.org\/{rel}","templated":true}]}}