{"id":365043,"date":"2025-09-04T06:29:14","date_gmt":"2025-09-04T06:29:14","guid":{"rendered":"https:\/\/www.europesays.com\/fr\/365043\/"},"modified":"2025-09-04T06:29:14","modified_gmt":"2025-09-04T06:29:14","slug":"toulon-15e-festival-constellations","status":"publish","type":"post","link":"https:\/\/www.europesays.com\/fr\/365043\/","title":{"rendered":"Toulon : 15\u00e8 festival Constellations"},"content":{"rendered":"<p>        <a href=\"https:\/\/www.europesays.com\/fr\/wp-content\/uploads\/2025\/09\/constell1.jpg\" data-caption=\"\"><img loading=\"lazy\" decoding=\"async\" width=\"285\" height=\"170\" class=\"entry-thumb td-modal-image\" src=\"https:\/\/www.europesays.com\/fr\/wp-content\/uploads\/2025\/09\/constell1.jpg\" alt=\"\" title=\"constell1\"\/><\/a><\/p>\n<p><strong>Du mercredi 17 au dimanche 21 septembre 2025.<\/strong><\/p>\n<p><a href=\"https:\/\/www.tv83.info\/wp-content\/uploads\/2025\/08\/32615923.png\" rel=\"nofollow noopener\" target=\"_blank\"><img fetchpriority=\"high\" decoding=\"async\" class=\"size-medium wp-image-94695 alignright\" src=\"https:\/\/www.europesays.com\/fr\/wp-content\/uploads\/2025\/09\/32615923-214x300.png\" alt=\"\" width=\"214\" height=\"300\"  \/><\/a>Gratuit. Sur r\u00e9servation pour certains spectacles.<br \/>Toulon<br \/>Divers lieux<br \/>Toulon et Hy\u00e8res \u2013 83000 Toulon<\/p>\n<p>Le Festival accueille \u00e0 Toulon et Hy\u00e8res chor\u00e9graphes, danseurs, musiciens dans des lieux non d\u00e9di\u00e9s au spectacle vivant pour mieux mettre en lumi\u00e8re les villes.<br \/>Autour des spectacles, sont propos\u00e9s des ateliers, dj sets, conf\u00e9rences et films.<\/p>\n<p style=\"text-align: center;\"><strong>Programmation :<\/strong><\/p>\n<p>&gt; Mercredi 17\/09 \u00e0 19h \u2013 Cin\u00e9ma Le Royal, Toulon : Soir\u00e9e d\u2019ouverture<br \/>Projection \u00ab\u00a0Pekin sp\u00e9cial, une jeunesse en 9 danses\/ La Zouze\u00a0\u00bb<br \/>&gt; Mercredi 17\/09 \u00e0 22h \u2013 Le T\u00e9l\u00e9graphe : Solo Marion Alzieu \u00ab\u00a0Ceci n\u2019est pas une femmes blanche\u00a0\u00bb<br \/>&gt; Jeudi 18\/09 \u2013 Place de l\u2019Oratoire, Hy\u00e8res : Amala Dianor, pi\u00e8ce pour 2 danseuses (Marion Alzieu et Mwendwa Marchand)<br \/>&gt; Jeudi 18\/09 \u2013 La Coll\u00e9giale St Paul, Hy\u00e8res : Performance de peinture, musique et vid\u00e9o de Benoit Bottex \u00ab\u00a0Retable\u00a0\u00bb. Sur r\u00e9servation.<br \/>&gt; Jeudi 18\/09 de 20h \u00e0 minuit \u2013 Vola Caf\u00e9, Hy\u00e8res : Dj set Poirier<br \/>&gt; Vendredi 19\/09 \u00e0 19h30 \u2013 Th\u00e9\u00e2tre Libert\u00e9, Toulon : Danse \u00ab\u00a0Jimmy\u00a0\u00bb<br \/>Chor\u00e9graphie Pierre Pontvianne. Interpr\u00e9tation Jazz Barb\u00e9.<br \/>Gratuit, r\u00e9servation en ligne sur : https:\/\/www.chateauvallon-liberte.fr\/evenement\/jimmy\/<br \/>&gt; Vendredi 19\/09 \u00e0 21h \u2013 Th\u00e9\u00e2tre Libert\u00e9, Toulon : Danse \u00ab\u00a0Scarbo\u00a0\u00bb<br \/>Chor\u00e9graphie Ioannis Mandafounis et Manon Parent. Danse Manon Parent.<br \/>Gratuit, r\u00e9servation en ligne sur : https:\/\/www.chateauvallon-liberte.fr\/evenement\/scarbo\/<br \/>&gt; Vendredi 19\/09 \u00e0 22h15, 23h, 23h45 et 00h30 \u2013 Le T\u00e9l\u00e9graphe, Toulon : Lucie Megna-Z\u00fcrcher \u00ab\u00a0One Shot Renaissance\u00a0\u00bb<br \/>&gt; Samedi 20\/09 \u00e0 partir de 12h30 \u2013 Jardin Alexandre 1er, Toulon : Pique-Nique Electro.<\/p>\n<p>Apportez votre pique-nique et profitez d\u2019un Dj set rythm\u00e9 par un set solaire et groovy, entre musiques afrodescendantes, carib\u00e9ennes et latines. Un moment festif pour tous.<br \/>Gratuit. En acc\u00e8s libre.<br \/>&gt; Samedi 20 et dimanche 21\/09 : Jardins Tour Royale dalle Pipady, Toulon : diverses performances chor\u00e9graphiques.<\/p>\n<p>Programmation compl\u00e8te sur : <a href=\"https:\/\/www.kubilai-khan-constellations.com\/\" rel=\"nofollow noopener\" target=\"_blank\">https:\/\/www.kubilai-khan-constellations.com\/<\/a><\/p>\n<p><a href=\"https:\/\/www.restosducoeur.org\/associations-departementales\/les-restos-du-coeur-du-var\/\" rel=\"nofollow noopener\" target=\"_blank\"><img decoding=\"async\" style=\"height:70px;width:140px\" src=\"https:\/\/www.europesays.com\/fr\/wp-content\/uploads\/2025\/04\/restos-du-coeur.jpg\"\/><\/a>        <\/p>\n","protected":false},"excerpt":{"rendered":"Du mercredi 17 au dimanche 21 septembre 2025. Gratuit. Sur r\u00e9servation pour certains spectacles.ToulonDivers lieuxToulon et Hy\u00e8res \u2013&hellip;\n","protected":false},"author":2,"featured_media":365044,"comment_status":"","ping_status":"","sticky":false,"template":"","format":"standard","meta":{"footnotes":""},"categories":[9619],"tags":[1111,11,1777,674,1011,27,12,882,25,2310],"class_list":{"0":"post-365043","1":"post","2":"type-post","3":"status-publish","4":"format-standard","5":"has-post-thumbnail","7":"category-toulon","8":"tag-actu","9":"tag-actualites","10":"tag-eu","11":"tag-europe","12":"tag-fr","13":"tag-france","14":"tag-news","15":"tag-provence-alpes-cote-dazur","16":"tag-republique-francaise","17":"tag-toulon"},"share_on_mastodon":{"url":"https:\/\/pubeurope.com\/@fr\/115144619989757537","error":""},"_links":{"self":[{"href":"https:\/\/www.europesays.com\/fr\/wp-json\/wp\/v2\/posts\/365043","targetHints":{"allow":["GET"]}}],"collection":[{"href":"https:\/\/www.europesays.com\/fr\/wp-json\/wp\/v2\/posts"}],"about":[{"href":"https:\/\/www.europesays.com\/fr\/wp-json\/wp\/v2\/types\/post"}],"author":[{"embeddable":true,"href":"https:\/\/www.europesays.com\/fr\/wp-json\/wp\/v2\/users\/2"}],"replies":[{"embeddable":true,"href":"https:\/\/www.europesays.com\/fr\/wp-json\/wp\/v2\/comments?post=365043"}],"version-history":[{"count":0,"href":"https:\/\/www.europesays.com\/fr\/wp-json\/wp\/v2\/posts\/365043\/revisions"}],"wp:featuredmedia":[{"embeddable":true,"href":"https:\/\/www.europesays.com\/fr\/wp-json\/wp\/v2\/media\/365044"}],"wp:attachment":[{"href":"https:\/\/www.europesays.com\/fr\/wp-json\/wp\/v2\/media?parent=365043"}],"wp:term":[{"taxonomy":"category","embeddable":true,"href":"https:\/\/www.europesays.com\/fr\/wp-json\/wp\/v2\/categories?post=365043"},{"taxonomy":"post_tag","embeddable":true,"href":"https:\/\/www.europesays.com\/fr\/wp-json\/wp\/v2\/tags?post=365043"}],"curies":[{"name":"wp","href":"https:\/\/api.w.org\/{rel}","templated":true}]}}