{"id":365045,"date":"2025-09-04T06:30:27","date_gmt":"2025-09-04T06:30:27","guid":{"rendered":"https:\/\/www.europesays.com\/fr\/365045\/"},"modified":"2025-09-04T06:30:27","modified_gmt":"2025-09-04T06:30:27","slug":"baptiste-couilloud-jiuta-wainiqolo-est-un-joueur-qui-a-fait-ses-preuves-avec-toulon","status":"publish","type":"post","link":"https:\/\/www.europesays.com\/fr\/365045\/","title":{"rendered":"Baptiste Couilloud : \u00ab Jiuta Wainiqolo est un joueur qui a fait ses preuves avec Toulon \u00bb"},"content":{"rendered":"<p>Le demi-de-m\u00eal\u00e9e du LOU Rugby, Baptiste Couilloud s\u2019est confi\u00e9 via <a href=\"https:\/\/www.lefigaro.fr\/sports\/rugby\/top-14\/top-14-beaucoup-d-excitation-et-un-petit-air-de-revanche-pour-lyon-reconnait-baptiste-couilloud-20250903\" rel=\"nofollow noopener\" target=\"_blank\">Le Figaro<\/a>.<\/p>\n<p>Ce-dernier a notamment parl\u00e9 du recrutement effectu\u00e9 par son club, cet \u00e9t\u00e9.<\/p>\n<p>Questionn\u00e9 sur l\u2019ailier Toulonnais Jiuta Wainiqolo qui a rejoint le club Lyonnais au mois de juillet, Baptiste Couilloud n\u2019en dit que du bien.<\/p>\n<p><strong>A lire ci-dessous :<\/strong><\/p>\n<p>\u00abOn a recrut\u00e9 \u00e9norm\u00e9ment de bons joueurs de qualit\u00e9. Jiuta Wainiqolo est un joueur qui est d\u00e9j\u00e0 bien connu dans le Top 14, il a fait ses preuves avec Toulon. Mais on a aussi recrut\u00e9 pas mal de joueurs issus de la Pro D2 qui r\u00e9cemment ont un peu crev\u00e9 l\u2019\u00e9cran, tel que Gabin Lorre (B\u00e9ziers). <\/p>\n<p>On a fait un recrutement qui nous semble \u00eatre intelligent. On attend beaucoup de ces recrues pour nous permettre de faire des meilleurs r\u00e9sultats que la saison pr\u00e9c\u00e9dente.\u00bb<\/p>\n","protected":false},"excerpt":{"rendered":"Le demi-de-m\u00eal\u00e9e du LOU Rugby, Baptiste Couilloud s\u2019est confi\u00e9 via Le Figaro. Ce-dernier a notamment parl\u00e9 du recrutement&hellip;\n","protected":false},"author":2,"featured_media":365046,"comment_status":"","ping_status":"","sticky":false,"template":"","format":"standard","meta":{"footnotes":""},"categories":[9619],"tags":[1111,11,1777,674,1011,27,12,882,25,2310],"class_list":{"0":"post-365045","1":"post","2":"type-post","3":"status-publish","4":"format-standard","5":"has-post-thumbnail","7":"category-toulon","8":"tag-actu","9":"tag-actualites","10":"tag-eu","11":"tag-europe","12":"tag-fr","13":"tag-france","14":"tag-news","15":"tag-provence-alpes-cote-dazur","16":"tag-republique-francaise","17":"tag-toulon"},"share_on_mastodon":{"url":"https:\/\/pubeurope.com\/@fr\/115144623643224377","error":""},"_links":{"self":[{"href":"https:\/\/www.europesays.com\/fr\/wp-json\/wp\/v2\/posts\/365045","targetHints":{"allow":["GET"]}}],"collection":[{"href":"https:\/\/www.europesays.com\/fr\/wp-json\/wp\/v2\/posts"}],"about":[{"href":"https:\/\/www.europesays.com\/fr\/wp-json\/wp\/v2\/types\/post"}],"author":[{"embeddable":true,"href":"https:\/\/www.europesays.com\/fr\/wp-json\/wp\/v2\/users\/2"}],"replies":[{"embeddable":true,"href":"https:\/\/www.europesays.com\/fr\/wp-json\/wp\/v2\/comments?post=365045"}],"version-history":[{"count":0,"href":"https:\/\/www.europesays.com\/fr\/wp-json\/wp\/v2\/posts\/365045\/revisions"}],"wp:featuredmedia":[{"embeddable":true,"href":"https:\/\/www.europesays.com\/fr\/wp-json\/wp\/v2\/media\/365046"}],"wp:attachment":[{"href":"https:\/\/www.europesays.com\/fr\/wp-json\/wp\/v2\/media?parent=365045"}],"wp:term":[{"taxonomy":"category","embeddable":true,"href":"https:\/\/www.europesays.com\/fr\/wp-json\/wp\/v2\/categories?post=365045"},{"taxonomy":"post_tag","embeddable":true,"href":"https:\/\/www.europesays.com\/fr\/wp-json\/wp\/v2\/tags?post=365045"}],"curies":[{"name":"wp","href":"https:\/\/api.w.org\/{rel}","templated":true}]}}