{"id":365047,"date":"2025-09-04T06:31:23","date_gmt":"2025-09-04T06:31:23","guid":{"rendered":"https:\/\/www.europesays.com\/fr\/365047\/"},"modified":"2025-09-04T06:31:23","modified_gmt":"2025-09-04T06:31:23","slug":"zerator-au-zevent-cette-annee-on-a-de-gros-guests-prevus-des-artistes-tres-connus","status":"publish","type":"post","link":"https:\/\/www.europesays.com\/fr\/365047\/","title":{"rendered":"ZeratoR : Au ZEvent cette ann\u00e9e, \u00ab\u00a0on a de gros guests pr\u00e9vus, des artistes tr\u00e8s connus\u00a0\u00bb"},"content":{"rendered":"<p><strong>Depuis 2024, vous avez adopt\u00e9 un format hybride avec une participation \u00e0 distance. Pourquoi ce choix et comment s\u2019organise un tel dispositif ?<\/strong><br \/>Au d\u00e9but, en 2016, nous \u00e9tions seize dans un salon, \u00e7a repr\u00e9sentait presque toute l\u2019audience Twitch. Aujourd\u2019hui, inviter tout le monde serait impossible : il faudrait 300 streamers dans une salle, et on ne veut pas que le ZEvent devienne une \u201ccentrale d\u2019appel\u201d sans vraie interaction. Le format hybride permet de garder une alchimie entre ceux pr\u00e9sents sur place tout en donnant la possibilit\u00e9 \u00e0 d\u2019autres de participer depuis chez eux ou en collectif. Beaucoup nous disent qu\u2019ils r\u00eavaient d\u2019y participer et peuvent enfin le faire. C\u2019est un \u00e9norme d\u00e9fi d\u2019organisation : on est environ cinquante dans l\u2019\u00e9quipe, techniciens compris. Avec Alexandre, on g\u00e8re une grande partie en plus de nos propres streams. Entre le concert retransmis, les plateaux, les quiz et les centaines de streams, chacun a un r\u00f4le pr\u00e9cis. Les participants am\u00e8nent parfois leurs propres \u00e9quipes pour concr\u00e9tiser leurs id\u00e9es, et m\u00eame si c\u2019est complexe, on arrive toujours \u00e0 tout imbriquer.<\/p>\n","protected":false},"excerpt":{"rendered":"Depuis 2024, vous avez adopt\u00e9 un format hybride avec une participation \u00e0 distance. Pourquoi ce choix et comment&hellip;\n","protected":false},"author":2,"featured_media":365048,"comment_status":"","ping_status":"","sticky":false,"template":"","format":"standard","meta":{"footnotes":""},"categories":[9599],"tags":[1111,11,1777,674,1011,27,2208,12,2680,25],"class_list":{"0":"post-365047","1":"post","2":"type-post","3":"status-publish","4":"format-standard","5":"has-post-thumbnail","7":"category-montpellier","8":"tag-actu","9":"tag-actualites","10":"tag-eu","11":"tag-europe","12":"tag-fr","13":"tag-france","14":"tag-montpellier","15":"tag-news","16":"tag-occitanie","17":"tag-republique-francaise"},"share_on_mastodon":{"url":"https:\/\/pubeurope.com\/@fr\/115144627866823001","error":""},"_links":{"self":[{"href":"https:\/\/www.europesays.com\/fr\/wp-json\/wp\/v2\/posts\/365047","targetHints":{"allow":["GET"]}}],"collection":[{"href":"https:\/\/www.europesays.com\/fr\/wp-json\/wp\/v2\/posts"}],"about":[{"href":"https:\/\/www.europesays.com\/fr\/wp-json\/wp\/v2\/types\/post"}],"author":[{"embeddable":true,"href":"https:\/\/www.europesays.com\/fr\/wp-json\/wp\/v2\/users\/2"}],"replies":[{"embeddable":true,"href":"https:\/\/www.europesays.com\/fr\/wp-json\/wp\/v2\/comments?post=365047"}],"version-history":[{"count":0,"href":"https:\/\/www.europesays.com\/fr\/wp-json\/wp\/v2\/posts\/365047\/revisions"}],"wp:featuredmedia":[{"embeddable":true,"href":"https:\/\/www.europesays.com\/fr\/wp-json\/wp\/v2\/media\/365048"}],"wp:attachment":[{"href":"https:\/\/www.europesays.com\/fr\/wp-json\/wp\/v2\/media?parent=365047"}],"wp:term":[{"taxonomy":"category","embeddable":true,"href":"https:\/\/www.europesays.com\/fr\/wp-json\/wp\/v2\/categories?post=365047"},{"taxonomy":"post_tag","embeddable":true,"href":"https:\/\/www.europesays.com\/fr\/wp-json\/wp\/v2\/tags?post=365047"}],"curies":[{"name":"wp","href":"https:\/\/api.w.org\/{rel}","templated":true}]}}