{"id":365049,"date":"2025-09-04T06:32:14","date_gmt":"2025-09-04T06:32:14","guid":{"rendered":"https:\/\/www.europesays.com\/fr\/365049\/"},"modified":"2025-09-04T06:32:14","modified_gmt":"2025-09-04T06:32:14","slug":"sortir-a-montpellier-not-today-festival-automnales-vie-en-rose-des-idees-pour-ce-vendredi-5-septembre","status":"publish","type":"post","link":"https:\/\/www.europesays.com\/fr\/365049\/","title":{"rendered":"Sortir \u00e0 Montpellier\u00a0: Not Today festival, Automnales, vie en rose\u2026 des id\u00e9es pour ce vendredi 5\u00a0septembre"},"content":{"rendered":"<p>\n                                                                Du jardin de la Reine au jardin des plantes, Not Today Festival \u00e0 Grammont, Automnales \u00e0 Palavas, La vie en rose au Jost, premier \u00e9pisode de \u00ab\u00a0Terminal\u00a0\u00bb en avant-premi\u00e8re dans les cin\u00e9mas Path\u00e9, vendredi de l\u2019Op\u00e9ra \u00e0 Panorama ou \u00ab\u00a0A l\u2019ombre du pacte\u00a0\u00bb au th\u00e9\u00e2tre Carr\u00e9 Rondelet.\n                            <\/p>\n<p>D\u00e9couvrez notre s\u00e9lection de sorties pour ce vendredi 5\u00a0septembre du c\u00f4t\u00e9 de <a href=\"https:\/\/www.midilibre.fr\/herault\/montpellier\/\" target=\"_blank\" rel=\"nofollow noopener\">Montpellier<\/a> et faites le plein d\u2019id\u00e9es avec <a href=\"https:\/\/www.midilibre.fr\/agenda\/?path=&amp;q=&amp;where=herault%3Amontpellier&amp;insee=34172&amp;from=2025-09-05&amp;to=2025-09-05&amp;agendapg=16#3734382\" target=\"_blank\" rel=\"nofollow noopener\">notre agenda en ligne<\/a>.<\/p>\n<p>Du jardin de la Reine au jardin des plantes<\/p>\n<p><strong>Visite guid\u00e9e.<\/strong>\u00a0Poussez les portes des espaces confidentiels du plus ancien jardin botanique de France, cr\u00e9\u00e9 en 1593 par Richer de Belleval. La visite vous m\u00e8nera tour \u00e0 tour au tr\u00e8s secret jardin de la Reine, ancien jardin de Marie de Montpellier, Reine d\u2019Aragon, puis au jardin des Plantes. R\u00e9servation obligatoire.<\/p>\n<p>&gt;\u00a0Ce vendredi 5\u00a0septembre de 15\u00a0h \u00e0 17\u00a0heures au d\u00e9part de l\u2019entr\u00e9e du jardin de la Reine, rue du Jardin de la Reine \u00e0 Montpellier. Plein tarif 12\u00a0\u20ac, tarif r\u00e9duit 10\u00a0\u20ac, sur r\u00e9servation aupr\u00e8s de l<a href=\"https:\/\/www.montpellier-tourisme.fr\/agenda\/tout-l-agenda\/du-jardin-de-la-reine-au-jardin-des-plantes-montpellier-fr-5760602\/\" target=\"_blank\" rel=\"nofollow noopener\">\u2019office de tourisme<\/a> de Montpellier. Contact au 04\u00a067\u00a060\u00a060\u00a060.<\/p>\n<p>Not Today Festival<\/p>\n<p><strong>Musique.<\/strong> C\u00f4t\u00e9 artistes\u00a0: L\u2019entourloop, Hugo TSR, Ta\u00efro, Jahneration, Jyeuhair, La p\u2019tite fum\u00e9e, KT Gorique, Rakoon, Sk\u00f6ne, Omaks, Teksa, Kodaman, Len Faki, Estella Boersma, Koboyo, Kiddy Smile, S\u0153urs Malsaines, Nuit brune\u2026 et bien d\u2019autres. Carte blanche \u00e0 des collectifs et crews comme Montpellier Techno, Pinata Radio, Folle de Rage, Gar\u00e7on Sauvage. Trois sc\u00e8nes\u00a0: live, \u00e9lectronique, locale. Animations d\u00e9jant\u00e9es.<\/p>\n<p>&gt;\u00a0Ce\u00a0vendredi\u00a05 et\u00a0samedi 6\u00a0septembre de 15\u00a0h\u00a015 \u00e0 2\u00a0heures, dimanche 7\u00a0septembre de 14\u00a0h\u00a015 \u00e0 1 heure au domaine de Grammont, 2733 avenue Albert Einstein \u00e0 Montpellier. De 44 \u00e0 49\u00a0\u20ac pour un jour, de 88 \u00e0 92\u00a0\u20ac pour deux jours, 136\u00a0\u20ac pass trois jours, <a href=\"https:\/\/shotgun.live\/fr\/festivals\/not-today-festival-2025\" target=\"_blank\" rel=\"nofollow noopener\">billetterie en ligne<\/a>.<\/p>\n<p>Les Automnales<\/p>\n<p>        <img decoding=\"async\" class=\"std-img__img responsive-img\" src=\"https:\/\/www.europesays.com\/fr\/wp-content\/uploads\/2025\/09\/1756967533_229_image.jpg\" alt=\"Plus de 600 personnes \u00e9taient venues l\u2019ann\u00e9e derni\u00e8re lors de la 1re \u00e9dition des Automnales.\"\/><\/p>\n<p>                Plus de 600 personnes \u00e9taient venues l\u2019ann\u00e9e derni\u00e8re lors de la 1re \u00e9dition des Automnales.<br \/>\n                                    D.R.<\/p>\n<p><strong>Soir\u00e9e vigneronne. <\/strong>Des stands de producteurs et d\u2019artisans locaux, des animations, des expositions, une ambiance musicale\u2026 C\u2019est l\u2019occasion de d\u00e9couvrir et d\u00e9guster les produits et vins du terroir. \u00c0 18\u00a0heures, spectacle musical destin\u00e9 au jeune public par la Compagnie du Z\u00e9zargo\u00a0: \u00ab\u00a0Les radis, \u00e7a compte pas pour du beurre\u00a0!\u00a0\u00bb<\/p>\n<p>&gt;\u00a0Ce\u00a0vendredi 5\u00a0septembre\u00a0\u00e0 partir de 19\u00a0heures au parc du Levant \u00e0 <a href=\"https:\/\/www.midilibre.fr\/herault\/palavas-les-flots\/\" target=\"_blank\" rel=\"nofollow noopener\">Palavas-les-Flots<\/a>. Entr\u00e9e libre.<\/p>\n<p>La vie en rose<\/p>\n<p>        <img decoding=\"async\" class=\"std-img__img responsive-img\" src=\"https:\/\/www.europesays.com\/fr\/wp-content\/uploads\/2025\/09\/1756967534_331_image.jpg\" alt=\"Un \u00e9v\u00e9nement pour d\u00e9buter le mois en douceur.\"\/><\/p>\n<p>                Un \u00e9v\u00e9nement pour d\u00e9buter le mois en douceur.<br \/>\n                                    D.R.<\/p>\n<p><strong>Bars et clubs.<\/strong>\u00a0Un vendredi tout en douceur\u00a0: dress code rose, cocktails color\u00e9s, antipasti et set chill de DJ La Chica.<\/p>\n<p>&gt;\u00a0Ce vendredi 5\u00a0septembre \u00e0 partir de 19\u00a0h\u00a030 au\u00a0<a href=\"https:\/\/www.facebook.com\/events\/748424781410043\/?acontext=%7B%22event_action_history%22%3A%5B%7B%22surface%22%3A%22external_search_engine%22%7D%2C%7B%22mechanism%22%3A%22attachment%22%2C%22surface%22%3A%22newsfeed%22%7D%5D%2C%22ref_notif_type%22%3Anull%7D\" target=\"_blank\" rel=\"nofollow noopener\">JOST<\/a>, 50 rue Isabelle-Eberhardt \u00e0\u00a0Montpellier. Entr\u00e9e libre.<\/p>\n<p>S\u00e9ance sp\u00e9ciale\u00a0: \u00ab\u00a0Terminal\u00a0\u00bb<\/p>\n<p><strong>S\u00e9rie.<\/strong> Documentaire (1h45) de Skudy, Yann Corni\u00e8res. 16 cr\u00e9ateurs de contenu, organis\u00e9s en 8 duos, sont myst\u00e9rieusement invit\u00e9s dans un a\u00e9roport abandonn\u00e9 pour participer \u00e0 la plus grande chasse \u00e0 l\u2019homme jamais film\u00e9e. Pendant 48\u00a0heures, ils devront survivre face aux trackeurs, dirig\u00e9s par un myst\u00e9rieux \u00ab\u00a0Ma\u00eetre du Jeu\u00a0\u00bb dont l\u2019identit\u00e9 restera secr\u00e8te. Le premier \u00e9pisode de cette s\u00e9rie est \u00e0 d\u00e9couvrir en avant-premi\u00e8re au cin\u00e9ma.<\/p>\n<p>&gt;\u00a0Ce vendredi 5\u00a0septembre\u00a0\u00e0 19\u00a0h\u00a030 au <a href=\"https:\/\/www.pathe.fr\/cinemas\/cinema-pathe-odysseum\" target=\"_blank\" rel=\"nofollow noopener\">cin\u00e9ma Path\u00e9 Odysseum<\/a> (tarif normal 15,60\u00a0\u20ac), 235 rue Georges M\u00e9li\u00e8s, et au<a href=\"https:\/\/www.pathe.fr\/cinemas\/cinema-pathe-comedie\" target=\"_blank\" rel=\"nofollow noopener\"> cin\u00e9ma Path\u00e9 Com\u00e9die<\/a> (tarif normal 9,90\u00a0\u20ac), 10 place de la Com\u00e9die, \u00e0 Montpellier.<\/p>\n<p>Les vendredis de l\u2019Op\u00e9ra<\/p>\n<p><strong>Concert<\/strong>. Le violoncelle, par son timbre riche, son vibrato qui fait vivre le son, et son velout\u00e9 sonore sans pareil, est l\u2019instrument dont on dit qu\u2019il se rapproche le plus de la voix humaine. C\u2019est donc tout naturellement que la voix du violoncelle de Cyrille Tricoire de Haro, violoncelliste supersoliste de l\u2019Orchestre national Montpellier, dialogue avec celle de la soprano Hwanyoo Lee, dans ce programme foisonnant et \u00e9clectique.<\/p>\n<p>&gt;\u00a0Ce\u00a0vendredi 5\u00a0septembre \u00e0\u00a020\u00a0h\u00a030 \u00e0 <a href=\"https:\/\/panorama.coop\/agenda\" target=\"_blank\" rel=\"nofollow noopener\">Panorama<\/a>, sur le toit du Corum \u00e0 Montpellier. Gratuit, entr\u00e9e libre.<\/p>\n<p>\u00c0 l\u2019ombre du pacte<\/p>\n<p>        <img decoding=\"async\" class=\"std-img__img responsive-img\" src=\"https:\/\/www.europesays.com\/fr\/wp-content\/uploads\/2025\/09\/1756967534_284_image.jpg\" alt=\"Une pi\u00e8ce \u00e9crite par Isabelle Henry.\"\/><\/p>\n<p>                Une pi\u00e8ce \u00e9crite par Isabelle Henry.<\/p>\n<p><strong>Th\u00e9\u00e2tre.<\/strong> \u00ab\u00a0\u00c0 l\u2019ombre du pacte\u00a0\u00bb, c\u2019est l\u2019histoire d\u2019un secret de famille gard\u00e9 trop longtemps. Un pacte. Un mensonge, fait par amour, qui peu \u00e0 peu devient une v\u00e9rit\u00e9. Une m\u00e8re qui s\u2019y accroche. Une fille qui d\u00e9couvre, un jour, que toute sa vie repose sur ce silence. \u00c0 travers ce huis clos intimiste, la pi\u00e8ce explore les liens familiaux, les promesses qu\u2019on croit faire pour prot\u00e9ger les autres et peut-\u00eatre aussi, pour se pr\u00e9server soi-m\u00eame.<\/p>\n<p>&gt;\u00a0Ce\u00a0vendredi\u00a05 et samedi 6\u00a0septembre \u00e0 20\u00a0h\u00a030 au <a href=\"https:\/\/carrerondelet.fr\/\" target=\"_blank\" rel=\"nofollow noopener\">Carr\u00e9 Rondelet<\/a>, 14 rue de Belfort \u00e0 Montpellier. Plein tarif 16,45\u00a0\u20ac, tarif r\u00e9duit 14,43\u00a0\u20ac. Contact au\u00a006\u00a067\u00a097\u00a067\u00a032.<\/p>\n","protected":false},"excerpt":{"rendered":"Du jardin de la Reine au jardin des plantes, Not Today Festival \u00e0 Grammont, Automnales \u00e0 Palavas, La&hellip;\n","protected":false},"author":2,"featured_media":365050,"comment_status":"","ping_status":"","sticky":false,"template":"","format":"standard","meta":{"footnotes":""},"categories":[9599],"tags":[1111,11,1777,674,1011,27,2208,12,2680,25],"class_list":{"0":"post-365049","1":"post","2":"type-post","3":"status-publish","4":"format-standard","5":"has-post-thumbnail","7":"category-montpellier","8":"tag-actu","9":"tag-actualites","10":"tag-eu","11":"tag-europe","12":"tag-fr","13":"tag-france","14":"tag-montpellier","15":"tag-news","16":"tag-occitanie","17":"tag-republique-francaise"},"share_on_mastodon":{"url":"https:\/\/pubeurope.com\/@fr\/115144631863416621","error":""},"_links":{"self":[{"href":"https:\/\/www.europesays.com\/fr\/wp-json\/wp\/v2\/posts\/365049","targetHints":{"allow":["GET"]}}],"collection":[{"href":"https:\/\/www.europesays.com\/fr\/wp-json\/wp\/v2\/posts"}],"about":[{"href":"https:\/\/www.europesays.com\/fr\/wp-json\/wp\/v2\/types\/post"}],"author":[{"embeddable":true,"href":"https:\/\/www.europesays.com\/fr\/wp-json\/wp\/v2\/users\/2"}],"replies":[{"embeddable":true,"href":"https:\/\/www.europesays.com\/fr\/wp-json\/wp\/v2\/comments?post=365049"}],"version-history":[{"count":0,"href":"https:\/\/www.europesays.com\/fr\/wp-json\/wp\/v2\/posts\/365049\/revisions"}],"wp:featuredmedia":[{"embeddable":true,"href":"https:\/\/www.europesays.com\/fr\/wp-json\/wp\/v2\/media\/365050"}],"wp:attachment":[{"href":"https:\/\/www.europesays.com\/fr\/wp-json\/wp\/v2\/media?parent=365049"}],"wp:term":[{"taxonomy":"category","embeddable":true,"href":"https:\/\/www.europesays.com\/fr\/wp-json\/wp\/v2\/categories?post=365049"},{"taxonomy":"post_tag","embeddable":true,"href":"https:\/\/www.europesays.com\/fr\/wp-json\/wp\/v2\/tags?post=365049"}],"curies":[{"name":"wp","href":"https:\/\/api.w.org\/{rel}","templated":true}]}}