{"id":365051,"date":"2025-09-04T06:37:12","date_gmt":"2025-09-04T06:37:12","guid":{"rendered":"https:\/\/www.europesays.com\/fr\/365051\/"},"modified":"2025-09-04T06:37:12","modified_gmt":"2025-09-04T06:37:12","slug":"des-etudiants-font-la-rentree-dans-une-nouvelle-residence-crous-pres-de-grenoble","status":"publish","type":"post","link":"https:\/\/www.europesays.com\/fr\/365051\/","title":{"rendered":"Des \u00e9tudiants font la rentr\u00e9e dans une nouvelle r\u00e9sidence Crous pr\u00e8s de Grenoble"},"content":{"rendered":"<p>Elle vient d\u2019\u00eatre livr\u00e9e, en ce d\u00e9but d\u2019ann\u00e9e scolaire, pour accueillir les \u00e9tudiants au c\u0153ur du campus de Saint-Martin-d\u2019H\u00e8res.<\/p>\n<p>&gt;Des \u00e9tudiants viennent d\u2019emm\u00e9nager, ce 1er\u00a0septembre, dans de nouveaux immeubles du Crous. Au c\u0153ur du campus de Saint-Martin-d\u2019H\u00e8res, la r\u00e9sidence Jos\u00e9phine Baker peut accueillir 530\u00a0personnes, dans 506\u00a0logements pour \u00e9tudiants et un logement de fonction. Le nouveau directeur du Crous Grenoble Alpes, Boris Targe, a appr\u00e9ci\u00e9 \u00ab\u00a0ce magnifique projet\u00a0\u00bb lors de sa r\u00e9ception, le 26\u00a0ao\u00fbt. <\/p>\n<p><img fetchpriority=\"high\" decoding=\"async\" width=\"1024\" height=\"769\" src=\"https:\/\/www.europesays.com\/fr\/wp-content\/uploads\/2025\/09\/crous-grenoble5-2-1024x769.jpg\" alt=\"\" class=\"wp-image-4710937\"  \/><\/p>\n<p>Les deux b\u00e2timents, implant\u00e9s en L invers\u00e9, se fondent dans le campus avec leur architecture en ossature bois et en b\u00e9ton. La surface est de 10\u00a0942\u00a0m2, pour un co\u00fbt de 37,6\u00a0millions d\u2019euros. Les \u00e9l\u00e9ments paysagers seront plant\u00e9s en octobre. La Soci\u00e9t\u00e9 Dauphinoise pour l\u2019Habitat (SDH), bailleur is\u00e9rois et filiale du groupe Action Logement, a notamment assur\u00e9 le financement et la ma\u00eetrise d\u2019ouvrage du projet.<\/p>\n<p>Pour les alternants<\/p>\n<p>La SDH a travaill\u00e9 avec plusieurs partenaires, dont l\u2019Atelier M\u00e9tis install\u00e9 \u00e0 Grenoble\u00a0: \u00ab\u00a0Le gros d\u00e9fi, c\u2019\u00e9tait le timing\u00a0\u00bb, affirme l\u2019architecte Marie-Pierre Blampey. Alors, pour gagner du temps, des \u00e9l\u00e9ments sont arriv\u00e9s pr\u00e9fabriqu\u00e9s, comme les salles de bains, ou encore les fa\u00e7ades en ossature bois. \u00c0 l\u2019int\u00e9rieur des b\u00e2timents, comme un clin d\u2019\u0153il \u00e0 la situation g\u00e9ographique de la capitale des Alpes, des montagnes ont \u00e9t\u00e9 dessin\u00e9es sur les murs, les portes des logements et les plinthes. Des brasseurs d\u2019air ont \u00e9t\u00e9 install\u00e9s au plafond des logements et des espaces communs. Dans l\u2019un des deux b\u00e2timents, on trouve une salle de sport et une laverie. Des espaces de coworking ont aussi \u00e9t\u00e9 am\u00e9nag\u00e9s, ainsi que des locaux pour les v\u00e9los. Une partie des appartements ont \u00e9t\u00e9 attribu\u00e9s aux \u00e9tudiants en alternance\u00a0: \u00ab\u00a0Les logements vont pouvoir changer d\u2019occupants chaque semaine\u00a0\u00bb, pr\u00e9cise Boris Targe. <\/p>\n<p><img loading=\"lazy\" decoding=\"async\" width=\"1024\" height=\"769\" src=\"https:\/\/www.europesays.com\/fr\/wp-content\/uploads\/2025\/09\/crous-grenoble4-2-1024x769.jpg\" alt=\"\" class=\"wp-image-4710938\"  \/><\/p>\n<p>Pour cette rentr\u00e9e 2025, le Crous dispose d\u2019une offre de logements de 4\u00a0170\u00a0places sur le campus de Saint-Martin-d\u2019H\u00e8res. Au total, l\u2019agglom\u00e9ration grenobloise en compte 6\u00a0758. \u00c0 noter qu\u2019une cinquantaine de places devraient se lib\u00e9rer dans le courant du mois de septembre. Les \u00e9tudiants peuvent consulter r\u00e9guli\u00e8rement le site internet du Crous. \u00ab\u00a0Premier arriv\u00e9, premier servi\u00a0\u00bb, souligne Boris Targe. Au niveau du loyer, il assure que la hausse sera \u00ab\u00a0de moins d\u20191\u00a0%\u00a0\u00bb. L\u2019Union nationale des \u00e9tudiants de France (Unef) a d\u00e9voil\u00e9 mi-ao\u00fbt une enqu\u00eate sur le co\u00fbt de la vie \u00e9tudiante. Elle y \u00e9crit que \u00ab\u00a0la ville de Grenoble enregistre une augmentation du co\u00fbt de la vie \u00e9tudiante de 6,75\u00a0%. Cette augmentation est due encore une fois \u00e0 une augmentation des loyers de 4,02\u00a0%\u00a0\u00bb. Grenoble arrive 24e\u00a0du co\u00fbt mensuel, et 10e\u00a0de la plus forte \u00e9volution du loyer.<\/p>\n","protected":false},"excerpt":{"rendered":"Elle vient d\u2019\u00eatre livr\u00e9e, en ce d\u00e9but d\u2019ann\u00e9e scolaire, pour accueillir les \u00e9tudiants au c\u0153ur du campus de&hellip;\n","protected":false},"author":2,"featured_media":365052,"comment_status":"","ping_status":"","sticky":false,"template":"","format":"standard","meta":{"footnotes":""},"categories":[9566],"tags":[1111,11,2430,1777,674,1011,27,2731,12,25],"class_list":{"0":"post-365051","1":"post","2":"type-post","3":"status-publish","4":"format-standard","5":"has-post-thumbnail","7":"category-grenoble","8":"tag-actu","9":"tag-actualites","10":"tag-auvergne-rhone-alpes","11":"tag-eu","12":"tag-europe","13":"tag-fr","14":"tag-france","15":"tag-grenoble","16":"tag-news","17":"tag-republique-francaise"},"share_on_mastodon":{"url":"https:\/\/pubeurope.com\/@fr\/115144651249615440","error":""},"_links":{"self":[{"href":"https:\/\/www.europesays.com\/fr\/wp-json\/wp\/v2\/posts\/365051","targetHints":{"allow":["GET"]}}],"collection":[{"href":"https:\/\/www.europesays.com\/fr\/wp-json\/wp\/v2\/posts"}],"about":[{"href":"https:\/\/www.europesays.com\/fr\/wp-json\/wp\/v2\/types\/post"}],"author":[{"embeddable":true,"href":"https:\/\/www.europesays.com\/fr\/wp-json\/wp\/v2\/users\/2"}],"replies":[{"embeddable":true,"href":"https:\/\/www.europesays.com\/fr\/wp-json\/wp\/v2\/comments?post=365051"}],"version-history":[{"count":0,"href":"https:\/\/www.europesays.com\/fr\/wp-json\/wp\/v2\/posts\/365051\/revisions"}],"wp:featuredmedia":[{"embeddable":true,"href":"https:\/\/www.europesays.com\/fr\/wp-json\/wp\/v2\/media\/365052"}],"wp:attachment":[{"href":"https:\/\/www.europesays.com\/fr\/wp-json\/wp\/v2\/media?parent=365051"}],"wp:term":[{"taxonomy":"category","embeddable":true,"href":"https:\/\/www.europesays.com\/fr\/wp-json\/wp\/v2\/categories?post=365051"},{"taxonomy":"post_tag","embeddable":true,"href":"https:\/\/www.europesays.com\/fr\/wp-json\/wp\/v2\/tags?post=365051"}],"curies":[{"name":"wp","href":"https:\/\/api.w.org\/{rel}","templated":true}]}}