{"id":365053,"date":"2025-09-04T06:38:18","date_gmt":"2025-09-04T06:38:18","guid":{"rendered":"https:\/\/www.europesays.com\/fr\/365053\/"},"modified":"2025-09-04T06:38:18","modified_gmt":"2025-09-04T06:38:18","slug":"vannes-doit-lancer-sa-saison-grenoble-et-colomiers-pour-confirmer","status":"publish","type":"post","link":"https:\/\/www.europesays.com\/fr\/365053\/","title":{"rendered":"Vannes doit lancer sa saison, Grenoble et Colomiers pour confirmer"},"content":{"rendered":"<p>Ce jeudi d\u00e9bute la deuxi\u00e8me journ\u00e9e de Pro D2 avec Colomiers qui accueille Biarritz. Vannes devra lancer sa saison vendredi avec la r\u00e9ception de Soyaux-Angoul\u00eame.<\/p>\n<p class=\"fig-paragraph\"><a href=\"http:\/\/www.lefigaro.fr\/sports\/rugby\/pro-d2-brive-et-vannes-se-neutralisent-en-cloture-de-la-1re-journee-20250831\" data-fig-type=\"NewsFlash\" data-gtm-custom-categorie=\"navigation\" data-gtm-custom-action=\"crossclick\" data-gtm-custom-label=\"Contextuel\" data-gtm-event=\"customEventSPE\" data-fig-domain=\"LEFIGARO\" target=\"_blank\" rel=\"noopener\">Vannes<\/a>\u00a0va tenter d&rsquo;aller chercher sa premi\u00e8re victoire de la saison vendredi en cl\u00f4ture de la deuxi\u00e8me journ\u00e9e de Pro D2, o\u00f9 Grenoble et Colomiers ont l&rsquo;occasion de confirmer leur premi\u00e8re victoire \u00e0 l&rsquo;ext\u00e9rieur.<\/p>\n<p class=\"fig-paragraph\">Les Bretons,\u00a0<a href=\"http:\/\/www.lefigaro.fr\/sports\/rugby\/top-14\/top-14-un-toulouse-record-bielle-biarrey-sur-le-fil-vannes-trop-friable-la-saison-reguliere-en-chiffres-20250609\" data-fig-type=\"NewsFlash\" data-gtm-custom-categorie=\"navigation\" data-gtm-custom-action=\"crossclick\" data-gtm-custom-label=\"Contextuel\" data-gtm-event=\"customEventSPE\" data-fig-domain=\"LEFIGARO\" target=\"_blank\" rel=\"noopener\">rel\u00e9gu\u00e9s de Top 14<\/a>\u00a0la saison pass\u00e9e et favoris \u00e0 la remont\u00e9e, ont ramen\u00e9 les deux points du match nul \u00e0 Brive (30-30), deuxi\u00e8me la saison pass\u00e9e et concurrent aux premi\u00e8res places. Pour leur retour \u00e0 La Rabine, ils affrontent\u00a0<a href=\"http:\/\/www.lefigaro.fr\/sports\/rugby\/top-14\/barrages-pro-d2-provence-rugby-se-defait-de-soyaux-angouleme-et-affrontera-grenoble-en-demi-finale-20250522\" data-fig-type=\"NewsFlash\" data-gtm-custom-categorie=\"navigation\" data-gtm-custom-action=\"crossclick\" data-gtm-custom-label=\"Contextuel\" data-gtm-event=\"customEventSPE\" data-fig-domain=\"LEFIGARO\" target=\"_blank\" rel=\"noopener\">Soyaux-Angoul\u00eame<\/a>\u00a0qui a connu les phases finales pour la premi\u00e8re fois de son histoire la saison pass\u00e9e, et qui a remport\u00e9 son premier match contre Provence Rugby (28-25).<\/p>\n<p>                                    <a class=\"fig-a11y-skip a11y-hidden\" href=\"#fig-a11y-skip-main-inarticle\"><br \/>\n        Passer la publicit\u00e9<br \/>\n    <\/a><\/p>\n<p class=\"fig-paragraph\">Une victoire leur est n\u00e9cessaire pour ne pas voir filer le premier wagon de t\u00eate. Finaliste malheureux la saison pass\u00e9e, Grenoble a commenc\u00e9 fort en allant s&rsquo;imposer apr\u00e8s la sir\u00e8ne \u00e0 Oyonnax (30-28). Colomiers, autre \u00e9quipe qui a fini dans le haut du panier la saison pass\u00e9e, a aussi l&rsquo;occasion de faire la passe de deux en recevant Biarritz en ouverture de cette journ\u00e9e jeudi, apr\u00e8s sa victoire \u00e0 Mont-de-Marsan (24-20) lors de la premi\u00e8re journ\u00e9e.<\/p>\n<p class=\"fig-paragraph\">Biarritz, \u00e9galement vainqueur lors de la premi\u00e8re journ\u00e9e, contre B\u00e9ziers, ne compte cependant que deux unit\u00e9s en raison d&rsquo;une sanction extra-sportive lui ayant fait commencer la saison avec un handicap de trois points. Dans le bas du tableau, apr\u00e8s leur lourde d\u00e9faite \u00e0 l&rsquo;ext\u00e9rieur lors de la premi\u00e8re journ\u00e9e, Agen, avant-dernier la saison pass\u00e9e et Carcassonne, promu, vont tenter de lancer leur saison contre respectivement Oyonnax et Mont-de-Marsan.<\/p>\n<p>Programme de la 2e journ\u00e9e\u00a0:<\/p>\n<p class=\"fig-paragraph\"><strong>Jeudi<\/strong><\/p>\n<p class=\"fig-paragraph\">(21h00) Colomiers &#8211; Biarritz<\/p>\n<p class=\"fig-paragraph\"><strong>Vendredi<\/strong><\/p>\n<p>                                    <a class=\"fig-a11y-skip a11y-hidden\" href=\"#fig-a11y-skip-main-inarticle_mtf\"><br \/>\n        Passer la publicit\u00e9<br \/>\n    <\/a><\/p>\n<p class=\"fig-paragraph\">(19h00) Carcassonne &#8211; Oyonnax<\/p>\n<p class=\"fig-paragraph\">(19h30) B\u00e9ziers &#8211; Nevers<\/p>\n<p class=\"fig-paragraph\">Grenoble &#8211; Aurillac<\/p>\n<p class=\"fig-paragraph\">Provence Rugby &#8211; Valence-Romans<\/p>\n<p class=\"fig-paragraph\">Agen &#8211; Mont-de-Marsan<\/p>\n<p>                                    <a class=\"fig-a11y-skip a11y-hidden\" href=\"#fig-a11y-skip-main-inarticle_btf\"><br \/>\n        Passer la publicit\u00e9<br \/>\n    <\/a><\/p>\n<p class=\"fig-paragraph\">Dax &#8211; Brive<\/p>\n<p class=\"fig-paragraph\">(21h00) Vannes &#8211; Soyaux-Angoul\u00eame<\/p>\n","protected":false},"excerpt":{"rendered":"Ce jeudi d\u00e9bute la deuxi\u00e8me journ\u00e9e de Pro D2 avec Colomiers qui accueille Biarritz. Vannes devra lancer sa&hellip;\n","protected":false},"author":2,"featured_media":365054,"comment_status":"","ping_status":"","sticky":false,"template":"","format":"standard","meta":{"footnotes":""},"categories":[9566],"tags":[1111,11,2430,1777,674,1011,27,2731,12,2308,3164,25],"class_list":{"0":"post-365053","1":"post","2":"type-post","3":"status-publish","4":"format-standard","5":"has-post-thumbnail","7":"category-grenoble","8":"tag-actu","9":"tag-actualites","10":"tag-auvergne-rhone-alpes","11":"tag-eu","12":"tag-europe","13":"tag-fr","14":"tag-france","15":"tag-grenoble","16":"tag-news","17":"tag-pro-d2","18":"tag-rc-vannes","19":"tag-republique-francaise"},"share_on_mastodon":{"url":"https:\/\/pubeurope.com\/@fr\/115144655079194998","error":""},"_links":{"self":[{"href":"https:\/\/www.europesays.com\/fr\/wp-json\/wp\/v2\/posts\/365053","targetHints":{"allow":["GET"]}}],"collection":[{"href":"https:\/\/www.europesays.com\/fr\/wp-json\/wp\/v2\/posts"}],"about":[{"href":"https:\/\/www.europesays.com\/fr\/wp-json\/wp\/v2\/types\/post"}],"author":[{"embeddable":true,"href":"https:\/\/www.europesays.com\/fr\/wp-json\/wp\/v2\/users\/2"}],"replies":[{"embeddable":true,"href":"https:\/\/www.europesays.com\/fr\/wp-json\/wp\/v2\/comments?post=365053"}],"version-history":[{"count":0,"href":"https:\/\/www.europesays.com\/fr\/wp-json\/wp\/v2\/posts\/365053\/revisions"}],"wp:featuredmedia":[{"embeddable":true,"href":"https:\/\/www.europesays.com\/fr\/wp-json\/wp\/v2\/media\/365054"}],"wp:attachment":[{"href":"https:\/\/www.europesays.com\/fr\/wp-json\/wp\/v2\/media?parent=365053"}],"wp:term":[{"taxonomy":"category","embeddable":true,"href":"https:\/\/www.europesays.com\/fr\/wp-json\/wp\/v2\/categories?post=365053"},{"taxonomy":"post_tag","embeddable":true,"href":"https:\/\/www.europesays.com\/fr\/wp-json\/wp\/v2\/tags?post=365053"}],"curies":[{"name":"wp","href":"https:\/\/api.w.org\/{rel}","templated":true}]}}