{"id":365055,"date":"2025-09-04T06:39:57","date_gmt":"2025-09-04T06:39:57","guid":{"rendered":"https:\/\/www.europesays.com\/fr\/365055\/"},"modified":"2025-09-04T06:39:57","modified_gmt":"2025-09-04T06:39:57","slug":"queven-concert-continuons-de-rever-par-le-banquet-celeste","status":"publish","type":"post","link":"https:\/\/www.europesays.com\/fr\/365055\/","title":{"rendered":"Qu\u00e9ven. Concert Continuons de r\u00eaver\u2026 par Le Banquet C\u00e9leste"},"content":{"rendered":"<p>Escales Baroques est un festival itin\u00e9rant \u00e0 travers toute la Bretagne du 20\u00a0juin au 6\u00a0septembre (6e \u00e9dition). Carole Le Cruguel annonce\u00a0: \u00a0Nous accueillons les musiciennes et les musiciens du Banquet C\u00e9leste pour un concert intitul\u00e9 Continuons de r\u00eaver\u2026 Ils invitent \u00e0 embarquer pour un nouveau p\u00e9riple musical \u00e0 travers l\u2019Europe baroque des XVIIe et XVIIIe\u00a0si\u00e8cles. Trente minutes de musique, de rencontres et d\u2019\u00e9changes pour d\u00e9couvrir des instruments anciens\u00a0: viole de gambe, luth, clavecin, hautbois. L\u2019objectif est de perp\u00e9tuer l\u2019usage de ces instruments.\u00a0<\/p>\n<p>La m\u00e9diath\u00e8que a souhait\u00e9 rajouter un volet p\u00e9dagogique \u00e0 ce concert. \u00a0Vendredi matin, nous avons invit\u00e9 trois classes \u00e0 venir d\u00e9couvrir les instruments. Pour le soir, nous avons choisi 17\u00a0h, afin que les enfants puissent y venir avec leurs parents d\u00e8s la sortie de l\u2019\u00e9cole\u00a0\u00bb, pr\u00e9cise la biblioth\u00e9caire.<\/p>\n<p>Vendredi 5\u00a0septembre, \u00e0 17\u00a0h, \u00e0\u00a0la m\u00e9diath\u00e8que, concert Continuons de r\u00eaver\u2026 par Le Banquet C\u00e9leste. Tout public, entr\u00e9e libre et gratuite, dans la limite des places disponibles. Contact\u00a0: t\u00e9l.\u00a002\u00a097\u00a080\u00a014\u00a020.<\/p>\n<p>\u00a0<\/p>\n","protected":false},"excerpt":{"rendered":"Escales Baroques est un festival itin\u00e9rant \u00e0 travers toute la Bretagne du 20\u00a0juin au 6\u00a0septembre (6e \u00e9dition). Carole&hellip;\n","protected":false},"author":2,"featured_media":365056,"comment_status":"","ping_status":"","sticky":false,"template":"","format":"standard","meta":{"footnotes":""},"categories":[2821],"tags":[1111,11,24842,829,49948,1697,49947,1777,674,1011,27,1781,12,11056,584,25,11945],"class_list":{"0":"post-365055","1":"post","2":"type-post","3":"status-publish","4":"format-standard","5":"has-post-thumbnail","7":"category-rennes","8":"tag-actu","9":"tag-actualites","10":"tag-banquet","11":"tag-bretagne","12":"tag-celeste","13":"tag-concert","14":"tag-continuons","15":"tag-eu","16":"tag-europe","17":"tag-fr","18":"tag-france","19":"tag-lorient","20":"tag-news","21":"tag-queven","22":"tag-rennes","23":"tag-republique-francaise","24":"tag-rever"},"share_on_mastodon":{"url":"https:\/\/pubeurope.com\/@fr\/115144662880454207","error":""},"_links":{"self":[{"href":"https:\/\/www.europesays.com\/fr\/wp-json\/wp\/v2\/posts\/365055","targetHints":{"allow":["GET"]}}],"collection":[{"href":"https:\/\/www.europesays.com\/fr\/wp-json\/wp\/v2\/posts"}],"about":[{"href":"https:\/\/www.europesays.com\/fr\/wp-json\/wp\/v2\/types\/post"}],"author":[{"embeddable":true,"href":"https:\/\/www.europesays.com\/fr\/wp-json\/wp\/v2\/users\/2"}],"replies":[{"embeddable":true,"href":"https:\/\/www.europesays.com\/fr\/wp-json\/wp\/v2\/comments?post=365055"}],"version-history":[{"count":0,"href":"https:\/\/www.europesays.com\/fr\/wp-json\/wp\/v2\/posts\/365055\/revisions"}],"wp:featuredmedia":[{"embeddable":true,"href":"https:\/\/www.europesays.com\/fr\/wp-json\/wp\/v2\/media\/365056"}],"wp:attachment":[{"href":"https:\/\/www.europesays.com\/fr\/wp-json\/wp\/v2\/media?parent=365055"}],"wp:term":[{"taxonomy":"category","embeddable":true,"href":"https:\/\/www.europesays.com\/fr\/wp-json\/wp\/v2\/categories?post=365055"},{"taxonomy":"post_tag","embeddable":true,"href":"https:\/\/www.europesays.com\/fr\/wp-json\/wp\/v2\/tags?post=365055"}],"curies":[{"name":"wp","href":"https:\/\/api.w.org\/{rel}","templated":true}]}}