{"id":365057,"date":"2025-09-04T06:41:34","date_gmt":"2025-09-04T06:41:34","guid":{"rendered":"https:\/\/www.europesays.com\/fr\/365057\/"},"modified":"2025-09-04T06:41:34","modified_gmt":"2025-09-04T06:41:34","slug":"une-prouesse-de-desire-offre-de-belles-perspectives-davenir-au-srfc","status":"publish","type":"post","link":"https:\/\/www.europesays.com\/fr\/365057\/","title":{"rendered":"Une prouesse de D\u00e9sir\u00e9 offre de belles perspectives d&rsquo;avenir au SRFC"},"content":{"rendered":"<p>Le Stade Rennais vient de boucler l\u00a0\u00bbun des mercatos les plus spectaculaires de son histoire moderne, orchestrant une transformation radicale de son effectif qui restera grav\u00e9e dans les annales du football fran\u00e7ais. Cette op\u00e9ration d&rsquo;envergure exceptionnelle s&rsquo;est conclue dans les derni\u00e8res heures du march\u00e9 des transferts, avec <strong>26 d\u00e9parts au total<\/strong>, un chiffre qui t\u00e9moigne de l&rsquo;ampleur du chantier entrepris par les dirigeants bretons. La journ\u00e9e du <strong>1er septembre<\/strong> a marqu\u00e9 l&rsquo;apoth\u00e9ose de cette r\u00e9volution, avec la finalisation simultan\u00e9e de l&rsquo;arriv\u00e9e de <strong>Breel Embolo<\/strong> et le d\u00e9part de cinq joueurs suppl\u00e9mentaires. Cette strat\u00e9gie audacieuse refl\u00e8te une volont\u00e9 assum\u00e9e de reconstruction compl\u00e8te, visant \u00e0 optimiser la masse salariale tout en tentant de rentabiliser des investissements pass\u00e9s qui n&rsquo;avaient pas donn\u00e9 les r\u00e9sultats escompt\u00e9s. L&rsquo;ampleur de cette transformation d\u00e9passe largement le cadre d&rsquo;un mercato classique et s&rsquo;apparente davantage \u00e0 une refondation totale de l&rsquo;identit\u00e9 sportive du club.<\/p>\n<p>                                <img decoding=\"async\" src=\"https:\/\/www.europesays.com\/fr\/wp-content\/uploads\/2025\/04\/1744123449_543_logo.png\" alt=\"Logo\"\/><\/p>\n<p>100\u20ac offerts sur ton 1er pari !<\/p>\n<p>                            <a href=\"https:\/\/bit.ly\/4j5wl4k\" class=\"headband-button\" rel=\"nofollow noopener\" target=\"_blank\">J&rsquo;en profite<\/a><\/p>\n<p>                                                                <img loading=\"lazy\" decoding=\"async\" src=\"https:\/\/www.europesays.com\/fr\/wp-content\/uploads\/2025\/09\/mercato-rennes-une-prouesse-de-desire-offre-de-belles-perspectives-d-avenir-au-srfc.jpg\" alt=\"Illustration : &quot;Mercato Rennes : Une prouesse de D\u00e9sir\u00e9 offre de belles perspectives d'avenir au SRFC&quot;\" class=\"figure-img img-fluid\" width=\"780\" height=\"478\"\/><\/p>\n<p>                                    \u00a9 Site officiel du Stade Rennais                                <\/p>\n<p>Les derniers mouvements d&rsquo;un mercato exceptionnel<\/p>\n<p>La derni\u00e8re journ\u00e9e du mercato a \u00e9t\u00e9 particuli\u00e8rement intense pour les dirigeants rennais, qui ont finalis\u00e9 simultan\u00e9ment plusieurs op\u00e9rations complexes. <strong>Mikayil Faye, Fabian Rieder, Jordan James, Ayanda Sishuba et Ibrahim Salah<\/strong> ont tous quitt\u00e9 le club dans cette ultime ligne droite, portant le total des d\u00e9parts \u00e0 un niveau record. Ces cinq mouvements s&rsquo;ajoutent aux <strong>21 d\u00e9parts d\u00e9j\u00e0 enregistr\u00e9s<\/strong> pr\u00e9c\u00e9demment, illustrant la d\u00e9termination du club \u00e0 mener \u00e0 bien sa strat\u00e9gie de d\u00e9graissage massif. Parmi ces transferts, certains rev\u00eatent une dimension particuli\u00e8rement strat\u00e9gique : <strong>Jordan James<\/strong> a \u00e9t\u00e9 pr\u00eat\u00e9 \u00e0 Leicester avec une option d&rsquo;achat \u00e9valu\u00e9e \u00e0 <strong>environ 5 millions d&rsquo;euros<\/strong>, tandis que <strong>Mikayil Faye<\/strong> rejoint Cremonese en Italie dans des conditions similaires pour <strong>environ 10 millions<\/strong>. Ces op\u00e9rations t\u00e9moignent de la complexit\u00e9 de la t\u00e2che pour les dirigeants rennais, contraints de trouver des solutions pour des joueurs souvent acquis \u00e0 prix fort mais n&rsquo;ayant pas r\u00e9pondu aux attentes. La diversit\u00e9 des destinations choisies &#8211; Angleterre, Italie, Allemagne, Suisse et France &#8211; d\u00e9montre l&rsquo;ampleur du travail diplomatique men\u00e9 par le club pour placer ses joueurs exc\u00e9dentaires.<\/p>\n<p>Des ventes strat\u00e9giques pour financer la reconstruction<\/p>\n<p>Parall\u00e8lement \u00e0 ce d\u00e9graissage massif, le Stade Rennais a r\u00e9ussi \u00e0 g\u00e9n\u00e9rer des revenus substantiels gr\u00e2ce \u00e0 plusieurs ventes majeures qui constituent l&rsquo;\u00e9pine dorsale financi\u00e8re de cette reconstruction. Les dirigeants ont ainsi engrang\u00e9 <strong>pr\u00e8s de 90 millions d&rsquo;euros<\/strong>, une somme consid\u00e9rable qui t\u00e9moigne de leur capacit\u00e9 \u00e0 valoriser certains \u00e9l\u00e9ments de leur effectif. <strong>Kalimuendo<\/strong> s&rsquo;est r\u00e9v\u00e9l\u00e9 \u00eatre la vente la plus lucrative avec <strong>un peu plus de 30 millions d&rsquo;euros<\/strong>, confirmant le potentiel commercial du jeune attaquant. Les d\u00e9parts d&rsquo;<strong>Assignon, Truffert et Matusiwa<\/strong> ont \u00e9galement contribu\u00e9 significativement aux finances du club, g\u00e9n\u00e9rant collectivement <strong>entre 30 et 40 millions d&rsquo;euros suppl\u00e9mentaires<\/strong>. Ces op\u00e9rations illustrent la strat\u00e9gie \u00e9quilibr\u00e9e men\u00e9e par les dirigeants, alternant entre d\u00e9graissage n\u00e9cessaire et valorisation d&rsquo;actifs prometteurs. Cependant, certains dossiers demeurent inachev\u00e9s, notamment celui de <strong>Glen Kamara<\/strong>, dont le contrat important n&rsquo;a pas trouv\u00e9 preneur avant la cl\u00f4ture du mercato europ\u00e9en. <strong>Hans Hateboer<\/strong> reste \u00e9galement dans l&rsquo;effectif malgr\u00e9 l&rsquo;int\u00e9r\u00eat manifest\u00e9 par plusieurs clubs italiens, incarnant les derniers vestiges de l&rsquo;\u00e9quipe pr\u00e9c\u00e9dente.<\/p>\n<p>Une transformation radicale aux cons\u00e9quences durables<\/p>\n<p>L&rsquo;ampleur de cette r\u00e9volution se mesure concr\u00e8tement sur le terrain, o\u00f9 la composition de l&rsquo;\u00e9quipe a \u00e9t\u00e9 boulevers\u00e9e de mani\u00e8re spectaculaire. Lors du match du <strong>31 ao\u00fbt \u00e0 Angers<\/strong>, seul <strong>Blas<\/strong> faisait partie de l&rsquo;\u00e9quipe align\u00e9e un an auparavant, illustrant de mani\u00e8re saisissante l&rsquo;ampleur du chantier men\u00e9 par <strong>Arnaud Pouille et Habib Beye<\/strong>. Cette transformation radicale fait suite aux \u00e9victions de <strong>Fr\u00e9d\u00e9ric Massara et Julien St\u00e9phan<\/strong>, marquant une rupture totale avec la philosophie pr\u00e9c\u00e9dente. Des joueurs comme <strong>Christopher Wooh<\/strong> voient d\u00e9sormais leur temps de jeu consid\u00e9rablement r\u00e9duit dans une d\u00e9fense o\u00f9 <strong>Rouault, Jacquet, Brassier, Seidu et Ait Boudlal<\/strong> ont pris les devants. Ce dernier, particuli\u00e8rement appr\u00e9ci\u00e9 par l&rsquo;entra\u00eeneur, symbolise la nouvelle g\u00e9n\u00e9ration sur laquelle mise le club pour l&rsquo;avenir. La prolongation possible du march\u00e9 dans certains pays comme <strong>la Gr\u00e8ce, la Turquie, l&rsquo;Arabie Saoudite ou la Russie<\/strong> jusqu&rsquo;apr\u00e8s le <strong>11 septembre<\/strong> pourrait encore offrir des solutions pour les derniers joueurs en instance de d\u00e9part, t\u00e9moignant que ce chantier colossal n&rsquo;est peut-\u00eatre pas encore totalement achev\u00e9.<\/p>\n<p>Au retour de tr\u00eave internationale, le Stade Rennais re\u00e7oit l\u2019OL pour se racheter apr\u00e8s ses deux contre-performances face \u00e0 Lorient et Angers. \u00c0 cette occasion, profitez de 100\u20ac offerts pour votre premi\u00e8re inscription sur Parions Sport en Ligne. <a href=\"http:\/\/bit.ly\/4hgs1yE\" rel=\"nofollow noopener\" target=\"_blank\"><strong>Une victoire du Stade Rennais face \u00e0 l\u2019OL vous rapporte jusqu\u2019\u00e0 250\u20ac !<\/strong><\/a><\/p>\n<p><strong>Pour en profiter, c\u2019est tr\u00e8s simple :<\/strong><\/p>\n<p>&#8211;                  Cr\u00e9ez votre compte joueur en seulement 2 \u00e9tapes <a href=\"http:\/\/bit.ly\/4hgs1yE\" rel=\"nofollow noopener\" target=\"_blank\"><strong>ici<\/strong><\/a><\/p>\n<p>&#8211;                  R\u00e9alisez votre 1er d\u00e9p\u00f4t puis placez votre 1er pari (Minimum 5\u20ac)<\/p>\n<p>&#8211;                  Une fois votre 1er d\u00e9p\u00f4t et votre 1er pari r\u00e9alis\u00e9s, l\u2019int\u00e9gralit\u00e9 du montant de ce 1er pari sera cr\u00e9dit\u00e9e sur votre compte joueur dans la limite de 100\u20ac maximum et sous la forme de cr\u00e9dits de jeu non retirables. Le cr\u00e9dit s\u2019effectuera alors en une seule \u00e9tape et sous 3 jours<\/p>\n<p>Jouer comporte des risques : endettement, d\u00e9pendance\u2026 Appelez le 09 74 75 13 13 (appel non surtax\u00e9)<\/p>\n","protected":false},"excerpt":{"rendered":"Le Stade Rennais vient de boucler l\u00a0\u00bbun des mercatos les plus spectaculaires de son histoire moderne, orchestrant une&hellip;\n","protected":false},"author":2,"featured_media":365058,"comment_status":"","ping_status":"","sticky":false,"template":"","format":"standard","meta":{"footnotes":""},"categories":[2821],"tags":[1111,11,829,1777,674,1011,27,12,584,25],"class_list":{"0":"post-365057","1":"post","2":"type-post","3":"status-publish","4":"format-standard","5":"has-post-thumbnail","7":"category-rennes","8":"tag-actu","9":"tag-actualites","10":"tag-bretagne","11":"tag-eu","12":"tag-europe","13":"tag-fr","14":"tag-france","15":"tag-news","16":"tag-rennes","17":"tag-republique-francaise"},"share_on_mastodon":{"url":"https:\/\/pubeurope.com\/@fr\/115144667240243922","error":""},"_links":{"self":[{"href":"https:\/\/www.europesays.com\/fr\/wp-json\/wp\/v2\/posts\/365057","targetHints":{"allow":["GET"]}}],"collection":[{"href":"https:\/\/www.europesays.com\/fr\/wp-json\/wp\/v2\/posts"}],"about":[{"href":"https:\/\/www.europesays.com\/fr\/wp-json\/wp\/v2\/types\/post"}],"author":[{"embeddable":true,"href":"https:\/\/www.europesays.com\/fr\/wp-json\/wp\/v2\/users\/2"}],"replies":[{"embeddable":true,"href":"https:\/\/www.europesays.com\/fr\/wp-json\/wp\/v2\/comments?post=365057"}],"version-history":[{"count":0,"href":"https:\/\/www.europesays.com\/fr\/wp-json\/wp\/v2\/posts\/365057\/revisions"}],"wp:featuredmedia":[{"embeddable":true,"href":"https:\/\/www.europesays.com\/fr\/wp-json\/wp\/v2\/media\/365058"}],"wp:attachment":[{"href":"https:\/\/www.europesays.com\/fr\/wp-json\/wp\/v2\/media?parent=365057"}],"wp:term":[{"taxonomy":"category","embeddable":true,"href":"https:\/\/www.europesays.com\/fr\/wp-json\/wp\/v2\/categories?post=365057"},{"taxonomy":"post_tag","embeddable":true,"href":"https:\/\/www.europesays.com\/fr\/wp-json\/wp\/v2\/tags?post=365057"}],"curies":[{"name":"wp","href":"https:\/\/api.w.org\/{rel}","templated":true}]}}