{"id":365059,"date":"2025-09-04T06:42:35","date_gmt":"2025-09-04T06:42:35","guid":{"rendered":"https:\/\/www.europesays.com\/fr\/365059\/"},"modified":"2025-09-04T06:42:35","modified_gmt":"2025-09-04T06:42:35","slug":"trafic-interrompu-sur-la-ligne-kehl-appenweier","status":"publish","type":"post","link":"https:\/\/www.europesays.com\/fr\/365059\/","title":{"rendered":"trafic interrompu sur la ligne Kehl-Appenweier"},"content":{"rendered":"<p>Apr\u00e8s la d\u00e9couverte d\u2019un corps \u00e0 proximit\u00e9 imm\u00e9diate des voies ce mercredi, la ligne ferroviaire Europabahn qui passe \u00e0 Appenweier (arrondissement de l\u2019Ortenau) a \u00e9t\u00e9 ferm\u00e9e pendant plusieurs heures. Selon une porte-parole de la police f\u00e9d\u00e9rale d\u2019Offenbourg, cette ligne est emprunt\u00e9e, entre autres, par les TGV fran\u00e7ais \u00e0 destination de Paris ou de Stuttgart. Selon la Deutsche Bahn, le TGV 9576, qui reliait Munich \u00e0 la gare de l\u2019Est \u00e0 Paris, a \u00e9t\u00e9 d\u00e9vi\u00e9 par Forbach, pr\u00e8s de Sarrebruck.<\/p>\n<p>C\u2019est un employ\u00e9 des chemins de fer qui a signal\u00e9 la pr\u00e9sence d\u2019un corps ce mercredi matin. Il a alert\u00e9 les secours et la police. Des premi\u00e8res investigations, il est ressorti que la cause de la mort n\u2019\u00e9tait pas certaine. Une enqu\u00eate est ouverte afin de d\u00e9terminer s\u2019il s\u2019agit d\u2019un accident, d\u2019un suicide, ou d\u2019autres circonstances. Le corps va \u00eatre autopsi\u00e9 prochainement.<\/p>\n<p>Cons\u00e9quence de cette macabre d\u00e9couverte, la ligne ferroviaire entre Appenweier et Kehl a \u00e9t\u00e9 ferm\u00e9e vers 9\u00a0h\u00a030, avant de ne rouvrir que peu de temps l\u2019apr\u00e8s-midi.<\/p>\n","protected":false},"excerpt":{"rendered":"Apr\u00e8s la d\u00e9couverte d\u2019un corps \u00e0 proximit\u00e9 imm\u00e9diate des voies ce mercredi, la ligne ferroviaire Europabahn qui passe&hellip;\n","protected":false},"author":2,"featured_media":365060,"comment_status":"","ping_status":"","sticky":false,"template":"","format":"standard","meta":{"footnotes":""},"categories":[2820],"tags":[1111,11,672,2389,1777,674,274,107,1011,27,329,775,12,25,1806,640,2803],"class_list":{"0":"post-365059","1":"post","2":"type-post","3":"status-publish","4":"format-standard","5":"has-post-thumbnail","7":"category-strasbourg","8":"tag-actu","9":"tag-actualites","10":"tag-allemagne","11":"tag-alsace","12":"tag-eu","13":"tag-europe","14":"tag-faits-divers-justice","15":"tag-fil-info","16":"tag-fr","17":"tag-france","18":"tag-france-monde","19":"tag-grand-est","20":"tag-news","21":"tag-republique-francaise","22":"tag-rheinblick","23":"tag-strasbourg","24":"tag-transport"},"share_on_mastodon":{"url":"https:\/\/pubeurope.com\/@fr\/115144670951307867","error":""},"_links":{"self":[{"href":"https:\/\/www.europesays.com\/fr\/wp-json\/wp\/v2\/posts\/365059","targetHints":{"allow":["GET"]}}],"collection":[{"href":"https:\/\/www.europesays.com\/fr\/wp-json\/wp\/v2\/posts"}],"about":[{"href":"https:\/\/www.europesays.com\/fr\/wp-json\/wp\/v2\/types\/post"}],"author":[{"embeddable":true,"href":"https:\/\/www.europesays.com\/fr\/wp-json\/wp\/v2\/users\/2"}],"replies":[{"embeddable":true,"href":"https:\/\/www.europesays.com\/fr\/wp-json\/wp\/v2\/comments?post=365059"}],"version-history":[{"count":0,"href":"https:\/\/www.europesays.com\/fr\/wp-json\/wp\/v2\/posts\/365059\/revisions"}],"wp:featuredmedia":[{"embeddable":true,"href":"https:\/\/www.europesays.com\/fr\/wp-json\/wp\/v2\/media\/365060"}],"wp:attachment":[{"href":"https:\/\/www.europesays.com\/fr\/wp-json\/wp\/v2\/media?parent=365059"}],"wp:term":[{"taxonomy":"category","embeddable":true,"href":"https:\/\/www.europesays.com\/fr\/wp-json\/wp\/v2\/categories?post=365059"},{"taxonomy":"post_tag","embeddable":true,"href":"https:\/\/www.europesays.com\/fr\/wp-json\/wp\/v2\/tags?post=365059"}],"curies":[{"name":"wp","href":"https:\/\/api.w.org\/{rel}","templated":true}]}}