{"id":365065,"date":"2025-09-04T06:45:28","date_gmt":"2025-09-04T06:45:28","guid":{"rendered":"https:\/\/www.europesays.com\/fr\/365065\/"},"modified":"2025-09-04T06:45:28","modified_gmt":"2025-09-04T06:45:28","slug":"les-5-evenements-de-votre-week-end-5-6-et-7-septembre-2025-sur-la-cote-dazur","status":"publish","type":"post","link":"https:\/\/www.europesays.com\/fr\/365065\/","title":{"rendered":"Les 5 \u00e9v\u00e8nements de votre week-end (5, 6 et 7 septembre 2025) sur la C\u00f4te d&rsquo;Azur"},"content":{"rendered":"<p>Le week-end votre radio locale \u00ab\u00a0ICI Azur\u00a0\u00bb rassemble les \u00e9v\u00e8nements de la C\u00f4te d&rsquo;Azur\u00a0: Dany Brillant et la f\u00eate de l&rsquo;agriculture de Nice, festival 100% gratuit \u00e0 Breil-Sur-Roya, bord de mer pi\u00e9ton \u00e0 Villeneuve-Loubet, f\u00eate de la bi\u00e8re \u00e0 Grasse, march\u00e9 des produits du terroir \u00e0 Mouans-Sartoux.<\/p>\n<p><strong>O\u00f9 sont les vides greniers dans les Alpes-Maritimes\u00a0?<\/strong><\/p>\n<p>Dimanche 7 septembre 2025, c&rsquo;est\u00a0le vide grenier de la rentr\u00e9e \u00e0 Auribeau sur Siagne toute la journ\u00e9e m\u00eame programme place Fr\u00e9d\u00e9ric Mistral de Grasse.<br \/>Grand d\u00e9ballage ce dimanche 7 septembre aussi dans les rues du Suquet \u00e0 Cannes.<\/p>\n<p><strong>Au soleil des 2 rives \u00e0 Nice<\/strong><\/p>\n<p><strong>Le dimanche 7 septembre 2025<\/strong>, le Jardin des Ar\u00e8nes de Cimiez accueillera la c\u00e9l\u00e9bration annuelle\u00a0<a target=\"_blank\" rel=\"nofollow noopener noreferrer\" class=\"IciLink ici-link IciArticleLink g-ici-body-regular-1 underline brand svelte-lu7k6w\" href=\"https:\/\/www.nice.fr\/agenda\/au-soleil-des-deux-rives\/\">\u00ab\u00a0Au Soleil des Deux Rives\u00a0\u00bb<\/a>, un rendez-vous \u00e9mouvant d\u00e9di\u00e9 \u00e0 la m\u00e9moire et \u00e0 la culture des Pieds-Noirs et Harkis. Entre \u00e9changes culturels, festins populaires et musiques chaleureuses, cette journ\u00e9e gratuite met \u00e0 l\u2019honneur un h\u00e9ritage m\u00e9diterran\u00e9en partag\u00e9.<br \/>Le programme de la journ\u00e9e\u00a0:<br \/>10h00\u00a0: Ouverture au public dans le cadre verdoyant du\u00a0Jardin des Ar\u00e8nes de Cimiez, en plein c\u0153ur de Nice.<br \/>10h05\u00a0: Ambiance solennelle inaugur\u00e9e par une\u00a0interpr\u00e9tation musicale\u00a0assur\u00e9e par l\u2019Orchestre de la Garde municipale de la Ville de Nice.<br \/>10h30\u00a0:\u00a0Messe c\u00e9l\u00e9br\u00e9e\u00a0dans l\u2019enceinte apaisante de l\u2019\u00e9glise du Monast\u00e8re de Cimiez, moment de recueillement et de respect interg\u00e9n\u00e9rationnel.<br \/>10h45\u00a0:\u00a0Concert spirituel\u00a0du\u00a0Nice Gospel Group\u00a0dans le jardin, apportant une vibration musicale empreinte de foi et d\u2019\u00e9motion.<br \/>12h00 \u00e0 17h30\u00a0Des animation non-stop\u00a0: Danses orientales, d\u00e9ambulations de chanteurs dans les jardins, musique live (avec notamment le groupe Sun Record et Guy Obadia \u00e0 l\u2019harmonica), espaces de restauration th\u00e9matiques aux saveurs m\u00e9diterran\u00e9ennes, espace librairie avec auteurs issus des communaut\u00e9s rapatri\u00e9es, expositions artistiques (sculptures, peintures) et stands d\u2019associations locales d\u00e9di\u00e9es \u00e0 la m\u00e9moire des rapatri\u00e9s (Anarena, associations de Harkis, Cercles alg\u00e9rianistes, etc.)<br \/>18h00\u00a0:\u00a0Concert gratuit de Dany Brillant\u00a0pour chanter ses tubes et les chansons de son nouvel album \u201cSeventies\u201d.<\/p>\n<p><strong>La F\u00eate de la Bi\u00e8re de Grasse<\/strong><\/p>\n<p>Des brasseurs des Alpes-Maritimes mais aussi bavarois, des musiciens des Alpes-Maritimes mais aussi Allemand investissent le Cours Honor\u00e9 Cresp de Grasse pour une grande f\u00eate comme on les aime\u00a0: Foodtrucks, traiteurs, choucroute, cochon grill\u00e9, bretzels sucr\u00e9s et sal\u00e9s, et bien d\u2019autres gourmandises<br \/><strong>Vendredi 5, Samedi 6 et Dimanche 7 Septembre 2025<\/strong>, le programme est\u00a0<a target=\"_blank\" rel=\"nofollow noopener noreferrer\" class=\"IciLink ici-link IciArticleLink g-ici-body-regular-1 underline brand svelte-lu7k6w\" href=\"https:\/\/www.ville-grasse.fr\/agenda\/fete-de-la-biere\/\">ICI<\/a><br \/>L&rsquo;abus d&rsquo;alcool est dangereux pour la sant\u00e9. \u00c0 consommer avec mod\u00e9ration.<\/p>\n<p><strong>Le festival \u00ab\u00a0La note verte\u00a0\u00bb de Roquebrune-Cap-Martin<\/strong><\/p>\n<p><strong>Du vendredi 5 au dimanche 7 septembre 2025<\/strong>, une manifestation unique qui conjugue musique live et nature.\u00a0Il s\u2019agit d\u2019un\u00a0\u00e9co-festival en plein air, avec une\u00a0faible sonorisation, utilisant de\u00a0l\u2019\u00e9nergie verte\u00a0(batteries solaires) pour limiter l&rsquo;impact sur l\u2019environnement. Les lieux des concerts sont soigneusement choisis pour valoriser le patrimoine naturel local\u00a0: for\u00eat, plage, promontoire\u2026 Ce sont eux qui inspirent la programmation, non l\u2019inverse. Et\u00a0tous les concerts sont gratuits. Le programme est\u00a0<a class=\"IciLink ici-link IciArticleLink g-ici-body-regular-1 underline brand svelte-lu7k6w\" href=\"https:\/\/www.francebleu.fr\/evenements\/connaissez-vous-ce-festival-sans-sono-qui-s-installe-dans-des-lieux-naturels-a-roquebrune-cap-martin-9369768\" rel=\"nofollow noopener\" target=\"_blank\">ICI<\/a><\/p>\n<p><strong>La foire des produits fermiers locaux de Mouans Sartoux<\/strong><\/p>\n<p><strong>Dimanche 7 septembre 2025<\/strong>\u00a0sur toutes les places de Mouans Sartoux de 9h \u00e0 18h avec pour th\u00e8me pour sa 28\u00e8 \u00e9dition\u00a0: l&rsquo;olive et l&rsquo;huile d&rsquo;olive.<br \/>Le march\u00e9 gourmand se d\u00e9roule chaque ann\u00e9e le 1er dimanche de septembre, une sorte de grande rencontre agricole.<br \/>40 producteurs avec des l\u00e9gumes et des fruits, du miels, des vins, de la confitures, d\u00e9j\u00e0 du foie gras, du pain, des volailles, des fromages et donc tous les produits de l&rsquo;olivier.<br \/>Vous pourrez manger sur place.<\/p>\n<p><strong>La F\u00eate de l\u2019agriculture urbaine de Nice<\/strong><\/p>\n<p>Un \u00e9v\u00e8nement gratuit \u00e0\u00a0la fois un lieu pour s&rsquo;informer sur l&rsquo;alimentation, les labels, les semences et les productions locales.<br \/>Vous pourrez assister \u00e0 des conf\u00e9rences sur l&rsquo;irrigation, les m\u00e9tiers de l&rsquo;agriculture ou le maraichage.<br \/>C&rsquo;est surtout une f\u00eate avec des animations et un village gourmand.<br \/>La San Bertoumi\u00e9u,\u00a0<a target=\"_blank\" rel=\"nofollow noopener noreferrer\" class=\"IciLink ici-link IciArticleLink g-ici-body-regular-1 underline brand svelte-lu7k6w\" href=\"https:\/\/www.nice.fr\/agenda\/san-bertoumieu\/20250906-1000\/\">Nice f\u00eate l\u2019agriculture urbaine<\/a>,\u00a0<strong>samedi 6 septembre 2025<\/strong>\u00a0toute la journ\u00e9e sur la promenade du Paillon de Nice<\/p>\n<p><strong>Le premier rassemblement de v\u00e9hicules anciens de collection et militaires \u00e0 La Boll\u00e8ne-V\u00e9subie<\/strong><\/p>\n<p>Ce\u00a0<strong>dimanche 7 septembre 2025<\/strong>, c&rsquo;est vraiment une journ\u00e9e exceptionnelle d\u00e8s 8h30 avec motos et des voitures de plus de 30 ans t\u00e9moins d&rsquo;un \u00e9poque qui vont ensuite prendre les routes de montagne jusqu&rsquo;au col de Turini puis retour au village de la Boll\u00e8ne V\u00e9subie.<br \/>A 11h30 c&rsquo;est la parade des v\u00e9hicules militaires.<br \/>Et l&rsquo;apr\u00e8s midi c&rsquo;est l&rsquo;exposition des engins pour les photos.<br \/>Tout est gratuit.<\/p>\n<p><strong>ICI Azur soutient l&rsquo;engagement associatif\u00a0!<\/strong><\/p>\n<p>Ce WE c&rsquo;est la f\u00eate des associations de Menton (<strong>vendredi 5 et samedi 6 septembre 2025<\/strong>) au palais de l&rsquo;Europe et dans les Jardins Bioves, pareil \u00e0 Vence pour la f\u00eate des clubs sportifs de la ville autour de la piscine Jean Maret.<br \/>C&rsquo;est le m\u00eame programme le\u00a0<strong>samedi 6 septembre 2025<\/strong>\u00a0\u00e0 Cagnes Sur Mer, Carros, Le Rouret, Mougins, Saint Laurent du Var, Vallauris et St Etienne de Tin\u00e9e.<br \/><strong>Dimanche 7 septembre 2025<\/strong>, les 200 associations de Cannes s&rsquo;exposent au Palais des Festivals, idem \u00e0 Biot et Mandelieu La Napoule.<br \/><strong>Dimanche 7 septembre 2025<\/strong>, c&rsquo;est le grand rendez-vous familial de la rentr\u00e9e d&rsquo;Antibes au Stade du Fort carr\u00e9 c&rsquo;est la f\u00eate de la jeunesse et du sport.<br \/>Les 120 associations de l&rsquo;agglom\u00e9ration seront l\u00e0 pour r\u00e9pondre \u00e0 vos questions et vous faire d\u00e9couvrir leur activit\u00e9 avec des d\u00e9monstrations et des s\u00e9ances tests.<br \/>Venez \u00e0 v\u00e9los ou en trottinettes depuis chez vous\u00a0! Y&rsquo;a m\u00eame une consigne \u00e0 v\u00e9los et trottinettes surveill\u00e9e et gratuite.<br \/>Enfin Nice F\u00eate sa rentr\u00e9e le <strong>samedi 13 septembre<\/strong> dans tous les quartiers de la ville.<\/p>\n<p><strong>Le festival \u00ab\u00a0Plein Air\u00a0\u00bb \u00e0 Breil sur Roya<\/strong><\/p>\n<p>Un\u00a0<a target=\"_blank\" rel=\"nofollow noopener noreferrer\" class=\"IciLink ici-link IciArticleLink g-ici-body-regular-1 underline brand svelte-lu7k6w\" href=\"https:\/\/www.ville-breil-sur-roya.fr\/agenda-des-manifestations\/evenement\/458-festival-plein-air.html\">festival convivial, gratuit<\/a>\u00a0avec des animations du\u00a0<strong>vendredi 5 au dimanche 7 septembre 2025<\/strong>.<br \/>Spectacles de cirque, danse, concerts, ateliers, visites originales, d\u00e9ambulations, et installations d&rsquo;\u0153uvres \u00e9tonnantes \u00e0 travers la ville.<br \/>Vendredi 05 septembre, par exemple, \u00e0 19h spectacle de clown dans les rues de Breil, 1 cin\u00e9 concert sous chapiteau et une soir\u00e9e DJ<br \/>Samedi 06 septembre, les animations d\u00e9butent d\u00e8s 10h30 avec le concert gratuit de Nux Vomica en soir\u00e9e et dimanche ce sera surtout en fin de matin\u00e9e et l&rsquo;apr\u00e8s-midi.<\/p>\n<p><strong>Bord de mer pi\u00e9ton \u00e0 Villeneuve-Loubet et Antibes<\/strong><\/p>\n<p>Chaque 1er dimanche du mois de 8h \u00e0 12h30, le bord de mer est pi\u00e9ton entre Villeneuve-Loubet Marina et Antibes. Pas de voiture sur la d\u00e9partementale 6098 mais sur deux kilom\u00e8tres la possibilit\u00e9 de faire du sport en plein air face \u00e0 la m\u00e9diterran\u00e9e sans risque.<br \/>De Marina Baie des Anges au Fort Carr\u00e9 d&rsquo;Antibes, la route devient une piste id\u00e9ale pour les trottinettes, rollers, skates et les v\u00e9los.<\/p>\n<p><strong>March\u00e9 Potier de Tourrettes-Sur-Loup<\/strong><\/p>\n<p><strong>Dimanche 7 septembre 2025<\/strong>, c&rsquo;est la 31\u00e8me \u00e9dition du March\u00e9 Potier de Tourrettes sur Loup jusqu&rsquo;\u00e0 19h sous les platanes de la place de la Lib\u00e9ration.<br \/>Avec 25 artistes de la Cote d&rsquo;Azur pour des assiettes, des bols, des tasses mais aussi des bijoux, de la d\u00e9co et des pi\u00e8ces uniques de sculptures.<br \/>Dans une bonne ambiance vos enfants pourront essayer gratuitement lors d&rsquo;ateliers de modelage.<\/p>\n","protected":false},"excerpt":{"rendered":"Le week-end votre radio locale \u00ab\u00a0ICI Azur\u00a0\u00bb rassemble les \u00e9v\u00e8nements de la C\u00f4te d&rsquo;Azur\u00a0: Dany Brillant et la&hellip;\n","protected":false},"author":2,"featured_media":365066,"comment_status":"","ping_status":"","sticky":false,"template":"","format":"standard","meta":{"footnotes":""},"categories":[2819],"tags":[1111,11,1777,674,1011,27,12,2401,882,25],"class_list":{"0":"post-365065","1":"post","2":"type-post","3":"status-publish","4":"format-standard","5":"has-post-thumbnail","7":"category-nice","8":"tag-actu","9":"tag-actualites","10":"tag-eu","11":"tag-europe","12":"tag-fr","13":"tag-france","14":"tag-news","15":"tag-nice","16":"tag-provence-alpes-cote-dazur","17":"tag-republique-francaise"},"share_on_mastodon":{"url":"https:\/\/pubeurope.com\/@fr\/115144682850195270","error":""},"_links":{"self":[{"href":"https:\/\/www.europesays.com\/fr\/wp-json\/wp\/v2\/posts\/365065","targetHints":{"allow":["GET"]}}],"collection":[{"href":"https:\/\/www.europesays.com\/fr\/wp-json\/wp\/v2\/posts"}],"about":[{"href":"https:\/\/www.europesays.com\/fr\/wp-json\/wp\/v2\/types\/post"}],"author":[{"embeddable":true,"href":"https:\/\/www.europesays.com\/fr\/wp-json\/wp\/v2\/users\/2"}],"replies":[{"embeddable":true,"href":"https:\/\/www.europesays.com\/fr\/wp-json\/wp\/v2\/comments?post=365065"}],"version-history":[{"count":0,"href":"https:\/\/www.europesays.com\/fr\/wp-json\/wp\/v2\/posts\/365065\/revisions"}],"wp:featuredmedia":[{"embeddable":true,"href":"https:\/\/www.europesays.com\/fr\/wp-json\/wp\/v2\/media\/365066"}],"wp:attachment":[{"href":"https:\/\/www.europesays.com\/fr\/wp-json\/wp\/v2\/media?parent=365065"}],"wp:term":[{"taxonomy":"category","embeddable":true,"href":"https:\/\/www.europesays.com\/fr\/wp-json\/wp\/v2\/categories?post=365065"},{"taxonomy":"post_tag","embeddable":true,"href":"https:\/\/www.europesays.com\/fr\/wp-json\/wp\/v2\/tags?post=365065"}],"curies":[{"name":"wp","href":"https:\/\/api.w.org\/{rel}","templated":true}]}}