{"id":365067,"date":"2025-09-04T06:46:11","date_gmt":"2025-09-04T06:46:11","guid":{"rendered":"https:\/\/www.europesays.com\/fr\/365067\/"},"modified":"2025-09-04T06:46:11","modified_gmt":"2025-09-04T06:46:11","slug":"le-franc%e2%80%90tireur-de-la-droite-qui-veut-degager-johanna-rolland","status":"publish","type":"post","link":"https:\/\/www.europesays.com\/fr\/365067\/","title":{"rendered":"le franc\u2010tireur de la droite qui veut \u00ab d\u00e9gager \u00bb Johanna Rolland"},"content":{"rendered":"<p>Il avait d\u00e9j\u00e0 un pr\u00e9nom suffisamment original pour qu\u2019on le retienne. Ce dimanche 31 ao\u00fbt, Foulques Chombart de Lauwe s\u2019est d\u00e9sormais fait un nom aupr\u00e8s de la plupart des Nantais. Aux alentours de 17h30, les r\u00e9sultats de la primaire LR \u00e0 Nantes tombent. Le conseiller municipal ind\u00e9pendant (LR) de 44 ans, \u00e9lu seulement depuis 2020, <a href=\"https:\/\/www.mediacites.fr\/breve\/nantes\/2025\/09\/01\/primaire-lr-victoire-surprise-de-foulques-chombart-de-lauwe-lopposition-sous-tension\/\" rel=\"nofollow noopener\" target=\"_blank\">bat \u00e0 plat de couture<\/a> (62 %) le favori Julien Bainvel. Plus mod\u00e9r\u00e9 et fort de 20 ans d\u2019exp\u00e9rience dans l\u2019opposition municipale, ce dernier \u00e9tait pourtant soutenu par tous les caciques nantais de la droite au centre. Il b\u00e9n\u00e9ficiait aussi des moyens du groupe d\u2019opposition Mieux vivre \u00e0 Nantes et de solides relais au sein de l\u2019appareil du parti. Cela n\u2019a pas\u00a0suffi.<\/p>\n<p>\u00ab\u202fEn me choisissant, ils [les adh\u00e9rents LR] ont choisi la rupture\u202f \u00bb, plastronne Foulques Chombart de Lauwe. Et une certaine forme de prise de risque. <a href=\"https:\/\/www.mediacites.fr\/decryptage\/nantes\/2024\/04\/11\/onrefaitlemeeting-foulques-chombart-de-lauwe-le-cow-boy-solitaire-de-la-droite-sort-les-colts\/\" rel=\"nofollow noopener\" target=\"_blank\">Cow\u2010boy solitaire de la droite<\/a>, il avait d\u00e9marr\u00e9 sa longue cavalcade tr\u00e8s t\u00f4t, bousculant le calendrier et la m\u00e9thode imagin\u00e9s par ses coll\u00e8gues de l\u2019opposition, dont beaucoup raillaient \u00ab\u202fun gar\u00e7on courageux, mais seul\u202f\u00bb. Les doutes se faisaient sentir jusque chez ses proches. \u00ab\u202fCette victoire, c\u2019est un soulagement, glisse d\u2019ailleurs Foulques Chombart de Lauwe \u00e0 Mediacit\u00e9s. Mais \u00e7a n\u2019est qu\u2019une \u00e9tape\u00a0: rendez\u2010vous en\u00a0mars\u202f!\u202f\u00bb\u00a0<\/p>\n<p>https:\/\/www.mediacites.fr\/enquete\/nantes\/2025\/08\/21\/a\u2011sept-mois-des-municipales-johanna-rolland-surfe-sur-les-deboires-de-ses-concurrents\/<br \/>\u00ab\u202fLa gauche n\u2019est pas l\u00e0 pour 500 ans \u00e0 Nantes\u202f\u00bb<br \/>En effet, le voil\u00e0 d\u00e9sormais qui endosse le costume de principal adversaire de Johanna Rolland (PS), <a href=\"https:\/\/www.mediacites.fr\/enquete\/nantes\/2025\/08\/21\/a-sept-mois-des-municipales-johanna-rolland-surfe-sur-les-deboires-de-ses-concurrents\/\" rel=\"nofollow noopener\" target=\"_blank\">candidate \u00e0 un troisi\u00e8me mandat<\/a>, pour les prochaines \u00e9lections municipales. \u00ab\u202fLa gauche n\u2019est pas l\u00e0 pour 500 ans \u00e0 Nantes. Il n\u2019y a pas de gauche de droit divin. Je suis un d\u00e9mocrate qui consid\u00e8re qu\u2019il faut de temps en temps remettre de l\u2019oxyg\u00e8ne\u202f\u00bb, formule celui qui\u00a0ne\u00a0\u2026<\/p>\n<p>Nous vous offrons l\u2019acc\u00e8s \u00e0 cet article<\/p>\n<p>Et \u00e0 toutes nos enqu\u00eates pendant deux jours\u00a0\u00a0! <br \/>Oui, on est g\u00e9n\u00e9reux \ud83d\ude09 Mais pensez aussi \u00e0 <a href=\"https:\/\/www.mediacites.fr\/sabonner\/\" target=\"_blank\" style=\"color:#fff\" rel=\"nofollow noopener\">vous abonner<\/a>\u00a0\u00a0!<\/p>\n<p>\t\tEn renseignant votre adresse, vous acceptez nos <a href=\"https:\/\/www.mediacites.fr\/conditions-generales-d-utilisation\/\" target=\"_blank\" rel=\"nofollow noopener\">conditions g\u00e9n\u00e9rales d\u2019utilisation<\/a>. <br \/>Mediacit\u00e9s s\u2019engage \u00e0 ne pas c\u00e9der votre adresse \u00e0 des tiers. En cas d\u2019\u00e9chec, \u00e9crivez \u00e0 <a href=\"https:\/\/www.mediacites.fr\/enquete\/nantes\/2025\/09\/04\/foulques-chombart-de-lauwe-le-franc-tireur-de-la-droite-qui-veut-degager-johanna-rolland\/mailto:contact@mediacites.fr\" rel=\"nofollow noopener\" target=\"_blank\">contact@mediacites.fr<\/a><\/p>\n<ul>\n<li>J\u2019acc\u00e8de aux 4 \u00e9ditions de Mediacit\u00e9s (Lille, Lyon, Nantes et Toulouse)<\/li>\n<li>Je d\u00e9couvre un m\u00e9dia 100 % ind\u00e9pendant, avec 0 % de publicit\u00e9<\/li>\n<\/ul>\n<p>Envie de lire la\u00a0suite\u202f?<\/p>\n<p class=\"price\">1\u20ac le premier mois<\/p>\n<p class=\"description\">Puis 7,90\u20ac par\u00a0mois<\/p>\n<p><a class=\"button button--green\" href=\"https:\/\/www.mediacites.fr\/sabonner\/?sub=55\" style=\"margin-top:22px;font-size:13px;\" rel=\"nofollow noopener\" target=\"_blank\">Je teste\u202f! <\/a><\/p>\n<ul>\n<li>Acc\u00e8s aux 4 \u00e9ditions de Mediacit\u00e9s (Lille, Lyon, Nantes et Toulouse)<\/li>\n<li>100 % ind\u00e9pendant, avec 0 % de publicit\u00e9<\/li>\n<li>R\u00e9siliation facile \u00e0 tout moment<\/li>\n<\/ul>\n<p>Mediacit\u00e9s offre l\u2019acc\u00e8s \u00e0 cet article aux lecteurs de News2Com<\/p>\n<p>Et \u00e0 toutes nos enqu\u00eates pendant deux jours\u00a0\u00a0! <br \/>Oui, on est g\u00e9n\u00e9reux \ud83d\ude09 Mais pensez aussi \u00e0 <a href=\"https:\/\/www.mediacites.fr\/sabonner\/\" target=\"_blank\" style=\"color:#fff\" rel=\"nofollow noopener\">vous abonner<\/a>\u00a0\u00a0!<\/p>\n<p>\t\tEn renseignant votre adresse, vous acceptez nos <a href=\"https:\/\/www.mediacites.fr\/conditions-generales-d-utilisation\/\" target=\"_blank\" rel=\"nofollow noopener\">conditions g\u00e9n\u00e9rales d\u2019utilisation<\/a>. <br \/>Mediacit\u00e9s s\u2019engage \u00e0 ne pas c\u00e9der votre adresse \u00e0 des tiers. En cas d\u2019\u00e9chec, \u00e9crivez \u00e0 <a href=\"https:\/\/www.mediacites.fr\/enquete\/nantes\/2025\/09\/04\/foulques-chombart-de-lauwe-le-franc-tireur-de-la-droite-qui-veut-degager-johanna-rolland\/mailto:contact@mediacites.fr\" rel=\"nofollow noopener\" target=\"_blank\">contact@mediacites.fr<\/a><\/p>\n<ul>\n<li>J\u2019acc\u00e8de aux 4 \u00e9ditions de Mediacit\u00e9s (Lille, Lyon, Nantes et Toulouse)<\/li>\n<li>Je d\u00e9couvre un m\u00e9dia 100 % ind\u00e9pendant, avec 0 % de publicit\u00e9<\/li>\n<\/ul>\n","protected":false},"excerpt":{"rendered":"Il avait d\u00e9j\u00e0 un pr\u00e9nom suffisamment original pour qu\u2019on le retienne. Ce dimanche 31 ao\u00fbt, Foulques Chombart de&hellip;\n","protected":false},"author":2,"featured_media":365068,"comment_status":"","ping_status":"","sticky":false,"template":"","format":"standard","meta":{"footnotes":""},"categories":[2818],"tags":[1111,11,1777,674,1011,27,766,12,2636,25],"class_list":{"0":"post-365067","1":"post","2":"type-post","3":"status-publish","4":"format-standard","5":"has-post-thumbnail","7":"category-nantes","8":"tag-actu","9":"tag-actualites","10":"tag-eu","11":"tag-europe","12":"tag-fr","13":"tag-france","14":"tag-nantes","15":"tag-news","16":"tag-pays-de-la-loire","17":"tag-republique-francaise"},"share_on_mastodon":{"url":"https:\/\/pubeurope.com\/@fr\/115144686600922319","error":""},"_links":{"self":[{"href":"https:\/\/www.europesays.com\/fr\/wp-json\/wp\/v2\/posts\/365067","targetHints":{"allow":["GET"]}}],"collection":[{"href":"https:\/\/www.europesays.com\/fr\/wp-json\/wp\/v2\/posts"}],"about":[{"href":"https:\/\/www.europesays.com\/fr\/wp-json\/wp\/v2\/types\/post"}],"author":[{"embeddable":true,"href":"https:\/\/www.europesays.com\/fr\/wp-json\/wp\/v2\/users\/2"}],"replies":[{"embeddable":true,"href":"https:\/\/www.europesays.com\/fr\/wp-json\/wp\/v2\/comments?post=365067"}],"version-history":[{"count":0,"href":"https:\/\/www.europesays.com\/fr\/wp-json\/wp\/v2\/posts\/365067\/revisions"}],"wp:featuredmedia":[{"embeddable":true,"href":"https:\/\/www.europesays.com\/fr\/wp-json\/wp\/v2\/media\/365068"}],"wp:attachment":[{"href":"https:\/\/www.europesays.com\/fr\/wp-json\/wp\/v2\/media?parent=365067"}],"wp:term":[{"taxonomy":"category","embeddable":true,"href":"https:\/\/www.europesays.com\/fr\/wp-json\/wp\/v2\/categories?post=365067"},{"taxonomy":"post_tag","embeddable":true,"href":"https:\/\/www.europesays.com\/fr\/wp-json\/wp\/v2\/tags?post=365067"}],"curies":[{"name":"wp","href":"https:\/\/api.w.org\/{rel}","templated":true}]}}