{"id":365073,"date":"2025-09-04T06:49:11","date_gmt":"2025-09-04T06:49:11","guid":{"rendered":"https:\/\/www.europesays.com\/fr\/365073\/"},"modified":"2025-09-04T06:49:11","modified_gmt":"2025-09-04T06:49:11","slug":"7-villages-sublimes-autour-de-bordeaux-dignes-dun-film-de-miyazaki-ou-wes-anderson","status":"publish","type":"post","link":"https:\/\/www.europesays.com\/fr\/365073\/","title":{"rendered":"7 villages sublimes autour de Bordeaux dignes d\u2019un film de Miyazaki ou Wes Anderson"},"content":{"rendered":"<p>1. Saint-\u00c9milion \u2013 La colline enchant\u00e9e&#13;<\/p>\n<p data-start=\"703\" data-end=\"935\">Class\u00e9e au patrimoine mondial de l\u2019UNESCO, cette cit\u00e9 m\u00e9di\u00e9vale est un d\u00e9cor naturel\u00a0: ruelles pav\u00e9es qui serpentent, caves troglodytes secr\u00e8tes et vue sur un oc\u00e9an de vignes. On s\u2019y perd volontiers comme dans un r\u00eave de Miyazaki.<\/p>\n<p>&#13;<\/p>\n<blockquote class=\"instagram-media\" data-instgrm-captioned=\"\" data-instgrm-permalink=\"https:\/\/www.instagram.com\/p\/DNECav6NGKx\/?utm_source=ig_embed&amp;utm_campaign=loading\" data-instgrm-version=\"14\" style=\"background: #FFF; border: 0; border-radius: 3px; box-shadow: 0 0 1px 0 rgba(0,0,0,0.5),0 1px 10px 0 rgba(0,0,0,0.15); margin: 1px; max-width: 540px; min-width: 326px; padding: 0; width: calc(100% - 2px);\"><p>&#13;<br \/>\n&#13;\n<\/p><\/blockquote>\n<p>&#13;<br \/>\n&#13;<br \/>\n2. Rions \u2013 Le village pastel&#13;<\/p>\n<p data-start=\"972\" data-end=\"1189\">Accroch\u00e9 sur les hauteurs de la Garonne, Rions d\u00e9ploie ses ruelles aux fa\u00e7ades couleur miel. Ses remparts m\u00e9di\u00e9vaux et ses petites portes vo\u00fbt\u00e9es ont ce charme d\u00e9licieusement d\u00e9suet digne d\u2019un d\u00e9cor de Wes Anderson.<\/p>\n<p>&#13;<\/p>\n<blockquote class=\"instagram-media\" data-instgrm-captioned=\"\" data-instgrm-permalink=\"https:\/\/www.instagram.com\/p\/DOCHbGgDCX1\/?utm_source=ig_embed&amp;utm_campaign=loading\" data-instgrm-version=\"14\" style=\"background: #FFF; border: 0; border-radius: 3px; box-shadow: 0 0 1px 0 rgba(0,0,0,0.5),0 1px 10px 0 rgba(0,0,0,0.15); margin: 1px; max-width: 540px; min-width: 326px; padding: 0; width: calc(100% - 2px);\"><p>&#13;<br \/>\n&#13;\n<\/p><\/blockquote>\n<p>&#13;<br \/>\n&#13;<br \/>\n3. Saint-Macaire \u2013 L\u2019intemporel&#13;<\/p>\n<p data-start=\"1229\" data-end=\"1461\">Avec ses arcades m\u00e9di\u00e9vales, ses fresques anciennes et ses places presque fig\u00e9es dans le temps, Saint-Macaire ressemble \u00e0 un plateau de cin\u00e9ma \u00e0 ciel ouvert. On s\u2019attend \u00e0 voir surgir des personnages costum\u00e9s \u00e0 chaque coin de rue.<\/p>\n<p>&#13;<\/p>\n<blockquote class=\"instagram-media\" data-instgrm-captioned=\"\" data-instgrm-permalink=\"https:\/\/www.instagram.com\/p\/DJWgs1_oQ8t\/?utm_source=ig_embed&amp;utm_campaign=loading\" data-instgrm-version=\"14\" style=\"background: #FFF; border: 0; border-radius: 3px; box-shadow: 0 0 1px 0 rgba(0,0,0,0.5),0 1px 10px 0 rgba(0,0,0,0.15); margin: 1px; max-width: 540px; min-width: 326px; padding: 0; width: calc(100% - 2px);\"><p>&#13;<br \/>\n&#13;\n<\/p><\/blockquote>\n<p>&#13;<br \/>\n&#13;<br \/>\n4. La R\u00e9ole \u2013 Le balcon sur la Garonne&#13;<\/p>\n<p data-start=\"1508\" data-end=\"1699\">Dominant le fleuve, cette ancienne cit\u00e9 royale s\u00e9duit par son abbaye b\u00e9n\u00e9dictine, ses vieilles halles et ses maisons \u00e0 colombages. Un \u00e9quilibre parfait entre majest\u00e9 et douceur provinciale.<\/p>\n<p>&#13;<\/p>\n<blockquote class=\"instagram-media\" data-instgrm-captioned=\"\" data-instgrm-permalink=\"https:\/\/www.instagram.com\/p\/Ct6qfa6o85V\/?utm_source=ig_embed&amp;utm_campaign=loading\" data-instgrm-version=\"14\" style=\"background: #FFF; border: 0; border-radius: 3px; box-shadow: 0 0 1px 0 rgba(0,0,0,0.5),0 1px 10px 0 rgba(0,0,0,0.15); margin: 1px; max-width: 540px; min-width: 326px; padding: 0; width: calc(100% - 2px);\"><p>&#13;<br \/>\n&#13;\n<\/p><\/blockquote>\n<p>&#13;<br \/>\n&#13;<br \/>\n5. Cadillac \u2013 L\u2019\u00e9l\u00e9gance graphique&#13;<\/p>\n<p data-start=\"1742\" data-end=\"1940\">Son ch\u00e2teau des Ducs d\u2019\u00c9pernon, ses remparts et son plan g\u00e9om\u00e9trique rappellent les compositions ultra-sym\u00e9triques d\u2019Anderson. Ajoutez des volets bleus, quelques roses tr\u00e9mi\u00e8res et la magie op\u00e8re.<\/p>\n<p>&#13;<\/p>\n<blockquote class=\"instagram-media\" data-instgrm-captioned=\"\" data-instgrm-permalink=\"https:\/\/www.instagram.com\/p\/Cwwy1KtKmgd\/?utm_source=ig_embed&amp;utm_campaign=loading\" data-instgrm-version=\"14\" style=\"background: #FFF; border: 0; border-radius: 3px; box-shadow: 0 0 1px 0 rgba(0,0,0,0.5),0 1px 10px 0 rgba(0,0,0,0.15); margin: 1px; max-width: 540px; min-width: 326px; padding: 0; width: calc(100% - 2px);\"><p>&#13;<br \/>\n&#13;\n<\/p><\/blockquote>\n<p>&#13;<br \/>\n&#13;<br \/>\n6. Bazas \u2013 La cath\u00e9drale en majest\u00e9&#13;<\/p>\n<p data-start=\"1984\" data-end=\"2189\">Au centre, une cath\u00e9drale gothique monumentale\u00a0; autour, des maisons color\u00e9es \u00e0 pans de bois, des arcades et une place anim\u00e9e. Ici, le temps s\u2019\u00e9tire avec la lenteur des sc\u00e8nes contemplatives d\u2019un Ghibli.<\/p>\n<p>&#13;<\/p>\n<blockquote class=\"instagram-media\" data-instgrm-captioned=\"\" data-instgrm-permalink=\"https:\/\/www.instagram.com\/p\/DGnKRF5MA4z\/?utm_source=ig_embed&amp;utm_campaign=loading\" data-instgrm-version=\"14\" style=\"background: #FFF; border: 0; border-radius: 3px; box-shadow: 0 0 1px 0 rgba(0,0,0,0.5),0 1px 10px 0 rgba(0,0,0,0.15); margin: 1px; max-width: 540px; min-width: 326px; padding: 0; width: calc(100% - 2px);\"><p>&#13;<br \/>\n&#13;\n<\/p><\/blockquote>\n<p>&#13;<br \/>\n&#13;<br \/>\n7. Blaye \u2013 La citadelle aux mille histoires&#13;<\/p>\n<p data-start=\"2241\" data-end=\"2456\">Enserr\u00e9e dans les fortifications de Vauban, la cit\u00e9 de Blaye offre un panorama majestueux sur l\u2019estuaire. Entre ruelles pav\u00e9es, passages secrets et \u00e9choppes de pierres blondes, on navigue entre po\u00e9sie et grandeur.<\/p>\n<p>&#13;<\/p>\n<blockquote class=\"instagram-media\" data-instgrm-captioned=\"\" data-instgrm-permalink=\"https:\/\/www.instagram.com\/p\/DNz_qG5MXEz\/?utm_source=ig_embed&amp;utm_campaign=loading\" data-instgrm-version=\"14\" style=\"background: #FFF; border: 0; border-radius: 3px; box-shadow: 0 0 1px 0 rgba(0,0,0,0.5),0 1px 10px 0 rgba(0,0,0,0.15); margin: 1px; max-width: 540px; min-width: 326px; padding: 0; width: calc(100% - 2px);\"><p>&#13;<br \/>\n&#13;\n<\/p><\/blockquote>\n<p>&#13;<br \/>\n<script async src=\"\/\/www.instagram.com\/embed.js\"><\/script><\/p>\n","protected":false},"excerpt":{"rendered":"1. Saint-\u00c9milion \u2013 La colline enchant\u00e9e&#13; Class\u00e9e au patrimoine mondial de l\u2019UNESCO, cette cit\u00e9 m\u00e9di\u00e9vale est un d\u00e9cor&hellip;\n","protected":false},"author":2,"featured_media":365074,"comment_status":"","ping_status":"","sticky":false,"template":"","format":"standard","meta":{"footnotes":""},"categories":[2817],"tags":[1111,11,1997,1777,674,1011,27,12,2219,25],"class_list":{"0":"post-365073","1":"post","2":"type-post","3":"status-publish","4":"format-standard","5":"has-post-thumbnail","7":"category-bordeaux","8":"tag-actu","9":"tag-actualites","10":"tag-bordeaux","11":"tag-eu","12":"tag-europe","13":"tag-fr","14":"tag-france","15":"tag-news","16":"tag-nouvelle-aquitaine","17":"tag-republique-francaise"},"share_on_mastodon":{"url":"https:\/\/pubeurope.com\/@fr\/115144698468785997","error":""},"_links":{"self":[{"href":"https:\/\/www.europesays.com\/fr\/wp-json\/wp\/v2\/posts\/365073","targetHints":{"allow":["GET"]}}],"collection":[{"href":"https:\/\/www.europesays.com\/fr\/wp-json\/wp\/v2\/posts"}],"about":[{"href":"https:\/\/www.europesays.com\/fr\/wp-json\/wp\/v2\/types\/post"}],"author":[{"embeddable":true,"href":"https:\/\/www.europesays.com\/fr\/wp-json\/wp\/v2\/users\/2"}],"replies":[{"embeddable":true,"href":"https:\/\/www.europesays.com\/fr\/wp-json\/wp\/v2\/comments?post=365073"}],"version-history":[{"count":0,"href":"https:\/\/www.europesays.com\/fr\/wp-json\/wp\/v2\/posts\/365073\/revisions"}],"wp:featuredmedia":[{"embeddable":true,"href":"https:\/\/www.europesays.com\/fr\/wp-json\/wp\/v2\/media\/365074"}],"wp:attachment":[{"href":"https:\/\/www.europesays.com\/fr\/wp-json\/wp\/v2\/media?parent=365073"}],"wp:term":[{"taxonomy":"category","embeddable":true,"href":"https:\/\/www.europesays.com\/fr\/wp-json\/wp\/v2\/categories?post=365073"},{"taxonomy":"post_tag","embeddable":true,"href":"https:\/\/www.europesays.com\/fr\/wp-json\/wp\/v2\/tags?post=365073"}],"curies":[{"name":"wp","href":"https:\/\/api.w.org\/{rel}","templated":true}]}}