{"id":365075,"date":"2025-09-04T06:50:11","date_gmt":"2025-09-04T06:50:11","guid":{"rendered":"https:\/\/www.europesays.com\/fr\/365075\/"},"modified":"2025-09-04T06:50:11","modified_gmt":"2025-09-04T06:50:11","slug":"qui-est-sonia-paulhe-la-nouvelle-presidente-du-conseil-departemental-du-commerce-de-haute-garonne","status":"publish","type":"post","link":"https:\/\/www.europesays.com\/fr\/365075\/","title":{"rendered":"Qui est Sonia Paulhe, la nouvelle pr\u00e9sidente du Conseil d\u00e9partemental du commerce de Haute-Garonne ?"},"content":{"rendered":"<p>\t\t\t\t\t<a href=\"https:\/\/gazette-du-midi.fr\/au-sommaire\/hommes-et-chiffres\/\" class=\"rubrique-lien rubrique-courante\" rel=\"nofollow noopener\" target=\"_blank\">Hommes et chiffres<\/a><\/p>\n<p><strong>\u00c9lections.<\/strong> \u00c0 la t\u00eate de la Maison de la Peinture, une entreprise toulousaine 100\u00a0% familiale, Sonia Paulhe vient d\u2019\u00eatre \u00e9lue \u00e0 l\u2019unanimit\u00e9 \u00e0 la pr\u00e9sidence du Conseil d\u00e9partemental du commerce de Haute-Garonne pour la p\u00e9riode 2025-2028. Elle aura notamment en charge, avec le reste du nouveau Bureau, de n\u00e9gocier les ouvertures des commerces les dimanches et jours f\u00e9ri\u00e9s.<\/p>\n<ul class=\"list-inline\">\n<li class=\"list-inline-item\">\n  Publi\u00e9 le 4 septembre 2025\n<\/li>\n<li class=\"list-inline-item d-none d-md-inline info-separateur\"><\/li>\n<li class=\"list-inline-item d-block mt-2 d-md-inline mt-md-0 info-auteur\">\n<p>R\u00e9daction GdM\n<\/li>\n<\/ul>\n<p><img decoding=\"async\" src=\"https:\/\/www.europesays.com\/fr\/wp-content\/uploads\/2025\/09\/b065965a293ffd3dfc60335ce51a45.jpg\" alt=\"\" width=\"1052\" height=\"976\" fetchpriority=\"low\" loading=\"lazy\"\/><\/p>\n<p>Sonia Paulhe succ\u00e8de \u00e0 Denis Lafon, qui occupait cette fonction depuis le 5 janvier 2015. (\u00a9CDC)<\/p>\n<p>M\u00e9connu du grand public, le <strong>Conseil d\u00e9partemental du commerce<\/strong> (CDC) de la Haute-Garonne joue pourtant un r\u00f4le central dans le d\u00e9veloppement \u00e9conomique et commercial du territoire. Interlocuteur privil\u00e9gi\u00e9 des pouvoirs publics et des partenaires sociaux concernant les conditions d\u2019ouverture des commerces <strong>les dimanches et jours f\u00e9ri\u00e9s<\/strong> dans le d\u00e9partement, il travaille annuellement sur ce consensus pour l\u2019ann\u00e9e qui suit, et \u00e9tablit un calendrier des autorisations d\u2019ouverture et des contreparties qui les accompagnent. Cet accord concerne <strong>l\u2019ensemble des activit\u00e9s et secteurs<\/strong>, soit des centaines de commerce et des milliers de salari\u00e9s.<\/p>\n<p>\t\t\u00c0 lire aussi<\/p>\n<p>\t<a href=\"https:\/\/gazette-du-midi.fr\/au-sommaire\/hommes-et-chiffres\/stephanie-limouzin-nouvelle-presidente-du-groupe-spatial-cls-devoile-sa-feuille\" rel=\"nofollow noopener\" target=\"_blank\">St\u00e9phanie Limouzin, nouvelle pr\u00e9sidente du groupe spatial CLS, d\u00e9voile sa feuille de route<\/a><\/p>\n<p>\u00c0 l\u2019issue de l\u2019assembl\u00e9e g\u00e9n\u00e9rale qui s\u2019est tenue le <strong>18 juin dernier<\/strong>, les membres de l\u2019association du CDC ont \u00e9lu \u00e0 l\u2019unanimit\u00e9 <strong>Sonia Paulhe<\/strong> \u00e0 leur pr\u00e9sidence pour la p\u00e9riode 2025-2028. Une belle reconnaissance pour cette cheffe d\u2019entreprise de 43 ans, tr\u00e8s engag\u00e9e dans le tissu \u00e9conomique local. Adh\u00e9rente au <strong>Medef 3<\/strong>1, \u00e0 la <strong>CPME 31<\/strong> et membre \u00e9lue \u00e0 la <strong>CCI de Toulouse<\/strong>, l\u2019int\u00e9ress\u00e9e est surtout la troisi\u00e8me g\u00e9n\u00e9ration de la famille Paulhe aux commandes de la Maison de la Peinture, une entreprise sp\u00e9cialis\u00e9e dans les domaines de la d\u00e9coration, de la peinture et des rev\u00eatements de sols, situ\u00e9e rue Ferdinand Lassalle, en plein c\u0153ur de la Ville rose.<\/p>\n<p>\u00ab\u00a0L\u2019occasion de rendre l\u2019ascenseur\u00a0\u00bb<\/p>\n<p>Dans leur boutique m\u00e8re de 4000 m2, l\u2019\u00e9quipe d\u2019une <strong>quarantaine de personnes<\/strong> accompagne, autant les artisans peintres que les d\u00e9corateurs, les architectes d\u2019int\u00e9rieur, les prescripteurs et les particuliers. Une r\u00e9ussite entrepreneuriale construite sur une <strong>strat\u00e9gie de croissance interne et externe<\/strong> amorc\u00e9e depuis 2004. Derni\u00e8re acquisition en date\u00a0? La Maison de Bouqui\u00e8res en 2024. V\u00e9ritable institution sp\u00e9cialis\u00e9e en d\u00e9coration, tissus d\u2019ameublement, rideaux, voilages en stock et sur commande, le magasin est situ\u00e9 dans la rue \u00e9ponyme, entre les Carmes, Croix-Baragnon et Saint-\u00c9tienne.<\/p>\n<p><strong>\u00ab\u00a0Je suis tr\u00e8s heureuse d\u2019avoir \u00e9t\u00e9 \u00e9lue\u00a0\u00bb<\/strong>, confie avec bonheur Sonia Paulhe qui voit dans cette \u00e9lection l\u2019occasion pour elle de renvoyer l\u2019ascenseur\u00a0:<\/p>\n<blockquote class=\"spip\">\n<p>Il y a de\u00e7\u00e0 quelques ann\u00e9es, nous avons \u00e9t\u00e9 expropri\u00e9s \u00e0 cause de la troisi\u00e8me ligne de m\u00e9tro. Cette proc\u00e9dure a mis en p\u00e9ril l\u2019entreprise. Une p\u00e9riode difficile durant laquelle j\u2019ai pu compter sur le soutien du Medef, de la CPME et d\u2019autres commer\u00e7ants. Une entraide et un sens du collectif qui nous a aid\u00e9s \u00e0 rebondir et qui m\u2019a pouss\u00e9e \u00e0 m\u2019engager. D\u2019o\u00f9 ma fiert\u00e9 aujourd\u2019hui d\u2019\u00eatre \u00e0 la t\u00eate de cette institution, et d\u2019\u00eatre en capacit\u00e9 d\u2019aider des confr\u00e8res commer\u00e7ants.\u00a0\u00bb<\/p>\n<\/blockquote>\n<p>\t\t\u00c0 lire aussi<\/p>\n<p>\t<a href=\"https:\/\/gazette-du-midi.fr\/au-sommaire\/hommes-et-chiffres\/rodez-qui-est-maud-marron-wojewodzki-la-nouvelle-directrice-du-musee-soulages\" rel=\"nofollow noopener\" target=\"_blank\">Rodez\u00a0: qui est Maud Marron-Wojewodzki, la nouvelle directrice du mus\u00e9e Soulages\u00a0?<\/a><\/p>\n<p>Dans un contexte marqu\u00e9 par les profondes mutations du commerce de proximit\u00e9, les d\u00e9fis de la transition num\u00e9rique, l\u2019\u00e9volution des attentes des consommateurs et une conjoncture \u00e9conomique incertaine avec un pouvoir d\u2019achat des m\u00e9nages en baisse, Sonia Paulhe a plac\u00e9 son mandat sous le signe de <strong>l\u2019\u00e9coute, du dialogue et de l\u2019ouverture<\/strong>.<\/p>\n<p>\u00ab\u00a0Mon r\u00f4le est celui d\u2019un chef d\u2019orchestre. C\u2019est tr\u00e8s important que tout un chacun puisse s\u2019exprimer et \u00eatre entendu et ce, quel que soit son poids \u00e9conomique. Du \u201cpetit \u00e9picier\u201d du coin au g\u00e9rant du gros supermarch\u00e9, tout le monde est l\u00e9gitime\u00a0\u00bb, insiste la nouvelle pr\u00e9sidente du CDC qui salue par ailleurs l\u2019arriv\u00e9e de nouvelles t\u00eates au sein du Bureau de l\u2019association (voir encadr\u00e9).<\/p>\n<p>Le commerce local face \u00e0 des d\u00e9fis multiples<\/p>\n<p>Un Bureau rajeuni qui doit permettre au Conseil d\u00e9partemental du commerce (CDC) de la Haute-Garonne d\u2019<strong>impulser une nouvelle dynamiqu<\/strong>e. \u00ab\u00a0Il y a une vraie envie d\u2019\u00e9volution. Le commerce d\u2019aujourd\u2019hui n\u2019est plus celui d\u2019il y a cinq ans, avant le covid, et il ne sera pas non plus celui de demain. Il est donc essentiel d\u2019avoir au sein de cette institution des personnes investies sur le terrain et au fait des d\u00e9fis que notre secteur d\u2019activit\u00e9 doit relever. Et ils sont nombreux\u00a0: digitalisation acc\u00e9l\u00e9r\u00e9e, IA, consommation responsable\u2026 Il faut s\u2019adapter\u00a0\u00bb, alerte Sonia Paulhe qui n\u2019en oublie pas pour autant tout le travail engag\u00e9 par son pr\u00e9d\u00e9cesseur <strong>Denis Lafon<\/strong>, en poste depuis 2015\u00a0:<\/p>\n<blockquote class=\"spip\">\n<p>C\u2019est gr\u00e2ce \u00e0 lui que le CDC a ce poids vis-\u00e0-vis des institutions et des partenaires.  Voil\u00e0 pourquoi nous sommes ravis qu\u2019il si\u00e8ge encore au Bureau en qualit\u00e9 de conseiller sp\u00e9cial. Il va pouvoir continuer \u00e0 nous apporter son exp\u00e9rience et son expertise.\u00a0\u00bb<\/p>\n<\/blockquote>\n<p>Pour dynamiser le commerce de proximit\u00e9, la pr\u00e9sidente de la Maison de la Peinture a dress\u00e9 deux grandes priorit\u00e9s, \u00e0 savoir remettre <strong>l\u2019humain au centre du mod\u00e8le retail<\/strong> de demain et aider \u00e0 <strong>relancer la consommation<\/strong> via des actions locales. \u00ab\u00a0Il est en effet imp\u00e9ratif d\u2019apporter du sens au point de vente et d\u2019inventer de nouvelles interactions avec le consommateur\u00a0\u00bb, conclut avec conviction Sonia Paulhe.<\/p>\n<p>\tComposition du nouveau Bureau du CDC :<\/p>\n<ul class=\"spip\" role=\"list\">\n<li> Pr\u00e9sidente\u00a0: <strong>Sonia Paulhe<\/strong>, g\u00e9rante de la Maison de la Peinture<\/li>\n<li> Vice-pr\u00e9sidents\u00a0: <a href=\"https:\/\/gazette-du-midi.fr\/au-sommaire\/invites-entretiens\/anthony-mandirac\" rel=\"nofollow noopener\" target=\"_blank\">Anthony Mandirac<\/a>, fondateur de la Maison Sarment (grossiste et importateur de vins italiens et du monde \u00e0 Toulouse) et <strong>Laurent Dordain<\/strong>, dirigeant de Midica<\/li>\n<li> Secr\u00e9taire\u00a0: <strong>Sandrine Rossignol<\/strong>, directrice de la F\u00e9d\u00e9ration des associations de commer\u00e7ants, artisans et professionnels de Toulouse<\/li>\n<li> Tr\u00e9sori\u00e8re\u00a0: <strong>Emma Thirion<\/strong>, directrice du centre commercial Rouffiac-Tolosan<\/li>\n<\/ul>\n<p><strong>Denis Lafon<\/strong>, pr\u00e9sident sortant, reste membre actif et si\u00e8gera en qualit\u00e9 de membre d\u2019honneur.<\/p>\n","protected":false},"excerpt":{"rendered":"Hommes et chiffres \u00c9lections. \u00c0 la t\u00eate de la Maison de la Peinture, une entreprise toulousaine 100\u00a0% familiale,&hellip;\n","protected":false},"author":2,"featured_media":365076,"comment_status":"","ping_status":"","sticky":false,"template":"","format":"standard","meta":{"footnotes":""},"categories":[2816],"tags":[1111,11,1777,674,1011,27,12,2680,25,2312],"class_list":{"0":"post-365075","1":"post","2":"type-post","3":"status-publish","4":"format-standard","5":"has-post-thumbnail","7":"category-toulouse","8":"tag-actu","9":"tag-actualites","10":"tag-eu","11":"tag-europe","12":"tag-fr","13":"tag-france","14":"tag-news","15":"tag-occitanie","16":"tag-republique-francaise","17":"tag-toulouse"},"share_on_mastodon":{"url":"https:\/\/pubeurope.com\/@fr\/115144702383957054","error":""},"_links":{"self":[{"href":"https:\/\/www.europesays.com\/fr\/wp-json\/wp\/v2\/posts\/365075","targetHints":{"allow":["GET"]}}],"collection":[{"href":"https:\/\/www.europesays.com\/fr\/wp-json\/wp\/v2\/posts"}],"about":[{"href":"https:\/\/www.europesays.com\/fr\/wp-json\/wp\/v2\/types\/post"}],"author":[{"embeddable":true,"href":"https:\/\/www.europesays.com\/fr\/wp-json\/wp\/v2\/users\/2"}],"replies":[{"embeddable":true,"href":"https:\/\/www.europesays.com\/fr\/wp-json\/wp\/v2\/comments?post=365075"}],"version-history":[{"count":0,"href":"https:\/\/www.europesays.com\/fr\/wp-json\/wp\/v2\/posts\/365075\/revisions"}],"wp:featuredmedia":[{"embeddable":true,"href":"https:\/\/www.europesays.com\/fr\/wp-json\/wp\/v2\/media\/365076"}],"wp:attachment":[{"href":"https:\/\/www.europesays.com\/fr\/wp-json\/wp\/v2\/media?parent=365075"}],"wp:term":[{"taxonomy":"category","embeddable":true,"href":"https:\/\/www.europesays.com\/fr\/wp-json\/wp\/v2\/categories?post=365075"},{"taxonomy":"post_tag","embeddable":true,"href":"https:\/\/www.europesays.com\/fr\/wp-json\/wp\/v2\/tags?post=365075"}],"curies":[{"name":"wp","href":"https:\/\/api.w.org\/{rel}","templated":true}]}}