{"id":365077,"date":"2025-09-04T06:51:11","date_gmt":"2025-09-04T06:51:11","guid":{"rendered":"https:\/\/www.europesays.com\/fr\/365077\/"},"modified":"2025-09-04T06:51:11","modified_gmt":"2025-09-04T06:51:11","slug":"un-street-artiste-cache-ses-oeuvres-fabriquees-avec-des-dechets-en-centre-ville-de-toulouse","status":"publish","type":"post","link":"https:\/\/www.europesays.com\/fr\/365077\/","title":{"rendered":"Un street artiste cache ses \u0153uvres fabriqu\u00e9es avec des d\u00e9chets en centre-ville de Toulouse"},"content":{"rendered":"<p class=\"PopSlotParagraph qg-tx2 qg-xtra-lh svelte-1r0pyek\">Le street artiste \u00ab\u00a0Le D\u00a0\u00bb (<a href=\"https:\/\/www.instagram.com\/ouestled\/?hl=fr\" target=\"_blank\" rel=\"noopener noreferrer nofollow\" class=\"\" data-testid=\"link\">ouestled<\/a>\u00a0sur Instagram) fait parler de lui dans la ville rose. Celui qui porte toujours un masque en tissu pour rester anonyme a cach\u00e9, ce mercredi 3 septembre 2025,\u00a0<strong>quatre<\/strong>\u00a0<strong>\u0153uvres dans le centre-ville de Toulouse.<\/strong><\/p>\n<p> Des d\u00e9chets devenus \u0153uvres d&rsquo;arts<\/p>\n<p class=\"PopSlotParagraph qg-tx2 qg-xtra-lh svelte-1r0pyek\">Il a distill\u00e9 des indices sur ses r\u00e9seaux, et finalement Oscar, Sylvie, le patron du\u00a0<a href=\"https:\/\/www.instagram.com\/le_bolbu\/?hl=fr\" target=\"_blank\" rel=\"noopener noreferrer nofollow\" class=\"\" data-testid=\"link\">Bol Bu<\/a>\u00a0et Aymeric ont trouv\u00e9 ses tableaux place du Capitole, quai de la Daurade et place Wilson. On y voit des <strong>bonhommes aux traits simples et na\u00effs,<\/strong> avec un fond bleu ou rose. \u00ab\u00a0Le D\u00a0\u00bb est un sp\u00e9cialiste du doodle art, un dessin sans contrainte formelle, souvent fait sans lever le stylo.<\/p>\n<p class=\"PopSlotParagraph qg-tx2 qg-xtra-lh svelte-1r0pyek\">Mais la particularit\u00e9 de cet artiste est surtout <strong>d&rsquo;utiliser des d\u00e9chets.<\/strong> Parfois, il dessine sur un frigo abandonn\u00e9 dans une rue, mais il a aussi fait un partenariat pour aller dans les d\u00e9ch\u00e8teries de V\u00e9olia. Il s&rsquo;est rendu dans celle de Toulouse, qui trie chaque ann\u00e9e 17 000 tonnes de d\u00e9chets. Il a r\u00e9cup\u00e9r\u00e9 des vitres, des panneaux de bois, des portes ou des carreaux de fa\u00efence et prouv\u00e9 qu&rsquo;on peut \u00e0 la fois sensibiliser au gaspillage et \u00e0 l&rsquo;art.<\/p>\n<p class=\"qg-sr-only\" role=\"heading\" aria-level=\"3\">Pour voir ce contenu, acceptez les cookies.<\/p>\n<p class=\"ConsentNotice-description qg-tx3 svelte-m9wmt1\">Pour afficher ce contenu Instagram, vous devez accepter les cookies <b>R\u00e9seaux Sociaux<\/b>.<br \/>Ces cookies permettent de partager ou r\u00e9agir directement sur les r\u00e9seaux sociaux auxquels vous \u00eates connect\u00e9s ou d&rsquo;int\u00e9grer du contenu initialement post\u00e9 sur ces r\u00e9seaux sociaux. Ils permettent aussi aux r\u00e9seaux sociaux d&rsquo;utiliser vos visites sur nos sites et applications \u00e0 des fins de personnalisation et de ciblage publicitaire.<\/p>\n<p>  G\u00e9rer mes choix     J&rsquo;autorise  <\/p>\n<p><script async src=\"\/\/www.instagram.com\/embed.js\"><\/script><\/p>\n","protected":false},"excerpt":{"rendered":"Le street artiste \u00ab\u00a0Le D\u00a0\u00bb (ouestled\u00a0sur Instagram) fait parler de lui dans la ville rose. Celui qui porte&hellip;\n","protected":false},"author":2,"featured_media":365078,"comment_status":"","ping_status":"","sticky":false,"template":"","format":"standard","meta":{"footnotes":""},"categories":[2816],"tags":[1111,11,1777,674,1011,27,12,2680,25,2312],"class_list":{"0":"post-365077","1":"post","2":"type-post","3":"status-publish","4":"format-standard","5":"has-post-thumbnail","7":"category-toulouse","8":"tag-actu","9":"tag-actualites","10":"tag-eu","11":"tag-europe","12":"tag-fr","13":"tag-france","14":"tag-news","15":"tag-occitanie","16":"tag-republique-francaise","17":"tag-toulouse"},"share_on_mastodon":{"url":"https:\/\/pubeurope.com\/@fr\/115144706288415532","error":""},"_links":{"self":[{"href":"https:\/\/www.europesays.com\/fr\/wp-json\/wp\/v2\/posts\/365077","targetHints":{"allow":["GET"]}}],"collection":[{"href":"https:\/\/www.europesays.com\/fr\/wp-json\/wp\/v2\/posts"}],"about":[{"href":"https:\/\/www.europesays.com\/fr\/wp-json\/wp\/v2\/types\/post"}],"author":[{"embeddable":true,"href":"https:\/\/www.europesays.com\/fr\/wp-json\/wp\/v2\/users\/2"}],"replies":[{"embeddable":true,"href":"https:\/\/www.europesays.com\/fr\/wp-json\/wp\/v2\/comments?post=365077"}],"version-history":[{"count":0,"href":"https:\/\/www.europesays.com\/fr\/wp-json\/wp\/v2\/posts\/365077\/revisions"}],"wp:featuredmedia":[{"embeddable":true,"href":"https:\/\/www.europesays.com\/fr\/wp-json\/wp\/v2\/media\/365078"}],"wp:attachment":[{"href":"https:\/\/www.europesays.com\/fr\/wp-json\/wp\/v2\/media?parent=365077"}],"wp:term":[{"taxonomy":"category","embeddable":true,"href":"https:\/\/www.europesays.com\/fr\/wp-json\/wp\/v2\/categories?post=365077"},{"taxonomy":"post_tag","embeddable":true,"href":"https:\/\/www.europesays.com\/fr\/wp-json\/wp\/v2\/tags?post=365077"}],"curies":[{"name":"wp","href":"https:\/\/api.w.org\/{rel}","templated":true}]}}