{"id":365079,"date":"2025-09-04T06:52:09","date_gmt":"2025-09-04T06:52:09","guid":{"rendered":"https:\/\/www.europesays.com\/fr\/365079\/"},"modified":"2025-09-04T06:52:09","modified_gmt":"2025-09-04T06:52:09","slug":"les-anciens-proprietaires-juges-a-lille-ce-jeudi","status":"publish","type":"post","link":"https:\/\/www.europesays.com\/fr\/365079\/","title":{"rendered":"les anciens propri\u00e9taires jug\u00e9s \u00e0 Lille ce jeudi"},"content":{"rendered":"<p>            Par<br \/>\n        <strong><br \/>\n            <a href=\"https:\/\/actu.fr\/auteur\/redaction-lille\" title=\"Consulter tous les articles de R\u00e9daction Lille\" target=\"_blank\" rel=\"noopener\">R\u00e9daction Lille<\/a><br \/>\n        <\/strong><\/p>\n<p>        Publi\u00e9 le<\/p>\n<p>            4 sept. 2025 \u00e0 8h26        <\/p>\n<p>Les <b>deux anciens propri\u00e9taires d\u2019une panth\u00e8re noire<\/b>, \u00e9chapp\u00e9e en 2019 sur le toit d\u2019un immeuble \u00e0 <a href=\"https:\/\/actu.fr\/hauts-de-france\/armentieres_59017\" target=\"_blank\" rel=\"noopener\">Armenti\u00e8res<\/a> (Nord), comparaissent ce jeudi 4 septembre devant le tribunal correctionnel de <a href=\"https:\/\/actu.fr\/hauts-de-france\/lille_59350\" target=\"_blank\" rel=\"noopener\">Lille<\/a>, pour d\u00e9tention non autoris\u00e9e d\u2019un animal d\u2019une esp\u00e8ce non-domestique. \u00c2g\u00e9s de 41 ans, ils sont poursuivis \u00e0 la suite de <a href=\"https:\/\/actu.fr\/hauts-de-france\/armentieres_59017\/photos-video-une-panthere-noire-balade-sur-toits-armentieres_27349384.html\" target=\"_blank\" rel=\"noopener\">l\u2019\u00e9vasion rocambolesque du f\u00e9lin<\/a>, alors \u00e2g\u00e9 de quelques mois et pesant entre 25 et 30 kg. L\u2019animal s\u2019\u00e9tait en effet enfui par une fen\u00eatre de l\u2019appartement o\u00f9 vivait le couple.<\/p>\n<p>Une panth\u00e8re noire film\u00e9e sur les toits des habitations d\u2019Armenti\u00e8res en 2019<\/p>\n<p class=\" wall-content\">Des images diffus\u00e9es \u00e0 l\u2019\u00e9poque montraient<b> le f\u00e9lin d\u00e9ambulant en septembre 2019 sur le rebord d\u2019un immeuble<\/b> en briques, observant l\u2019int\u00e9rieur d\u2019un appartement ou se penchant dans le vide. Un p\u00e9rim\u00e8tre de s\u00e9curit\u00e9 avait \u00e9t\u00e9 mis en place avant que les pompiers ne parviennent \u00e0 le pi\u00e9ger \u00e0 l\u2019int\u00e9rieur d\u2019une habitation dans laquelle la panth\u00e8re venait d\u2019entrer.<\/p>\n<p class=\" wall-content\">Un v\u00e9t\u00e9rinaire sapeur-pompier, accompagn\u00e9 d\u2019un policier et d\u2019un agent de l\u2019Office national de la chasse et de la faune sauvage (ONCFS), avait alors endormi l\u2019animal \u00e0 l\u2019aide d\u2019un fusil hypodermique \u00e9quip\u00e9 de fl\u00e9chettes anesth\u00e9siantes. Aucune victime n\u2019avait \u00e9t\u00e9 d\u00e9plor\u00e9e lors de cette intervention \u00ab\u00a0hors norme\u00a0\u00bb.<\/p>\n<p class=\" wall-content\">La panth\u00e8re avait ensuite \u00e9t\u00e9 accueillie par le zoo de Maubeuge, mais quelques jours plus tard, <a href=\"https:\/\/actu.fr\/hauts-de-france\/maubeuge_59392\/la-panthere-noire-darmentieres-volee-zoo-maubeuge_27478352.html\" target=\"_blank\" rel=\"noopener\">elle y avait \u00e9t\u00e9 d\u00e9rob\u00e9e<\/a> : six points de s\u00e9curit\u00e9 de l\u2019enclos avaient \u00e9t\u00e9 forc\u00e9s, sans effraction aux entr\u00e9es principales.<\/p>\n<p>\u00ab\u00a0Je ne la voyais plus comme une panth\u00e8re. C\u2019\u00e9tait comme un gros b\u00e9b\u00e9 affectueux\u00a0\u00bb<\/p>\n<p class=\" wall-content\">\u00ab\u00a0Cette panth\u00e8re <a href=\"https:\/\/actu.fr\/hauts-de-france\/armentieres_59017\/les-proprietaires-panthere-darmentieres-sortis-garde-vue-est-lenquete_28138298.html\" target=\"_blank\" rel=\"noopener\">\u00e9tait d\u00e9tenue par des particuliers<\/a> qui n\u2019avaient pas le certificat de capacit\u00e9 pour s\u2019occuper de ce type d\u2019animal\u00a0\u00bb , a soulign\u00e9 Me Graziella Dode, l\u2019avocate de la Ligue protectrice des animaux du nord de la France, partie civile. \u00ab\u00a0Elle vivait dans des conditions inadapt\u00e9es aux besoins de son esp\u00e8ce. La d\u00e9tenir ainsi, c\u2019est participer au trafic des esp\u00e8ces\u00a0\u00bb, a-t-elle d\u00e9nonc\u00e9.<\/p>\n<p class=\" wall-content\">\u00ab\u00a0La d\u00e9tention d\u2019un animal sauvage constitue en elle-m\u00eame un acte de mauvais traitement, puisqu\u2019elle ne permet pas de satisfaire ses besoins physiologiques\u00a0\u00bb, a abond\u00e9 Me Xavier Bacquet, avocat de la Fondation 30 millions d\u2019amis, \u00e9galement partie civile.<\/p>\n<p class=\" wall-content\">\u00ab\u00a0Je ne la voyais plus comme une panth\u00e8re. C\u2019\u00e9tait comme un gros b\u00e9b\u00e9 affectueux, qui ne demandait que des c\u00e2lins\u2026\u00a0\u00bb, avait t\u00e9moign\u00e9 l\u2019ancien propri\u00e9taire aupr\u00e8s de La Voix du Nord en novembre 2019.<\/p>\n<p>Votre r\u00e9gion, votre actu !<\/p>\n<p>Recevez chaque jour les infos qui comptent pour vous.<\/p>\n<p>\t<a href=\"https:\/\/actu.fr\/newsletter\" class=\"ac-btn ac-btn--corner ac-btn--medium ac-btn--blue800\" target=\"_blank\" rel=\"noopener\">S&rsquo;incrire<\/a><\/p>\n<p class=\" wall-content\">Depuis baptis\u00e9e Akilla, la panth\u00e8re vit aujourd\u2019hui dans un sanctuaire pour f\u00e9lins aux Pays-Bas, o\u00f9 elle \u00ab\u00a0se porte tr\u00e8s bien\u00a0\u00bb selon ses soigneurs. \u00ab\u00a0Elle s\u2019amuse beaucoup, elle est joueuse et interagit bien avec la panth\u00e8se voisine \u00e0 travers le grillage\u00a0\u00bb, a indiqu\u00e9 \u00e0 l\u2019AFP Wendy Karsten du Stichting Leeuw, une fondation de protection des f\u00e9lins bas\u00e9e au nord d\u2019Amsterdam.<\/p>\n<p>    <a href=\"https:\/\/www.facebook.com\/plugins\/post.php?href=https%3A%2F%2Fwww.facebook.com%2FStichtingLeeuw%2Fposts%2Fpfbid02Uvt9vqLBeMvvz7kZAJUj8r99zu32CTo2MfT5HCNgcUPYkXHPGHqwqiXpsfJTRLmnl&amp;show_text=true&amp;width=350\" title=\"Ouvrie le lien\" target=\"_blank\" rel=\"noopener\">Cliquez ici pour visualiser le contenu<\/a><\/p>\n<p class=\" wall-content\">Pour rappel, l<a href=\"https:\/\/actu.fr\/hauts-de-france\/lille_59350\/panthere-sur-les-toits-darmentieres-en-2019-le-couple-de-proprietaires-bientot-juge-a-lille_62079897.html\" target=\"_blank\" rel=\"noopener\">e couple devait \u00eatre jug\u00e9 en janvier dernier<\/a>, mais l\u2019audience avait \u00e9t\u00e9 report\u00e9e en raison de l\u2019absence de l\u2019homme, alors retenu par une garde \u00e0 vue \u00e0 ce moment-l\u00e0.<\/p>\n<p class=\" wall-content\"><b>Avec AFP<\/b><\/p>\n<p class=\" wall-content\">Personnalisez votre actualit\u00e9 en ajoutant vos villes et m\u00e9dias en favori avec <a href=\"https:\/\/moncompte.actu.fr\" title=\"D\u00e9couvez Mon Actu\" rel=\"nofollow noopener\" data-trk=\"{&quot;cta&quot;:{&quot;action&quot;:&quot;https:\\\/\\\/moncompte.actu.fr&quot;,&quot;category&quot;:&quot;mon compte&quot;,&quot;from&quot;:&quot;article footer&quot;,&quot;name&quot;:&quot;Mon actu&quot;,&quot;type&quot;:&quot;cta&quot;}}\" target=\"_blank\">Mon Actu<\/a>.<\/p>\n","protected":false},"excerpt":{"rendered":"Par R\u00e9daction Lille Publi\u00e9 le 4 sept. 2025 \u00e0 8h26 Les deux anciens propri\u00e9taires d\u2019une panth\u00e8re noire, \u00e9chapp\u00e9e&hellip;\n","protected":false},"author":2,"featured_media":365080,"comment_status":"","ping_status":"","sticky":false,"template":"","format":"standard","meta":{"footnotes":""},"categories":[2815],"tags":[1111,11,1867,1777,674,118,1011,27,811,303,1307,12,25],"class_list":{"0":"post-365079","1":"post","2":"type-post","3":"status-publish","4":"format-standard","5":"has-post-thumbnail","7":"category-lille","8":"tag-actu","9":"tag-actualites","10":"tag-animaux","11":"tag-eu","12":"tag-europe","13":"tag-faits-divers","14":"tag-fr","15":"tag-france","16":"tag-hauts-de-france","17":"tag-justice","18":"tag-lille","19":"tag-news","20":"tag-republique-francaise"},"share_on_mastodon":{"url":"https:\/\/pubeurope.com\/@fr\/115144710130772723","error":""},"_links":{"self":[{"href":"https:\/\/www.europesays.com\/fr\/wp-json\/wp\/v2\/posts\/365079","targetHints":{"allow":["GET"]}}],"collection":[{"href":"https:\/\/www.europesays.com\/fr\/wp-json\/wp\/v2\/posts"}],"about":[{"href":"https:\/\/www.europesays.com\/fr\/wp-json\/wp\/v2\/types\/post"}],"author":[{"embeddable":true,"href":"https:\/\/www.europesays.com\/fr\/wp-json\/wp\/v2\/users\/2"}],"replies":[{"embeddable":true,"href":"https:\/\/www.europesays.com\/fr\/wp-json\/wp\/v2\/comments?post=365079"}],"version-history":[{"count":0,"href":"https:\/\/www.europesays.com\/fr\/wp-json\/wp\/v2\/posts\/365079\/revisions"}],"wp:featuredmedia":[{"embeddable":true,"href":"https:\/\/www.europesays.com\/fr\/wp-json\/wp\/v2\/media\/365080"}],"wp:attachment":[{"href":"https:\/\/www.europesays.com\/fr\/wp-json\/wp\/v2\/media?parent=365079"}],"wp:term":[{"taxonomy":"category","embeddable":true,"href":"https:\/\/www.europesays.com\/fr\/wp-json\/wp\/v2\/categories?post=365079"},{"taxonomy":"post_tag","embeddable":true,"href":"https:\/\/www.europesays.com\/fr\/wp-json\/wp\/v2\/tags?post=365079"}],"curies":[{"name":"wp","href":"https:\/\/api.w.org\/{rel}","templated":true}]}}