{"id":365085,"date":"2025-09-04T06:55:10","date_gmt":"2025-09-04T06:55:10","guid":{"rendered":"https:\/\/www.europesays.com\/fr\/365085\/"},"modified":"2025-09-04T06:55:10","modified_gmt":"2025-09-04T06:55:10","slug":"la-tunisie-denonce-le-meurtre-injustifie-de-lassaillant","status":"publish","type":"post","link":"https:\/\/www.europesays.com\/fr\/365085\/","title":{"rendered":"la Tunisie d\u00e9nonce le \u00ab\u00a0meurtre injustifi\u00e9\u00a0\u00bb de l&rsquo;assaillant"},"content":{"rendered":"<p>            Par<br \/>\n        <strong><br \/>\n            <a href=\"https:\/\/actu.fr\/auteur\/fabien-binacchi\" title=\"Consulter tous les articles de Fabien Binacchi\" rel=\"nofollow noopener\" target=\"_blank\">Fabien Binacchi<\/a><br \/>\n        <\/strong><\/p>\n<p>        Publi\u00e9 le<\/p>\n<p>            4 sept. 2025 \u00e0 8h34        <\/p>\n<p>La mort d\u2019un de ses ressortissants, abattu par la police \u00e0 <a href=\"https:\/\/actu.fr\/marseille\/\" rel=\"nofollow noopener\" target=\"_blank\">Marseille<\/a>, le mardi 2\u00a0septembre, apr\u00e8s <a href=\"https:\/\/actu.fr\/provence-alpes-cote-d-azur\/marseille_13055\/attaque-au-couteau-a-marseile-un-homme-fait-cinq-blesses-en-plein-centre-ville-dont-un-en-urgence-absolue_63106317.html\" rel=\"nofollow noopener\" target=\"_blank\">l\u2019attaque au couteau qui a fait cinq bless\u00e9s,<\/a> est <strong>un \u00ab\u2009assassinat\u2009\u00bb, un \u00ab\u2009meurtre injustifi\u00e9\u2009\u00bb,<\/strong> a d\u00e9nonc\u00e9 la Tunisie ce mercredi 3\u00a0septembre.<\/p>\n<p class=\" wall-content\">Le minist\u00e8re des Affaires \u00e9trang\u00e8res du pays a \u00e9galement annonc\u00e9 dans un communiqu\u00e9 avoir convoqu\u00e9 le charg\u00e9 d\u2019affaires par int\u00e9rim de l\u2019ambassade de France \u00e0 Tunis pour lui faire part de <strong>sa \u00ab\u2009protestation tr\u00e8s ferme\u2009\u00bb.<\/strong><\/p>\n<p>\u00ab\u2009La d\u00e9termination des responsabilit\u00e9s\u2009\u00bb<\/p>\n<p class=\" wall-content\">Ce mardi 2\u00a0septembre 2025, en d\u00e9but d\u2019apr\u00e8s-midi, Abdelkader Dhibi, un Tunisien de 35\u00a0ans en situation r\u00e9guli\u00e8re en France, a \u00e9t\u00e9 \u00ab\u2009neutralis\u00e9\u2009\u00bb par des tirs policiers, mettant un terme \u00e0 un \u00ab\u2009p\u00e9riple meurtrier\u2009\u00bb dans le centre-ville de Marseille, selon les propos du procureur de la ville Nicolas Bessone. <strong>En 11\u00a0minutes, cinq personnes avaient \u00e9t\u00e9 bless\u00e9es,<\/strong> trois \u00e0 l\u2019arme blanche, dont une tr\u00e8s gri\u00e8vement, et deux avec une matraque.<\/p>\n<p class=\" wall-content\">\u00ab\u2009La Tunisie consid\u00e8re cet incident comme un meurtre injustifi\u00e9 et attend de la partie fran\u00e7aise <strong>toute la rigueur et la c\u00e9l\u00e9rit\u00e9 n\u00e9cessaires dans l\u2019enqu\u00eate<\/strong> ainsi que dans la d\u00e9termination des responsabilit\u00e9s\u2009\u00bb, \u00e9crit le minist\u00e8re des Affaires \u00e9trang\u00e8res tunisien.<\/p>\n<p>    <a href=\"https:\/\/www.facebook.com\/plugins\/post.php?href=https%3A%2F%2Fwww.facebook.com%2FTunisieDiplo%2Fposts%2Fpfbid0FH12gWeXUBwmBvuuGAtfCV3CYkt8HuCwPtkQxx2FFNghGNuvpyVx6fzWVq5ytTLHl&amp;show_text=true&amp;width=350\" title=\"Ouvrie le lien\" rel=\"nofollow noopener\" target=\"_blank\">Cliquez ici pour visualiser le contenu<\/a><\/p>\n<p class=\" wall-content\">Le responsable de l\u2019Ambassade de France en Tunisie a \u00e9t\u00e9 convoqu\u00e9 \u00ab\u2009afin de lui exprimer une protestation tr\u00e8s ferme concernant l\u2019homicide commis par des membres de la police fran\u00e7aise\u2009\u00bb, est-il \u00e9galement pr\u00e9cis\u00e9, le communiqu\u00e9 \u00e9voquant d\u2019abord un \u00ab\u2009assassinat\u2009\u00bb.<\/p>\n<p>\u00ab\u2009La l\u00e9gitime d\u00e9fense tr\u00e8s fortement envisag\u00e9e\u2009\u00bb<\/p>\n<p class=\" wall-content\">Dans le cadre de <strong>l\u2019enqu\u00eate de l\u2019IGPN,<\/strong> lanc\u00e9e imm\u00e9diatement apr\u00e8s les faits, \u00ab\u2009un usage des armes dans le cadre d\u2019une l\u00e9gitime d\u00e9fense est tr\u00e8s tr\u00e8s tr\u00e8s fortement envisag\u00e9\u2009\u00bb, a insist\u00e9 la procureur de la R\u00e9publique de Marseille, <a href=\"https:\/\/actu.fr\/provence-alpes-cote-d-azur\/marseille_13055\/attaque-au-couteau-a-marseille-le-parcours-d-errance-d-abdelkader-d-l-assaillant-deja-condamne_63111561.html\" rel=\"nofollow noopener\" target=\"_blank\">mercredi soir, devant la presse.<\/a><\/p>\n<p>Votre r\u00e9gion, votre actu !<\/p>\n<p>Recevez chaque jour les infos qui comptent pour vous.<\/p>\n<p>\t<a href=\"https:\/\/actu.fr\/newsletter\" class=\"ac-btn ac-btn--corner ac-btn--medium ac-btn--blue800\" rel=\"nofollow noopener\" target=\"_blank\">S&rsquo;incrire<\/a><\/p>\n<p class=\" wall-content\">Selon les images saisies, notamment celles d\u2019une cam\u00e9ra pi\u00e9ton activ\u00e9e par un des policiers, l\u2019assaillant, arm\u00e9 d\u2019au moins un couteau et tenue en joue, <strong>fait un pas en arri\u00e8re puis se relance en avant.<\/strong> Il est alors touch\u00e9 par cinq balles et sera d\u00e9clar\u00e9 d\u00e9c\u00e9d\u00e9 apr\u00e8s \u00ab\u2009plus de 30\u00a0minutes de r\u00e9animation\u2009\u00bb, selon le procureur. Nicolas Bessone a aussi pr\u00e9cis\u00e9 qu\u2019Abdelkader Dibi avait <strong>\u00ab\u2009cri\u00e9 \u2018Allahou akbar\u2019face aux policiers\u2009\u00bb<\/strong> \u00e0 ce moment-l\u00e0, sur la terrasse d\u2019un snack du cours Belsunce (1er arrondissement de Marseille),<\/p>\n<p>\u00ab\u2009Pas radicalis\u00e9 mais souffrant de troubles psychiatriques\u2009\u00bb<\/p>\n<p class=\" wall-content\">D\u2019apr\u00e8s le magistrat, le Tunisien \u00ab\u2009n\u2019apparaissait pas radicalis\u00e9 mais souffrait de troubles psychiatriques\u2009\u00bb. Il \u00e9tait <strong>connu pour \u00ab\u2009sa violence et ses probl\u00e8mes d\u2019addiction \u00e0 la fois \u00e0 la coca\u00efne et \u00e0 l\u2019alcool\u2009\u00bb<\/strong>, a-t-il pr\u00e9cis\u00e9. Il avait notamment \u00e9t\u00e9 condamn\u00e9 \u00e0 La\u00a0Rochelle pour des violences, en 2023 sur un neveu, qu\u2019il avait \u00e9galement poignard\u00e9.<\/p>\n<p class=\" wall-content\">Selon les \u00e9l\u00e9ments rapport\u00e9s par le procureur, le \u00ab\u2009p\u00e9riple criminel\u2009\u00bb d\u2019Abdelkader Dhibi a commenc\u00e9 apr\u00e8s son expulsion d\u2019un h\u00f4tel pour d\u00e9faut de paiement. Il est retourn\u00e9 dans l\u2019\u00e9tablissement pour <strong>poignarder son ancien voisin de chambre, le r\u00e9ceptionniste et le fils du g\u00e9rant<\/strong> avant d\u2019entamer une errance mena\u00e7ante dans les rues du centre-ville de Marseille o\u00f9 il a bless\u00e9 deux autres personnes avec une barre de fer avant d\u2019\u00eatre abattu.<\/p>\n<p class=\" wall-content\">\u00ab\u2009Monsieur le Pr\u00e9sident de la R\u00e9publique a donn\u00e9 ses instructions \u00e0 l\u2019Ambassadeur de Tunisie \u00e0 Paris [\u2026] de prendre les mesures n\u00e9cessaires, en coordination avec notre Consulat G\u00e9n\u00e9ral \u00e0 Marseille, pour <strong>acc\u00e9l\u00e9rer le rapatriement de la d\u00e9pouille<\/strong> du d\u00e9funt vers la Tunisie dans les plus brefs d\u00e9lais\u2009\u00bb, a \u00e9galement fait savoir le pays.<\/p>\n<p class=\" wall-content\">Personnalisez votre actualit\u00e9 en ajoutant vos villes et m\u00e9dias en favori avec <a href=\"https:\/\/moncompte.actu.fr\" title=\"D\u00e9couvez Mon Actu\" rel=\"nofollow noopener\" data-trk=\"{&quot;cta&quot;:{&quot;action&quot;:&quot;https:\\\/\\\/moncompte.actu.fr&quot;,&quot;category&quot;:&quot;mon compte&quot;,&quot;from&quot;:&quot;article footer&quot;,&quot;name&quot;:&quot;Mon actu&quot;,&quot;type&quot;:&quot;cta&quot;}}\" target=\"_blank\">Mon Actu<\/a>.<\/p>\n","protected":false},"excerpt":{"rendered":"Par Fabien Binacchi Publi\u00e9 le 4 sept. 2025 \u00e0 8h34 La mort d\u2019un de ses ressortissants, abattu par&hellip;\n","protected":false},"author":2,"featured_media":365086,"comment_status":"","ping_status":"","sticky":false,"template":"","format":"standard","meta":{"footnotes":""},"categories":[2814],"tags":[1111,11,1777,674,1011,27,884,12,1072,882,25,104],"class_list":{"0":"post-365085","1":"post","2":"type-post","3":"status-publish","4":"format-standard","5":"has-post-thumbnail","7":"category-marseille","8":"tag-actu","9":"tag-actualites","10":"tag-eu","11":"tag-europe","12":"tag-fr","13":"tag-france","14":"tag-marseille","15":"tag-news","16":"tag-police","17":"tag-provence-alpes-cote-dazur","18":"tag-republique-francaise","19":"tag-societe"},"share_on_mastodon":{"url":"https:\/\/pubeurope.com\/@fr\/115144721979947147","error":""},"_links":{"self":[{"href":"https:\/\/www.europesays.com\/fr\/wp-json\/wp\/v2\/posts\/365085","targetHints":{"allow":["GET"]}}],"collection":[{"href":"https:\/\/www.europesays.com\/fr\/wp-json\/wp\/v2\/posts"}],"about":[{"href":"https:\/\/www.europesays.com\/fr\/wp-json\/wp\/v2\/types\/post"}],"author":[{"embeddable":true,"href":"https:\/\/www.europesays.com\/fr\/wp-json\/wp\/v2\/users\/2"}],"replies":[{"embeddable":true,"href":"https:\/\/www.europesays.com\/fr\/wp-json\/wp\/v2\/comments?post=365085"}],"version-history":[{"count":0,"href":"https:\/\/www.europesays.com\/fr\/wp-json\/wp\/v2\/posts\/365085\/revisions"}],"wp:featuredmedia":[{"embeddable":true,"href":"https:\/\/www.europesays.com\/fr\/wp-json\/wp\/v2\/media\/365086"}],"wp:attachment":[{"href":"https:\/\/www.europesays.com\/fr\/wp-json\/wp\/v2\/media?parent=365085"}],"wp:term":[{"taxonomy":"category","embeddable":true,"href":"https:\/\/www.europesays.com\/fr\/wp-json\/wp\/v2\/categories?post=365085"},{"taxonomy":"post_tag","embeddable":true,"href":"https:\/\/www.europesays.com\/fr\/wp-json\/wp\/v2\/tags?post=365085"}],"curies":[{"name":"wp","href":"https:\/\/api.w.org\/{rel}","templated":true}]}}