{"id":365087,"date":"2025-09-04T06:56:10","date_gmt":"2025-09-04T06:56:10","guid":{"rendered":"https:\/\/www.europesays.com\/fr\/365087\/"},"modified":"2025-09-04T06:56:10","modified_gmt":"2025-09-04T06:56:10","slug":"les-confidences-de-la-romanciere-coline-gatel-en-septembre-chez-lyon-femmes","status":"publish","type":"post","link":"https:\/\/www.europesays.com\/fr\/365087\/","title":{"rendered":"Les confidences de la romanci\u00e8re Coline Gatel en septembre chez Lyon Femmes"},"content":{"rendered":"<p itemprop=\"description\"><strong>Notre suppl\u00e9ment de septembre \u00e0 retrouver dans le magazine LyonMag sort dans les kiosques ce jeudi.<\/strong><\/p>\n<p>Apr\u00e8s avoir publi\u00e9 ses deux premiers polars en Livre de Poche et les avoir pr\u00e9sent\u00e9s au festival Quais du Polar (Les Supplici\u00e9es du Rh\u00f4ne et Le Labyrinthe des Femmes), <strong>Coline Gatel<\/strong> se lance un d\u00e9fi de taille : sortir son dernier opus, Le Sang des G\u00e9nies, en auto\u00e9dition. Entretien avec l\u2019autrice native de la r\u00e9gion Auvergne-Rh\u00f4ne-Alpes, pour qui le d\u00e9but de la police scientifique n\u2019a plus de secret.<\/p>\n<p>Au sommaire \u00e9galement de votre suppl\u00e9ment Lyon Femmes de septembre :<\/p>\n<p>Notre shopping : 6 <strong>sacs<\/strong> incontournables pour la rentr\u00e9e<\/p>\n<p>Le look du mois : adoptez les pi\u00e8ces imag\u00e9es de <strong>Leonor Roversi<\/strong><\/p>\n<p>Soci\u00e9t\u00e9 : la <strong>premi\u00e8re plateforme de livraison de repas pour chiens<\/strong> imagin\u00e9e par une Lyonnaise<\/p>\n<p>La recette du mois : le <strong>cookie<\/strong> parfait, croustillant et fondant<\/p>\n<p>On a test\u00e9 : le <strong>Beaujolais \u00e0 v\u00e9lo<\/strong><\/p>\n<p>Notre num\u00e9ro est \u00e9galement disponible \u00e0 la vente en ligne, sur le site de notre partenaire <a href=\"https:\/\/www.viapresse.com\/abonnement-magazine-lyonmag.html#last_issues_info\" target=\"_blank\" rel=\"noopener\">Via Presse<\/a><\/p>\n<p><img loading=\"lazy\" decoding=\"async\" style=\"display: block; margin-left: auto; margin-right: auto;\" src=\"https:\/\/www.europesays.com\/fr\/wp-content\/uploads\/2025\/09\/une-lf-septembre-8986.png\" alt=\"\" width=\"500\" height=\"649\"\/><\/p>\n","protected":false},"excerpt":{"rendered":"Notre suppl\u00e9ment de septembre \u00e0 retrouver dans le magazine LyonMag sort dans les kiosques ce jeudi. Apr\u00e8s avoir&hellip;\n","protected":false},"author":2,"featured_media":365088,"comment_status":"","ping_status":"","sticky":false,"template":"","format":"standard","meta":{"footnotes":""},"categories":[1889],"tags":[1111,11,2813,2190,2430,1109,251,1112,2811,1777,674,118,1294,4651,1011,27,1922,1110,1114,2428,4903,4902,12,241,316,25,2812,517,800],"class_list":{"0":"post-365087","1":"post","2":"type-post","3":"status-publish","4":"format-standard","5":"has-post-thumbnail","7":"category-lyon","8":"tag-actu","9":"tag-actualites","10":"tag-article","11":"tag-asvel","12":"tag-auvergne-rhone-alpes","13":"tag-breves","14":"tag-culture","15":"tag-depeches","16":"tag-economique","17":"tag-eu","18":"tag-europe","19":"tag-faits-divers","20":"tag-femme","21":"tag-femmes","22":"tag-fr","23":"tag-france","24":"tag-info","25":"tag-informations","26":"tag-infos","27":"tag-lyon","28":"tag-lyonfemme","29":"tag-lyonfemmes","30":"tag-news","31":"tag-ol","32":"tag-politique","33":"tag-republique-francaise","34":"tag-sociale","35":"tag-sport","36":"tag-transports"},"share_on_mastodon":{"url":"https:\/\/pubeurope.com\/@fr\/115144726320128443","error":""},"_links":{"self":[{"href":"https:\/\/www.europesays.com\/fr\/wp-json\/wp\/v2\/posts\/365087","targetHints":{"allow":["GET"]}}],"collection":[{"href":"https:\/\/www.europesays.com\/fr\/wp-json\/wp\/v2\/posts"}],"about":[{"href":"https:\/\/www.europesays.com\/fr\/wp-json\/wp\/v2\/types\/post"}],"author":[{"embeddable":true,"href":"https:\/\/www.europesays.com\/fr\/wp-json\/wp\/v2\/users\/2"}],"replies":[{"embeddable":true,"href":"https:\/\/www.europesays.com\/fr\/wp-json\/wp\/v2\/comments?post=365087"}],"version-history":[{"count":0,"href":"https:\/\/www.europesays.com\/fr\/wp-json\/wp\/v2\/posts\/365087\/revisions"}],"wp:featuredmedia":[{"embeddable":true,"href":"https:\/\/www.europesays.com\/fr\/wp-json\/wp\/v2\/media\/365088"}],"wp:attachment":[{"href":"https:\/\/www.europesays.com\/fr\/wp-json\/wp\/v2\/media?parent=365087"}],"wp:term":[{"taxonomy":"category","embeddable":true,"href":"https:\/\/www.europesays.com\/fr\/wp-json\/wp\/v2\/categories?post=365087"},{"taxonomy":"post_tag","embeddable":true,"href":"https:\/\/www.europesays.com\/fr\/wp-json\/wp\/v2\/tags?post=365087"}],"curies":[{"name":"wp","href":"https:\/\/api.w.org\/{rel}","templated":true}]}}